{"id":9031,"date":"2023-03-22T10:02:23","date_gmt":"2023-03-22T10:02:23","guid":{"rendered":"https:\/\/dekkbi.com\/?p=9031"},"modified":"2023-03-22T10:02:25","modified_gmt":"2023-03-22T10:02:25","slug":"abdou-karim-fofana-sur-levacuation-de-sonko-le-medecin-qui-a-etabli-le-certificat-medical-est-un-militant-de-pastef","status":"publish","type":"post","link":"https:\/\/dekkbi.com\/?p=9031","title":{"rendered":"Abdou Karim Fofana sur l\u2019\u00e9vacuation de Sonko : \u00ab Le m\u00e9decin qui a \u00e9tabli le certificat m\u00e9dical est un militant de Pastef \u00bb"},"content":{"rendered":"\n<h3 class=\"wp-block-heading\">Le ministre Abdou Karim Fofana est on ne peut plus clair sur l\u2019\u00e9vacuation de Ousmane Sonko en France exig\u00e9e par les responsables de son parti, Pastef-Les Patriotes. \u00ab Le m\u00e9decin qui a \u00e9tabli le certificat m\u00e9dical est un militant de Pastef \u00bb<\/h3>\n\n\n\n<p>Ousmane Sonko, le leader du parti Pastef et chef de l\u2019opposition s\u00e9n\u00e9galaise, a \u00e9t\u00e9 hospitalis\u00e9 jeudi 16 mars au soir apr\u00e8s une altercation avec les forces de l\u2019ordre.<\/p>\n\n\n\n<p>\u00ab Depuis que les FDS m\u2019ont d\u00e9pos\u00e9 chez moi, je suis sujet \u00e0 de terribles vertiges, je souffre de douleurs au bas ventre et j\u2019\u00e9prouve des difficult\u00e9s respiratoires \u00bb, s\u2019est-il expliqu\u00e9.<\/p>\n\n\n\n<p>Apr\u00e8s les responsables de son parti et des membres de la soci\u00e9t\u00e9 civile, qui se sont exprim\u00e9s en faveur de son \u00e9vacuation \u00e0 l\u2019\u00e9tranger, car \u00e9tant mal en point, le porte-parole du Gouvernement, Abdou Karim Fofana a aussi r\u00e9agi au sujet de cette nouvelle du bulletin de sant\u00e9 du maire de Ziguinchor.<\/p>\n\n\n\n<p>\u00ab Nous entendons beaucoup parler d\u2019\u00e9vacuation sanitaire. Je rappelle que l\u2019\u00e9vacuation sanitaire au S\u00e9n\u00e9gal pour des personnes qui sont sous contr\u00f4le judiciaire est r\u00e9glement\u00e9e. \u00bb<\/p>\n\n\n\n<p>\u00ab Vous ne pouvez pas aller chez un m\u00e9decin militant qui tient une clinique et qui indique qu\u2019il ne re\u00e7oit que des militants d\u2019un parti politique pour vous faire une attestation ou un certificat m\u00e9dical qui vous permet d\u2019\u00eatre \u00e9vacu\u00e9 sanitairement. Je pense qu\u2019il faudrait qu\u2019on soit s\u00e9rieux \u00bb.<\/p>\n\n\n\n<p><br>Le Grand Panel<\/p>\n","protected":false},"excerpt":{"rendered":"<p>Le ministre Abdou Karim Fofana est on ne peut plus clair sur l\u2019\u00e9vacuation de Ousmane Sonko en France exig\u00e9e par<\/p>\n","protected":false},"author":1,"featured_media":9032,"comment_status":"open","ping_status":"open","sticky":false,"template":"","format":"standard","meta":{"footnotes":""},"categories":[21],"tags":[],"class_list":["post-9031","post","type-post","status-publish","format-standard","has-post-thumbnail","hentry","category-societe"],"_links":{"self":[{"href":"https:\/\/dekkbi.com\/index.php?rest_route=\/wp\/v2\/posts\/9031","targetHints":{"allow":["GET"]}}],"collection":[{"href":"https:\/\/dekkbi.com\/index.php?rest_route=\/wp\/v2\/posts"}],"about":[{"href":"https:\/\/dekkbi.com\/index.php?rest_route=\/wp\/v2\/types\/post"}],"author":[{"embeddable":true,"href":"https:\/\/dekkbi.com\/index.php?rest_route=\/wp\/v2\/users\/1"}],"replies":[{"embeddable":true,"href":"https:\/\/dekkbi.com\/index.php?rest_route=%2Fwp%2Fv2%2Fcomments&post=9031"}],"version-history":[{"count":1,"href":"https:\/\/dekkbi.com\/index.php?rest_route=\/wp\/v2\/posts\/9031\/revisions"}],"predecessor-version":[{"id":9033,"href":"https:\/\/dekkbi.com\/index.php?rest_route=\/wp\/v2\/posts\/9031\/revisions\/9033"}],"wp:featuredmedia":[{"embeddable":true,"href":"https:\/\/dekkbi.com\/index.php?rest_route=\/wp\/v2\/media\/9032"}],"wp:attachment":[{"href":"https:\/\/dekkbi.com\/index.php?rest_route=%2Fwp%2Fv2%2Fmedia&parent=9031"}],"wp:term":[{"taxonomy":"category","embeddable":true,"href":"https:\/\/dekkbi.com\/index.php?rest_route=%2Fwp%2Fv2%2Fcategories&post=9031"},{"taxonomy":"post_tag","embeddable":true,"href":"https:\/\/dekkbi.com\/index.php?rest_route=%2Fwp%2Fv2%2Ftags&post=9031"}],"curies":[{"name":"wp","href":"https:\/\/api.w.org\/{rel}","templated":true}]}}