{"id":9022,"date":"2023-03-22T09:50:41","date_gmt":"2023-03-22T09:50:41","guid":{"rendered":"https:\/\/dekkbi.com\/?p=9022"},"modified":"2023-03-22T09:50:42","modified_gmt":"2023-03-22T09:50:42","slug":"matam-inauguration-des-locaux-de-la-radio-matam","status":"publish","type":"post","link":"https:\/\/dekkbi.com\/?p=9022","title":{"rendered":"Matam : inauguration des locaux de la Radio Matam"},"content":{"rendered":"\n<p>Matam, (APS) &#8211; Le ministre de la Communication, des T\u00e9l\u00e9communications et de l\u2019Economie num\u00e9rique, Moussa Bocar Thiam, a inaugur\u00e9, mardi, les nouveaux locaux de la station r\u00e9gionale de Radio S\u00e9n\u00e9gal \u00e0 Matam (Radio Matam), a constat\u00e9 l\u2019APS.<\/p>\n\n\n\n<p>M. Thiam a proc\u00e9d\u00e9 \u00e0 cette inauguration en compagnie du directeur g\u00e9n\u00e9ral de la Radiodiffusion T\u00e9l\u00e9vision s\u00e9n\u00e9galaise (RTS), Racine Talla, et du gouverneur de la r\u00e9gion de Matam, Mouhamadou Moctar Watt.<\/p>\n\n\n\n<p>Cette radio, dont les programmes ont d\u00e9marr\u00e9 en 2005, a fait peau neuve avec une nouvelle salle de r\u00e9daction et deux nouveaux studios d\u00e9di\u00e9s respectivement \u00e0 la production et \u00e0 la diffusion.<\/p>\n\n\n\n<p>\u2018\u2019Ce projet a \u00e9t\u00e9 une r\u00e9ussite gr\u00e2ce \u00e0 la dynamique d\u2019une \u00e9quipe et [permet] de rendre visible tout ce qui se fait dans la r\u00e9gion de Matam\u2019\u2019, s&rsquo;est r\u00e9joui le directeur g\u00e9n\u00e9ral de la RTS, Racine Talla.<\/p>\n\n\n\n<p>Le ministre de la Communication, Moussa Bocar Thiam, a rappel\u00e9 que la RTS &lsquo;\u2019est un vecteur principal de la diversit\u00e9 sur tous les plans, a travers l\u2019usage des langues nationales\u2019\u2019.<\/p>\n\n\n\n<figure class=\"wp-block-image size-full\"><img loading=\"lazy\" decoding=\"async\" width=\"700\" height=\"400\" src=\"https:\/\/dekkbi.com\/wp-content\/uploads\/2023\/03\/image-1.jpeg\" alt=\"\" class=\"wp-image-9023\" srcset=\"https:\/\/dekkbi.com\/wp-content\/uploads\/2023\/03\/image-1.jpeg 700w, https:\/\/dekkbi.com\/wp-content\/uploads\/2023\/03\/image-1-300x171.jpeg 300w\" sizes=\"auto, (max-width: 700px) 100vw, 700px\" \/><\/figure>\n\n\n\n<p>\u2018\u2019La RTS a fait de sorte que tout ce qui fait dans la r\u00e9gion de Matam soit connu de tous et rendu visible. La RTS Matam est une ambition qui a pris forme \u00e0 la suite d\u2019autres r\u00e9gions du S\u00e9n\u00e9gal\u2019\u2019, a poursuivi le ministre.&nbsp;<\/p>\n\n\n\n<p>Le maire de la commune de Ourossogui ajoute qu&rsquo;elle a jou\u00e9 \u2018\u2019un r\u00f4le capital dans le renforcement de l\u2019\u00e9quit\u00e9 territoriale\u2019\u2019.&nbsp;<\/p>\n\n\n\n<p>Cette c\u00e9r\u00e9monie s\u2019est tenue en pr\u00e9sence de nombreuses personnalit\u00e9s, dont le maire de la commune de Bokidiaw\u00e9, Kalidou Wagu\u00e9, le directeur de la Soci\u00e9t\u00e9 nationale-Agence de presse s\u00e9n\u00e9galaise (SN-APS), Thierno Ahmadou Sy, le d\u00e9put\u00e9 maire des Agnams, Farba Ngom et un repr\u00e9sentant du maire de la commune de Matam.<\/p>\n\n\n\n<p>AT\/ASG<\/p>\n","protected":false},"excerpt":{"rendered":"<p>Matam, (APS) &#8211; Le ministre de la Communication, des T\u00e9l\u00e9communications et de l\u2019Economie num\u00e9rique, Moussa Bocar Thiam, a inaugur\u00e9, mardi,<\/p>\n","protected":false},"author":1,"featured_media":9024,"comment_status":"open","ping_status":"open","sticky":false,"template":"","format":"standard","meta":{"footnotes":""},"categories":[46],"tags":[],"class_list":["post-9022","post","type-post","status-publish","format-standard","has-post-thumbnail","hentry","category-technology"],"_links":{"self":[{"href":"https:\/\/dekkbi.com\/index.php?rest_route=\/wp\/v2\/posts\/9022","targetHints":{"allow":["GET"]}}],"collection":[{"href":"https:\/\/dekkbi.com\/index.php?rest_route=\/wp\/v2\/posts"}],"about":[{"href":"https:\/\/dekkbi.com\/index.php?rest_route=\/wp\/v2\/types\/post"}],"author":[{"embeddable":true,"href":"https:\/\/dekkbi.com\/index.php?rest_route=\/wp\/v2\/users\/1"}],"replies":[{"embeddable":true,"href":"https:\/\/dekkbi.com\/index.php?rest_route=%2Fwp%2Fv2%2Fcomments&post=9022"}],"version-history":[{"count":1,"href":"https:\/\/dekkbi.com\/index.php?rest_route=\/wp\/v2\/posts\/9022\/revisions"}],"predecessor-version":[{"id":9025,"href":"https:\/\/dekkbi.com\/index.php?rest_route=\/wp\/v2\/posts\/9022\/revisions\/9025"}],"wp:featuredmedia":[{"embeddable":true,"href":"https:\/\/dekkbi.com\/index.php?rest_route=\/wp\/v2\/media\/9024"}],"wp:attachment":[{"href":"https:\/\/dekkbi.com\/index.php?rest_route=%2Fwp%2Fv2%2Fmedia&parent=9022"}],"wp:term":[{"taxonomy":"category","embeddable":true,"href":"https:\/\/dekkbi.com\/index.php?rest_route=%2Fwp%2Fv2%2Fcategories&post=9022"},{"taxonomy":"post_tag","embeddable":true,"href":"https:\/\/dekkbi.com\/index.php?rest_route=%2Fwp%2Fv2%2Ftags&post=9022"}],"curies":[{"name":"wp","href":"https:\/\/api.w.org\/{rel}","templated":true}]}}