{"id":9019,"date":"2023-03-22T09:45:52","date_gmt":"2023-03-22T09:45:52","guid":{"rendered":"https:\/\/dekkbi.com\/?p=9019"},"modified":"2023-03-22T09:45:53","modified_gmt":"2023-03-22T09:45:53","slug":"apres-une-assemblee-generale-la-cojecar-met-fin-au-mandat-de-son-coordonnateur-national","status":"publish","type":"post","link":"https:\/\/dekkbi.com\/?p=9019","title":{"rendered":"Apr\u00e8s une assembl\u00e9e g\u00e9n\u00e9rale : La Cojecar met fin au mandat de son coordonnateur national"},"content":{"rendered":"\n<h3 class=\"wp-block-heading\">La Convergence des Jeunes Cadres R\u00e9publicains (Cojecar) s\u2019est prononc\u00e9e sur la l\u00e9thargie end\u00e9mique dans laquelle, elle s&rsquo;enlise depuis quelques mois. Cette branche jeune de l\u2019Alliance pour la R\u00e9publique, en assembl\u00e9e g\u00e9n\u00e9rale, regrette le fait que leur entit\u00e9 politique n&rsquo;arrive plus \u00e0 coordonner la plus petite action de communication.<\/h3>\n\n\n\n<p>Le mutisme grave et l\u2019inactivit\u00e9 du coordonnateur de la Cojecar, ont \u00e9t\u00e9 d\u00e9nonc\u00e9es. Les camarades d\u2019Oumar Dieng, vice-coordonnateur, regrettent un pilotage \u00e0 vue et une absence d&rsquo;activit\u00e9s de leur coordonnateur, dont l\u2019attitude leur leader plombe les \u00e9nergies essentielles de la vie de la Cojecar. Ainsi, ils \u00e9voquent le non respect des engagements du coordonnateur d\u00e9sign\u00e9 par consensus depuis 2019 et l&rsquo;absence totale de moyens et de soutien du parti.<\/p>\n\n\n\n<p>D\u2019apr\u00e8s Oumar Dieng, vu la situation politique actuelle du pays, o\u00f9 la Coalition Benno Bokk Yakaar a le plus besoin d&rsquo;actions, de communication et d&rsquo;animation politique, la Cojecar ne peut pas rester aphone et inexistante par rapport aux autres structures du parti.<\/p>\n\n\n\n<p>La Convergence des jeunes cadres r\u00e9publicains doit sortir de sa torpeur et se remettre au service exclusif de la politique publique du Pr\u00e9sident Macky Sall afin de garantir le pari de la massification pour une \u00e9clatante victoire au soir de l\u2019\u00e9lection pr\u00e9sidentielle de f\u00e9vrier 2024. Dans pareille situation, rel\u00e8ve-t-il, il est urgent de r\u00e9organiser sans d\u00e9lai, l&rsquo;ensemble des instances de la Cojecar.<\/p>\n\n\n\n<p>D\u2019apr\u00e8s toutes ces consid\u00e9rations, l&rsquo;assembl\u00e9e g\u00e9n\u00e9rale de cette entit\u00e9 a pris la r\u00e9solution suivante : Il a \u00e9t\u00e9 mis fin au mandat du coordonnateur national de la Cojecar et son int\u00e9rim sera assur\u00e9 par Mamadou Ibrahima Sow, pr\u00e9c\u00e9demment coordonnateur d\u00e9partemental de Dakar et pr\u00e9sident de la commission planification et strat\u00e9gie, afin de permettre la mise en place du processus de renouvellement des instances.<\/p>\n\n\n\n<p>Ailleurs, il a \u00e9t\u00e9 pr\u00e9cis\u00e9 que le processus de d\u00e9signation du nouveau coordonnateur nationale par Int\u00e9rim, s&rsquo;est fait par vote, selon les principes de transparence, d&rsquo;inclusion et d&rsquo;\u00e9quit\u00e9, en tenant compte de la diversit\u00e9 des comp\u00e9tences et des profils recherch\u00e9s. Et apr\u00e8s concertation avec l\u2019ensemble de ses membres, le nouveau coordonnateur national par int\u00e9rim est appel\u00e9 \u00e0 convoquer une r\u00e9union du Secr\u00e9tariat national de la Cojecar dans les plus brefs d\u00e9lais.<\/p>\n\n\n\n<p>Le coordonnateur national par int\u00e9rim nouvellement \u00e9lu par l\u2019Assembl\u00e9e G\u00e9n\u00e9rale, prend fonction imm\u00e9diatement apr\u00e8s son \u00e9lection. Et mandat lui est donn\u00e9 de mettre en \u0153uvre toutes actions ou activit\u00e9s urgentes. Surtout, celles relatives \u00e0 la communication sur l&rsquo;actualit\u00e9 politique en concertation avec le Senac. \u00ab&nbsp;<em>Telle est l&rsquo;\u00e9conomie de la pr\u00e9sente r\u00e9solution. Nous sommes convaincus que le processus d&rsquo;\u00e9lection d&rsquo;un nouveau coordonnateur national, permettra \u00e0 la Cojecar de continuer \u00e0 prosp\u00e8rer et de servir exclusivement les int\u00e9r\u00eats du parti Alliance pour la R\u00e9publique, de la Coalition Benno Bokk Yakaar et de la soci\u00e9t\u00e9 dans son ensemble<\/em>&nbsp;\u00bb, explique-t-il.<\/p>\n\n\n\n<p>Sous ce registre, la Cojecar reste plus que jamais dans sa ligne de d\u00e9fense et continuera de promouvoir la politique du pr\u00e9sident de la R\u00e9publique, Macky Sall.<\/p>\n\n\n\n<p>Ousmane Wade LERAL<\/p>\n\n\n\n<h3 class=\"wp-block-heading\"><\/h3>\n","protected":false},"excerpt":{"rendered":"<p>La Convergence des Jeunes Cadres R\u00e9publicains (Cojecar) s\u2019est prononc\u00e9e sur la l\u00e9thargie end\u00e9mique dans laquelle, elle s&rsquo;enlise depuis quelques mois.<\/p>\n","protected":false},"author":1,"featured_media":9020,"comment_status":"open","ping_status":"open","sticky":false,"template":"","format":"standard","meta":{"footnotes":""},"categories":[21],"tags":[],"class_list":["post-9019","post","type-post","status-publish","format-standard","has-post-thumbnail","hentry","category-societe"],"_links":{"self":[{"href":"https:\/\/dekkbi.com\/index.php?rest_route=\/wp\/v2\/posts\/9019","targetHints":{"allow":["GET"]}}],"collection":[{"href":"https:\/\/dekkbi.com\/index.php?rest_route=\/wp\/v2\/posts"}],"about":[{"href":"https:\/\/dekkbi.com\/index.php?rest_route=\/wp\/v2\/types\/post"}],"author":[{"embeddable":true,"href":"https:\/\/dekkbi.com\/index.php?rest_route=\/wp\/v2\/users\/1"}],"replies":[{"embeddable":true,"href":"https:\/\/dekkbi.com\/index.php?rest_route=%2Fwp%2Fv2%2Fcomments&post=9019"}],"version-history":[{"count":1,"href":"https:\/\/dekkbi.com\/index.php?rest_route=\/wp\/v2\/posts\/9019\/revisions"}],"predecessor-version":[{"id":9021,"href":"https:\/\/dekkbi.com\/index.php?rest_route=\/wp\/v2\/posts\/9019\/revisions\/9021"}],"wp:featuredmedia":[{"embeddable":true,"href":"https:\/\/dekkbi.com\/index.php?rest_route=\/wp\/v2\/media\/9020"}],"wp:attachment":[{"href":"https:\/\/dekkbi.com\/index.php?rest_route=%2Fwp%2Fv2%2Fmedia&parent=9019"}],"wp:term":[{"taxonomy":"category","embeddable":true,"href":"https:\/\/dekkbi.com\/index.php?rest_route=%2Fwp%2Fv2%2Fcategories&post=9019"},{"taxonomy":"post_tag","embeddable":true,"href":"https:\/\/dekkbi.com\/index.php?rest_route=%2Fwp%2Fv2%2Ftags&post=9019"}],"curies":[{"name":"wp","href":"https:\/\/api.w.org\/{rel}","templated":true}]}}