{"id":8992,"date":"2023-03-21T14:24:55","date_gmt":"2023-03-21T14:24:55","guid":{"rendered":"https:\/\/dekkbi.com\/?p=8992"},"modified":"2023-03-21T14:24:57","modified_gmt":"2023-03-21T14:24:57","slug":"macron-va-sadresser-aux-francais-mercredi-pas-de-dissolution-ni-de-remaniement","status":"publish","type":"post","link":"https:\/\/dekkbi.com\/?p=8992","title":{"rendered":"Macron va s&rsquo;adresser aux Fran\u00e7ais mercredi, pas de dissolution ni de remaniement"},"content":{"rendered":"\n<p><a href=\"https:\/\/www.addthis.com\/bookmark.php?v=300\"><\/a><a href=\"https:\/\/www.addthis.com\/bookmark.php?v=300\"><\/a><a rel=\"noreferrer noopener\" href=\"https:\/\/www.addthis.com\/bookmark.php?v=300\" target=\"_blank\"><\/a><a rel=\"noreferrer noopener\" href=\"https:\/\/www.addthis.com\/bookmark.php?v=300\" target=\"_blank\"><\/a>Emmanuel Macron, qui va s&rsquo;adresser aux Fran\u00e7ais mercredi, ne va ni dissoudre ni remanier ni convoquer de r\u00e9f\u00e9rendum \u00e0 ce stade, ont indiqu\u00e9 \u00e0 l&rsquo;AFP des t\u00e9nors de la majorit\u00e9 mardi, au lendemain de l&rsquo;adoption de la r\u00e9forme des retraites au Parlement qui n&rsquo;a pas sign\u00e9 la fin de la contestation dans la rue.<\/p>\n\n\n\n<p>Le chef de l&rsquo;\u00c9tat sera mercredi \u00e0 13H00 en direct sur TF1 et France 2.<\/p>\n\n\n\n<p>Auparavant, Emmanuel Macron a commenc\u00e9 \u00e0 consulter tous azimuts pour tenter de ressouder son camp et de rebondir.<\/p>\n\n\n\n<p>Son second quinquennat appara\u00eet d\u00e9j\u00e0 entrav\u00e9 apr\u00e8s moins d&rsquo;un an: lundi, l&rsquo;adoption de sa r\u00e9forme phare s&rsquo;est faite dans la douleur et le gouvernement d&rsquo;Elisabeth Borne a \u00e9chapp\u00e9 de peu \u00e0 un renversement avec le rejet \u00e0 neuf voix pr\u00e8s d&rsquo;une motion de censure transpartisane \u00e0 l&rsquo;Assembl\u00e9e nationale.<\/p>\n\n\n\n<p>Mardi, le pr\u00e9sident Macron a re\u00e7u la cheffe du gouvernement, accompagn\u00e9e de plusieurs ministres, dont G\u00e9rald Darmanin et S\u00e9bastien Lecornu, et les chefs de la majorit\u00e9.<\/p>\n\n\n\n<p>Plusieurs participants \u00e0 cette r\u00e9union ont assur\u00e9 \u00e0 l&rsquo;AFP que le chef de l&rsquo;Etat n&rsquo;avait l&rsquo;intention ni de dissoudre l&rsquo;Assembl\u00e9e, ni de remanier le gouvernement, ni de convoquer un r\u00e9f\u00e9rendum sur la r\u00e9forme reculant l&rsquo;\u00e2ge de d\u00e9part \u00e0 la retraite de 62 \u00e0 64 ans.<\/p>\n\n\n\n<p>Selon l&rsquo;un de ces participants, il a demand\u00e9 \u00e0 ses troupes de faire \u00ab\u00a0d&rsquo;ici deux \u00e0 trois semaines maximum\u00a0\u00bb des \u00ab\u00a0propositions\u00a0\u00bb en vue d&rsquo;un \u00ab\u00a0changement de m\u00e9thode et d&rsquo;agenda des r\u00e9formes\u00a0\u00bb.<\/p>\n\n\n\n<p>Emmanuel Macron doit d\u00e9jeuner avec Ya\u00ebl Braun-Pivet et G\u00e9rard Larcher, pr\u00e9sidents de l&rsquo;Assembl\u00e9e et du S\u00e9nat, avant une r\u00e9union en soir\u00e9e avec les parlementaires du camp pr\u00e9sidentiel.<\/p>\n\n\n\n<p>La cheffe du gouvernement encha\u00eene \u00e9galement les r\u00e9unions. A l&rsquo;Assembl\u00e9e, elle devait rencontrer en fin de matin\u00e9e chaque groupe de la majorit\u00e9 pour les remercier de leur \u00ab\u00a0t\u00e9nacit\u00e9\u00a0\u00bb, avant un d\u00e9jeuner \u00e0 Matignon avec plusieurs ministres.<\/p>\n\n\n\n<p><a><\/a><a href=\"https:\/\/information.tv5monde.com\/info\/macron-va-s-adresser-aux-francais-mercredi-pas-de-dissolution-ni-de-remaniement-492570#photo1\"><\/a><a href=\"https:\/\/information.tv5monde.com\/video\/jpg\/2602b842-7ca8-4938-bc29-e53f0653c35a.jpg\"><\/a><a href=\"https:\/\/information.tv5monde.com\/video\/qt-hi\/2602b842-7ca8-4938-bc29-e53f0653c35a.640x360.mp4\"><\/a>\u00ab\u00a0La Premi\u00e8re ministre est la seule, et notre majorit\u00e9 est la seule, \u00e0 pouvoir porter aujourd&rsquo;hui un projet de gouvernement\u00a0\u00bb, a assur\u00e9 le porte-parole du gouvernement Olivier V\u00e9ran, la jugeant \u00ab\u00a0confort\u00e9e par le Parlement\u00a0\u00bb.<\/p>\n\n\n\n<p>&#8211; Centrale bloqu\u00e9e &#8211;<\/p>\n\n\n\n<p>Dans l&rsquo;imm\u00e9diat, apr\u00e8s de nouvelles manifestations spontan\u00e9es souvent \u00e9maill\u00e9es de tensions avec les forces de l&rsquo;ordre lundi soir, la contestation se poursuit un peu partout en France.<\/p>\n\n\n\n<p>Pr\u00e8s de 300 personnes ont \u00e9t\u00e9 interpell\u00e9es dans les diff\u00e9rentes manifestations, dont 234 \u00e0 Paris, selon une source polici\u00e8re.<\/p>\n\n\n\n<p>Outre la gr\u00e8ve reconductible des \u00e9boueurs dans plusieurs villes dont Paris, le trafic routier \u00e9tait perturb\u00e9 mardi matin en Bretagne par des blocages et l&rsquo;acc\u00e8s \u00e0 la centrale nucl\u00e9aire du Bugey (Ain) bloqu\u00e9e.<\/p>\n\n\n\n<p>Du c\u00f4t\u00e9 des raffineries, plusieurs sites restent bloqu\u00e9s, dont \u00e0 Vern-sur-Seiche en Ille-et-Vilaine (d\u00e9p\u00f4t) ou encore au Havre (port et zone industrielle).<\/p>\n\n\n\n<p>Mais le gouvernement a fait \u00e9vacuer le terminal p\u00e9trolier de Donges (Loire-Atlantique) dans la nuit de lundi \u00e0 mardi et annonc\u00e9 de premi\u00e8res r\u00e9quisitions de personnels p\u00e9troliers \u00e0 Fos-sur-Mer. Environ 8% des stations-service sont \u00e0 court d&rsquo;essence ou de gazole en France.<\/p>\n\n\n\n<p>La CGT \u00c9nergie a par ailleurs promis mardi de nouvelles \u00ab\u00a0coupures cibl\u00e9es\u00a0\u00bb.<\/p>\n\n\n\n<p>\u00ab\u00a0Rien n&rsquo;entame la d\u00e9termination des travailleurs\u00a0\u00bb, a pr\u00e9venu la CGT, avant une nouvelle journ\u00e9e d&rsquo;actions \u00e0 l&rsquo;appel de l&rsquo;ensemble des syndicats pr\u00e9vue jeudi.<\/p>\n\n\n\n<p>Le secr\u00e9taire g\u00e9n\u00e9ral de la CFDT Laurent Berger s&rsquo;est dit de son c\u00f4t\u00e9 inquiet de la \u00ab\u00a0col\u00e8re\u00a0\u00bb et des \u00ab\u00a0violences\u00a0\u00bb qui pourraient s&rsquo;exprimer du fait de l&rsquo;adoption d&rsquo;une loi qui n&rsquo;avait \u00ab\u00a0pas de majorit\u00e9 \u00e0 l&rsquo;Assembl\u00e9e nationale\u00a0\u00bb.<\/p>\n\n\n\n<p>&#8211; \u00ab\u00a049.3 verbal\u00a0\u00bb &#8211;<\/p>\n\n\n\n<p>Politiquement aussi la pression sur l&rsquo;ex\u00e9cutif ne retombe pas, apr\u00e8s l&rsquo;utilisation d\u00e9cri\u00e9e de l&rsquo;arme constitutionnelle du 49.3 pour faire passer la r\u00e9forme sans vote.<\/p>\n\n\n\n<p>Le rejet de la motion de censure \u00e0 seulement neuf voix pr\u00e8s, a redonn\u00e9 de l&rsquo;\u00e9nergie aux oppositions, de gauche, de droite et d&rsquo;extr\u00eame-droite.<\/p>\n\n\n\n<p>Malgr\u00e9 l&rsquo;appel des dirigeants Les R\u00e9publicains \u00e0 ne pas provoquer la chute du gouvernement, 19 d\u00e9put\u00e9s du groupe (sur 61) ont vot\u00e9 la censure.<\/p>\n\n\n\n<p>Ils ne seront pas exclus. \u00ab\u00a0Je ne peux pas leur en vouloir\u00a0\u00bb, a d\u00e9clar\u00e9 mardi le pr\u00e9sident du groupe Olivier Marleix, tandis qu&rsquo;\u00c9ric Ciotti conc\u00e9dait un \u00ab\u00a0\u00e9chec\u00a0\u00bb pour son parti.<\/p>\n\n\n\n<p>A gauche, le d\u00e9put\u00e9 LFI Alexis Corbi\u00e8re a appel\u00e9 le pr\u00e9sident Macron \u00e0 ne pas \u00ab\u00a0refaire une esp\u00e8ce de 49.3 verbal\u00a0\u00bb lors de son entretien t\u00e9l\u00e9vis\u00e9. S'\u00a0\u00bbil revient \u00e0 la t\u00e9l\u00e9 pour dire la m\u00eame chose, +je m&rsquo;en fiche de votre opinion, j&rsquo;impose+, la manif de jeudi sera encore plus forte\u00a0\u00bb, a-t-il pr\u00e9dit.<\/p>\n\n\n\n<p>Avec ses alli\u00e9s de la Nupes, il compte notamment sur des recours devant le Conseil constitutionnel, \u00e9galement saisi \u00ab\u00a0directement\u00a0\u00bb par \u00c9lisabeth Borne. La gauche demande en outre un r\u00e9f\u00e9rendum d&rsquo;initiative partag\u00e9e (RIP), dont les Sages doivent examiner la recevabilit\u00e9.<\/p>\n\n\n\n<p>Le Rassemblement national a d\u00e9pos\u00e9 mardi son recours devant le Conseil constitutionnel pour \u00ab\u00a0que ce texte tombe dans les oubliettes de l&rsquo;histoire et soit mis \u00e0 la poubelle\u00a0\u00bb.<video preload=\"auto\" src=\"https:\/\/information.tv5monde.com\/sites\/info.tv5monde.com\/files\/jwplayerfield\/2602b842-7ca8-4938-bc29-e53f0653c35a.640x360.mp4\"><\/p>\n\n\n\n<p>Par C\u00e9dric SIMON et Francesco FONTEMAGG &#8211;  AFP<\/p>\n","protected":false},"excerpt":{"rendered":"<p>Emmanuel Macron, qui va s&rsquo;adresser aux Fran\u00e7ais mercredi, ne va ni dissoudre ni remanier ni convoquer de r\u00e9f\u00e9rendum \u00e0 ce<\/p>\n","protected":false},"author":1,"featured_media":8993,"comment_status":"open","ping_status":"open","sticky":false,"template":"","format":"standard","meta":{"footnotes":""},"categories":[21],"tags":[],"class_list":["post-8992","post","type-post","status-publish","format-standard","has-post-thumbnail","hentry","category-societe"],"_links":{"self":[{"href":"https:\/\/dekkbi.com\/index.php?rest_route=\/wp\/v2\/posts\/8992","targetHints":{"allow":["GET"]}}],"collection":[{"href":"https:\/\/dekkbi.com\/index.php?rest_route=\/wp\/v2\/posts"}],"about":[{"href":"https:\/\/dekkbi.com\/index.php?rest_route=\/wp\/v2\/types\/post"}],"author":[{"embeddable":true,"href":"https:\/\/dekkbi.com\/index.php?rest_route=\/wp\/v2\/users\/1"}],"replies":[{"embeddable":true,"href":"https:\/\/dekkbi.com\/index.php?rest_route=%2Fwp%2Fv2%2Fcomments&post=8992"}],"version-history":[{"count":1,"href":"https:\/\/dekkbi.com\/index.php?rest_route=\/wp\/v2\/posts\/8992\/revisions"}],"predecessor-version":[{"id":8994,"href":"https:\/\/dekkbi.com\/index.php?rest_route=\/wp\/v2\/posts\/8992\/revisions\/8994"}],"wp:featuredmedia":[{"embeddable":true,"href":"https:\/\/dekkbi.com\/index.php?rest_route=\/wp\/v2\/media\/8993"}],"wp:attachment":[{"href":"https:\/\/dekkbi.com\/index.php?rest_route=%2Fwp%2Fv2%2Fmedia&parent=8992"}],"wp:term":[{"taxonomy":"category","embeddable":true,"href":"https:\/\/dekkbi.com\/index.php?rest_route=%2Fwp%2Fv2%2Fcategories&post=8992"},{"taxonomy":"post_tag","embeddable":true,"href":"https:\/\/dekkbi.com\/index.php?rest_route=%2Fwp%2Fv2%2Ftags&post=8992"}],"curies":[{"name":"wp","href":"https:\/\/api.w.org\/{rel}","templated":true}]}}