{"id":8977,"date":"2023-03-21T12:21:24","date_gmt":"2023-03-21T12:21:24","guid":{"rendered":"https:\/\/dekkbi.com\/?p=8977"},"modified":"2023-03-21T12:21:25","modified_gmt":"2023-03-21T12:21:25","slug":"inegalites-liees-au-genre-dans-le-secteur-de-lenergie-mca-senegal-ii-sattele-a-resorber-le-gap","status":"publish","type":"post","link":"https:\/\/dekkbi.com\/?p=8977","title":{"rendered":"In\u00e9galit\u00e9s li\u00e9es au genre dans le secteur de l\u2019\u00e9nergie : MCA-S\u00e9n\u00e9gal II s\u2019att\u00e8le \u00e0 r\u00e9sorber le gap"},"content":{"rendered":"\n<p><strong>MCA-S\u00e9n\u00e9gal II a c\u00e9l\u00e9br\u00e9 hier, lundi 20 mars 2023, la journ\u00e9e internationale des droits de la femme sous forme d\u2019atelier de partage sur le leadership des femmes dans le secteur de l\u2019\u00e9nergie au S\u00e9n\u00e9gal. Organis\u00e9e autour du th\u00e8me \u00ab&nbsp;Le leadership des femmes dans le secteur de l\u2019\u00e9nergie au S\u00e9n\u00e9gal&nbsp;: Opportunit\u00e9s et d\u00e9fis&nbsp;\u00bb, cette rencontre se veut un cadre d\u2019\u00e9change entre diverses parties prenantes du Compact sur les d\u00e9fis genre du secteur. Elle permet \u00e0 travers un panel sur le th\u00e8me retenu, de faire des recommandations sur les pistes de solutions afin de pouvoir r\u00e9sorber ce gap d\u2019in\u00e9galit\u00e9s li\u00e9es au genre dans le secteur de l\u2019\u00e9nergie.<\/strong><\/p>\n\n\n\n<p>En plus de contribuer \u00e0 la dynamique internationale de c\u00e9l\u00e9bration de la journ\u00e9e internationale des droits de la femme, le MCA-S\u00e9n\u00e9gal II a profit\u00e9 de ce cadre tenir un atelier de partage sur le leadership des femmes dans le secteur de l\u2019\u00e9nergie au S\u00e9n\u00e9gal. Cette rencontre dont le th\u00e8me est \u00ab&nbsp;Le leadership des femmes dans le secteur de l\u2019\u00e9nergie au S\u00e9n\u00e9gal&nbsp;: opportunit\u00e9s et d\u00e9fis&nbsp;\u00bb permet aux acteurs de mener une r\u00e9flexion qui va \u00eatre suivie d\u2019une action par rapport \u00e0 un th\u00e8me extr\u00eamement important qui est aujourd\u2019hui la technologie et l\u2019innovation.<\/p>\n\n\n\n<p>Initiateur de cet atelier de partage sur le leadership des femmes dans le secteur de l\u2019\u00e9nergie, Oumar Diop, directeur g\u00e9n\u00e9ral de MCA-S\u00e9n\u00e9gal II a fait \u00e9tat de la quintessence de la rencontre tenue ce lundi 20 mars 2023 : \u00ab Aujourd\u2019hui, l\u2019atelier de partage que nous d\u00e9marrons dans le cadre du Compact du Millenium Challenge Account est un atelier qui est extr\u00eamement important. Parce que pour nous, il s\u2019agit aujourd\u2019hui,&nbsp; dans le cadre de la c\u00e9l\u00e9bration de la journ\u00e9e internationale des droits des femmes de mener une r\u00e9flexion qui va \u00eatre suivie d\u2019une action par rapport \u00e0 un th\u00e8me extr\u00eamement important qui est aujourd\u2019hui, la technologie et l\u2019innovation. En quoi, le MCA-S\u00e9n\u00e9gal II aujourd\u2019hui dans le cadre de son compact va contribuer \u00e0 r\u00e9sorber ce gap qui est extr\u00eamement important \u00bb, a relev\u00e9 le directeur g\u00e9n\u00e9ral de MCA-S\u00e9n\u00e9gal II.<\/p>\n\n\n\n<p>Organis\u00e9e autour du th\u00e8me \u00ab Le leadership des femmes dans le secteur de l\u2019\u00e9nergie au S\u00e9n\u00e9gal : opportunit\u00e9s et d\u00e9fis \u00bb, cet atelier se veut un cadre d\u2019\u00e9change entre diverses parties prenantes du Compact sur les d\u00e9fis genre du secteur. En effet, indique le directeur g\u00e9n\u00e9ral de MCA, Oumar Diop par rapport au choix du th\u00e8me de cet \u00e9v\u00e8nement : \u00ab Ce th\u00e8me que nous avons choisi qui concerne le leadership des femmes et filles dans le secteur de l\u2019\u00e9nergie est extr\u00eamement important pour nous. Parce qu\u2019on s\u2019est rendu compte qu\u2019aujourd\u2019hui, d\u2019apr\u00e8s les \u00e9tudes qui ont \u00e9t\u00e9 faites que les femmes repr\u00e9senteraient moins de 25% des personnes qui travaillent dans le secteur de l\u2019\u00e9nergie \u00bb.<\/p>\n\n\n\n<p>\u00ab&nbsp;Ce que nous trouverons quand m\u00eame assez dommage. Dans la mesure o\u00f9 nous avons toujours travaill\u00e9 pour l\u2019\u00e9galit\u00e9 des hommes et des femmes par rapport aux opportunit\u00e9s dans les diff\u00e9rents secteurs et on s\u2019est rendu compte qu\u2019au niveau du secteur de l\u2019\u00e9nergie, le pourcentage est simplement inaccessible&nbsp;\u00bb, a-t-il soulign\u00e9<\/p>\n\n\n\n<p>\u00ab&nbsp;Et donc, par rapport \u00e0 \u00e7a, nous au niveau du Compact, nous travaillerons avec toutes les parties prenantes \u00e0 r\u00e9sorber ce gap et \u00e0 donner plus d\u2019opportunit\u00e9s aux femmes dans le secteur de l\u2019\u00e9nergie&nbsp;\u00bb, a assur\u00e9 M. Diop, qui souligne par ailleurs qu\u2019 \u00ab&nbsp;A l\u2019issue de cet atelier, ce qu\u2019il est important de retenir, c\u2019est que nous allons sensibiliser davantage l\u2019ensemble des parties prenantes du secteur de l\u2019\u00e9nergie \u00e0 prendre en compte ce gap. Nous allons \u00e9galement discuter \u00e0 travers ce panel de haut niveau des actions qu\u2019on mettra en \u0153uvre dans le cadre du Compact toujours pour nous assurer qu\u2019au bout des cinquante-deux mises en \u0153uvre, la participation des femmes et des filles dans le secteur de l\u2019\u00e9nergie va \u00eatre augment\u00e9e de fa\u00e7on extr\u00eamement sensible&nbsp;\u00bb.<\/p>\n\n\n\n<p><strong>OUSMANE GOUDIABY<\/strong> 6 SUDQUOTIDIEN<\/p>\n","protected":false},"excerpt":{"rendered":"<p>MCA-S\u00e9n\u00e9gal II a c\u00e9l\u00e9br\u00e9 hier, lundi 20 mars 2023, la journ\u00e9e internationale des droits de la femme sous forme d\u2019atelier<\/p>\n","protected":false},"author":1,"featured_media":8978,"comment_status":"open","ping_status":"open","sticky":false,"template":"","format":"standard","meta":{"footnotes":""},"categories":[3],"tags":[],"class_list":["post-8977","post","type-post","status-publish","format-standard","has-post-thumbnail","hentry","category-event-more-news"],"_links":{"self":[{"href":"https:\/\/dekkbi.com\/index.php?rest_route=\/wp\/v2\/posts\/8977","targetHints":{"allow":["GET"]}}],"collection":[{"href":"https:\/\/dekkbi.com\/index.php?rest_route=\/wp\/v2\/posts"}],"about":[{"href":"https:\/\/dekkbi.com\/index.php?rest_route=\/wp\/v2\/types\/post"}],"author":[{"embeddable":true,"href":"https:\/\/dekkbi.com\/index.php?rest_route=\/wp\/v2\/users\/1"}],"replies":[{"embeddable":true,"href":"https:\/\/dekkbi.com\/index.php?rest_route=%2Fwp%2Fv2%2Fcomments&post=8977"}],"version-history":[{"count":1,"href":"https:\/\/dekkbi.com\/index.php?rest_route=\/wp\/v2\/posts\/8977\/revisions"}],"predecessor-version":[{"id":8979,"href":"https:\/\/dekkbi.com\/index.php?rest_route=\/wp\/v2\/posts\/8977\/revisions\/8979"}],"wp:featuredmedia":[{"embeddable":true,"href":"https:\/\/dekkbi.com\/index.php?rest_route=\/wp\/v2\/media\/8978"}],"wp:attachment":[{"href":"https:\/\/dekkbi.com\/index.php?rest_route=%2Fwp%2Fv2%2Fmedia&parent=8977"}],"wp:term":[{"taxonomy":"category","embeddable":true,"href":"https:\/\/dekkbi.com\/index.php?rest_route=%2Fwp%2Fv2%2Fcategories&post=8977"},{"taxonomy":"post_tag","embeddable":true,"href":"https:\/\/dekkbi.com\/index.php?rest_route=%2Fwp%2Fv2%2Ftags&post=8977"}],"curies":[{"name":"wp","href":"https:\/\/api.w.org\/{rel}","templated":true}]}}