{"id":8973,"date":"2023-03-21T12:03:52","date_gmt":"2023-03-21T12:03:52","guid":{"rendered":"https:\/\/dekkbi.com\/?p=8973"},"modified":"2023-03-21T12:03:53","modified_gmt":"2023-03-21T12:03:53","slug":"liberation-dolivier-dubois-le-journaliste-de-retour-sur-le-sol-francais","status":"publish","type":"post","link":"https:\/\/dekkbi.com\/?p=8973","title":{"rendered":"Lib\u00e9ration d\u2019Olivier Dubois: le journaliste de retour sur le sol fran\u00e7ais"},"content":{"rendered":"\n<p><strong>Le journaliste Olivier Dubois a atterri en France, ce 21 mars 2023 \u00e0 la base a\u00e9rienne de Villacoublay, au lendemain de l\u2019annonce de sa lib\u00e9ration apr\u00e8s quasiment 2 ans de captivit\u00e9 au Mali. Le Fran\u00e7ais y est accueilli notamment par ses proches et par le chef de l\u2019\u00c9tat Emmanuel Macron.<\/strong><\/p>\n\n\n\n<p>Il est sorti le premier d\u2019un avion cigl\u00e9 R\u00e9publique fran\u00e7aise. Olivier Dubois a foul\u00e9 le tarmac de la base a\u00e9rienne de Villacoublay, ce 21 mars 2023 pr\u00e8s de Paris. Le journaliste l\u2019a travers\u00e9 d\u2019un pas d\u00e9cid\u00e9. Apr\u00e8s une longue \u00e9treinte avec l\u2019une de ses s\u0153urs, Can\u00e8le&nbsp;Bernard, et une autre avec son p\u00e8re, Andr\u00e9-Georges&nbsp;Dubois, le d\u00e9sormais ex-otage au Mali \u00e9t\u00e9 accueilli par le chef de l\u2019\u00c9tat Emmanuel Macron. Il s\u2019est ensuite \u00e9clips\u00e9 avec ses proches.<\/p>\n\n\n\n<p>Olivier Dubois, enlev\u00e9 le 8 avril 2021 \u00e0 Gao, a \u00e9t\u00e9 lib\u00e9r\u00e9 apr\u00e8s presque deux ann\u00e9es de d\u00e9tention. Sa lib\u00e9ration a \u00e9t\u00e9 annonc\u00e9 le 20 mars 2023 \u00e0 Niamey. Il y a \u00e9t\u00e9 pr\u00e9sent\u00e9 en m\u00eame temps que l\u2019Am\u00e9ricain Jeffery Woodke, qui a \u00e9t\u00e9 otage, lui, durant plus de six ans au Sahel.<\/p>\n\n\n\n<p>Olivier Dubois \u00e9tait aux mains du Jnim, le groupe de soutien \u00e0 l&rsquo;islam et aux musulmans, li\u00e9 \u00e0 al-Qa\u00efda au Maghreb islamique (Aqmi).&nbsp;Depuis son enl\u00e8vement, il \u00e9tait apparu dans deux vid\u00e9os diffus\u00e9es par ses ravisseurs, en mai 2021, puis en mars 2022.<\/p>\n\n\n\n<p>Il avait \u00e9t\u00e9 enlev\u00e9 alors qu\u2019il \u00e9tait en reportage \u00e0 Gao. Il s\u2019y \u00e9tait rendu pour interviewer un chef local du Jnim, Abdallah Ag Albakaye, dans la zone de Talataye. C\u2019est au moment o\u00f9 il \u00e9tait en train de s\u2019organiser pour aller \u00e0 cet entretien que des hommes l\u2019ont enlev\u00e9.<\/p>\n\n\n\n<p><\/p>\n","protected":false},"excerpt":{"rendered":"<p>Le journaliste Olivier Dubois a atterri en France, ce 21 mars 2023 \u00e0 la base a\u00e9rienne de Villacoublay, au lendemain<\/p>\n","protected":false},"author":1,"featured_media":8975,"comment_status":"open","ping_status":"open","sticky":false,"template":"","format":"standard","meta":{"footnotes":""},"categories":[26],"tags":[],"class_list":["post-8973","post","type-post","status-publish","format-standard","has-post-thumbnail","hentry","category-fait-divers"],"_links":{"self":[{"href":"https:\/\/dekkbi.com\/index.php?rest_route=\/wp\/v2\/posts\/8973","targetHints":{"allow":["GET"]}}],"collection":[{"href":"https:\/\/dekkbi.com\/index.php?rest_route=\/wp\/v2\/posts"}],"about":[{"href":"https:\/\/dekkbi.com\/index.php?rest_route=\/wp\/v2\/types\/post"}],"author":[{"embeddable":true,"href":"https:\/\/dekkbi.com\/index.php?rest_route=\/wp\/v2\/users\/1"}],"replies":[{"embeddable":true,"href":"https:\/\/dekkbi.com\/index.php?rest_route=%2Fwp%2Fv2%2Fcomments&post=8973"}],"version-history":[{"count":1,"href":"https:\/\/dekkbi.com\/index.php?rest_route=\/wp\/v2\/posts\/8973\/revisions"}],"predecessor-version":[{"id":8976,"href":"https:\/\/dekkbi.com\/index.php?rest_route=\/wp\/v2\/posts\/8973\/revisions\/8976"}],"wp:featuredmedia":[{"embeddable":true,"href":"https:\/\/dekkbi.com\/index.php?rest_route=\/wp\/v2\/media\/8975"}],"wp:attachment":[{"href":"https:\/\/dekkbi.com\/index.php?rest_route=%2Fwp%2Fv2%2Fmedia&parent=8973"}],"wp:term":[{"taxonomy":"category","embeddable":true,"href":"https:\/\/dekkbi.com\/index.php?rest_route=%2Fwp%2Fv2%2Fcategories&post=8973"},{"taxonomy":"post_tag","embeddable":true,"href":"https:\/\/dekkbi.com\/index.php?rest_route=%2Fwp%2Fv2%2Ftags&post=8973"}],"curies":[{"name":"wp","href":"https:\/\/api.w.org\/{rel}","templated":true}]}}