{"id":8970,"date":"2023-03-21T11:38:27","date_gmt":"2023-03-21T11:38:27","guid":{"rendered":"https:\/\/dekkbi.com\/?p=8970"},"modified":"2023-03-21T11:38:29","modified_gmt":"2023-03-21T11:38:29","slug":"jo-2024-la-grogne-des-deputes-europeens-contre-la-videosurveillance-intelligente","status":"publish","type":"post","link":"https:\/\/dekkbi.com\/?p=8970","title":{"rendered":"JO 2024: la grogne des d\u00e9put\u00e9s europ\u00e9ens contre la \u00abvid\u00e9osurveillance intelligente\u00bb"},"content":{"rendered":"\n<p><strong>Alors que l\u2019emploi de vid\u00e9osurveillance aux JO 2024 a \u00e9t\u00e9 adopt\u00e9 par les s\u00e9nateurs en janvier, une quarantaine d\u2019\u00e9lus europ\u00e9ens ont \u00e9crit aux d\u00e9put\u00e9s fran\u00e7ais pour leur demander de s\u2019opposer \u00e0 l\u2019exp\u00e9rimentation de la \u00ab vid\u00e9osurveillance intelligente \u00bb durant les prochains Jeux olympiques.<\/strong><\/p>\n\n\n\n<p>Les \u00e9changes avec les d\u00e9put\u00e9s de l\u2019Assembl\u00e9e nationale ont d\u00e9marr\u00e9 tr\u00e8s tard lundi 20 mars, et les discussions devraient, sans doute, se prolonger jusqu&rsquo;\u00e0 jeudi et probablement vendredi, avec la ministre des Sports et des Jeux olympiques, Am\u00e9lie Oud\u00e9a-Cast\u00e9ra, et le ministre de l&rsquo;Int\u00e9rieur G\u00e9rald Darmanin. En ligne de mire, mais d\u00e9j\u00e0 adopt\u00e9 en premi\u00e8re lecture au S\u00e9nat, l&rsquo;article 7 du\u00a0<strong>projet de loi intitul\u00e9 \u00ab<\/strong>\u00a0<strong>vid\u00e9osurveillance intelligente<\/strong>\u00a0<a href=\"https:\/\/www.rfi.fr\/fr\/podcasts\/invit%C3%A9-france\/20230124-vid%C3%A9osurveillance-aux-jo-2024-ce-qui-est-discut%C3%A9-au-parlement-est-une-exp%C3%A9rimentation\"><strong>\u00bb<\/strong><\/a>. Il autorise le couplage des cam\u00e9ras de vid\u00e9osurveillance avec un traitement par des programmes d\u2019intelligence artificielle des images.<\/p>\n\n\n\n<h2 class=\"wp-block-heading\">Scanner et enregistrer les donn\u00e9es biom\u00e9triques<\/h2>\n\n\n\n<p>L\u2019objectif de cette mesure est d\u2019assurer la protection des \u00ab<em>\u00a0manifestations sportives, r\u00e9cr\u00e9atives ou culturelles<\/em>\u00a0\u00bb en identifiant automatiquement des \u00ab\u00a0<em>\u00e9v\u00e9nements\u00a0<\/em>\u00bb comme des mouvements de foule suspects par exemple. Il s\u2019agirait aussi de suivre des individus en particulier qui seraient susceptibles de troubler l\u2019ordre public pendant les JO. Et pour arriver \u00e0 ce r\u00e9sultat, les cam\u00e9ras de surveillance devront scanner et enregistrer les donn\u00e9es biom\u00e9triques de toutes les personnes se trouvant alors dans leur rayon d\u2019action. Mais annonc\u00e9e comme une exp\u00e9rimentation limit\u00e9e dans le temps, cette loi inqui\u00e8te une quarantaine d\u2019\u00e9lus europ\u00e9ens qui ont \u00e9crit aux d\u00e9put\u00e9s fran\u00e7ais pour leur demander de s\u2019y opposer.\u00a0<\/p>\n\n\n\n<p>Les auteurs de ce courrier appellent \u00e0 rejeter ce projet de loi, au motif qu&rsquo;il autoriserait une surveillance constante et disproportionn\u00e9e de la population fran\u00e7aise.&nbsp;Des dispositions qui seraient contraires \u00e0 l\u2019esprit de la future loi de l\u2019UE sur l\u2019intelligence artificielle, en cours de discussion au Parlement. \u00ab&nbsp;<em>Dans son rapport 2021, le Parlement a d\u00e9j\u00e0 appel\u00e9 \u00e0 l\u2019interdiction permanente de l\u2019utilisation de l\u2019analyse automatis\u00e9e, des caract\u00e9ristiques humaines et d\u2019autres signaux biom\u00e9triques&nbsp;et comportementaux&nbsp;<\/em>\u00bb, dans les pays de l&rsquo;Union, \u00e9crivent-ils.<\/p>\n\n\n\n<h2 class=\"wp-block-heading\">\u00ab&nbsp;<em>Pr\u00e9c\u00e9dent jamais vu en mati\u00e8re de surveillance<\/em>&nbsp;\u00bb<\/h2>\n\n\n\n<p>Les eurod\u00e9put\u00e9s majoritaires au Parlement de l\u2019UE menacent de retoquer cette loi qu&rsquo;ils jugent non conforme au RGPD, le r\u00e8glement europ\u00e9en sur la protection des donn\u00e9es personnelles. D\u00e9but mars, la ministre des Sports, devant la commission des lois et des affaires culturelles de l\u2019Assembl\u00e9e nationale, se voulait rassurante en r\u00e9pliquant que l\u2019utilisation des programmes d&rsquo;intelligence artificielle dans le cadre de la s\u00e9curit\u00e9 des JO se ferait sans jamais employer la reconnaissance faciale.\u00a0<\/p>\n\n\n\n<p>La phase d\u2019exp\u00e9rimentation pr\u00e9vue par le projet de loi court jusqu\u2019au 31 d\u00e9cembre 2024, et&nbsp;les eurod\u00e9put\u00e9s, issus principalement des groupes Verts, Sociaux-D\u00e9mocrates et Gauche unitaire au Parlement europ\u00e9en, redoutent la g\u00e9n\u00e9ralisation \u00e0 long terme de ces techniques de surveillance sous couvert d\u2019exp\u00e9rimentation. \u00ab&nbsp;<em>Si la loi est adopt\u00e9e dans sa forme actuelle, la France cr\u00e9era un pr\u00e9c\u00e9dent en mati\u00e8re de surveillance jamais vu en Europe<\/em>&nbsp;\u00bb, estiment-ils. Un avis que partagent 38 organisations de la soci\u00e9t\u00e9 civile, dont Amnesty International, en rappelant dans un communiqu\u00e9 publi\u00e9 en janvier, que cette vid\u00e9osurveillance automatique, d\u00e9j\u00e0 d\u00e9ploy\u00e9e dans de nombreux pays du monde pour lutter contre la criminalit\u00e9, n\u2019a jamais apport\u00e9 la moindre preuve de son efficacit\u00e9. &nbsp;&nbsp;<\/p>\n","protected":false},"excerpt":{"rendered":"<p>Alors que l\u2019emploi de vid\u00e9osurveillance aux JO 2024 a \u00e9t\u00e9 adopt\u00e9 par les s\u00e9nateurs en janvier, une quarantaine d\u2019\u00e9lus europ\u00e9ens<\/p>\n","protected":false},"author":1,"featured_media":8971,"comment_status":"open","ping_status":"open","sticky":false,"template":"","format":"standard","meta":{"footnotes":""},"categories":[9],"tags":[],"class_list":["post-8970","post","type-post","status-publish","format-standard","has-post-thumbnail","hentry","category-sports"],"_links":{"self":[{"href":"https:\/\/dekkbi.com\/index.php?rest_route=\/wp\/v2\/posts\/8970","targetHints":{"allow":["GET"]}}],"collection":[{"href":"https:\/\/dekkbi.com\/index.php?rest_route=\/wp\/v2\/posts"}],"about":[{"href":"https:\/\/dekkbi.com\/index.php?rest_route=\/wp\/v2\/types\/post"}],"author":[{"embeddable":true,"href":"https:\/\/dekkbi.com\/index.php?rest_route=\/wp\/v2\/users\/1"}],"replies":[{"embeddable":true,"href":"https:\/\/dekkbi.com\/index.php?rest_route=%2Fwp%2Fv2%2Fcomments&post=8970"}],"version-history":[{"count":1,"href":"https:\/\/dekkbi.com\/index.php?rest_route=\/wp\/v2\/posts\/8970\/revisions"}],"predecessor-version":[{"id":8972,"href":"https:\/\/dekkbi.com\/index.php?rest_route=\/wp\/v2\/posts\/8970\/revisions\/8972"}],"wp:featuredmedia":[{"embeddable":true,"href":"https:\/\/dekkbi.com\/index.php?rest_route=\/wp\/v2\/media\/8971"}],"wp:attachment":[{"href":"https:\/\/dekkbi.com\/index.php?rest_route=%2Fwp%2Fv2%2Fmedia&parent=8970"}],"wp:term":[{"taxonomy":"category","embeddable":true,"href":"https:\/\/dekkbi.com\/index.php?rest_route=%2Fwp%2Fv2%2Fcategories&post=8970"},{"taxonomy":"post_tag","embeddable":true,"href":"https:\/\/dekkbi.com\/index.php?rest_route=%2Fwp%2Fv2%2Ftags&post=8970"}],"curies":[{"name":"wp","href":"https:\/\/api.w.org\/{rel}","templated":true}]}}