{"id":8942,"date":"2023-03-20T16:41:32","date_gmt":"2023-03-20T16:41:32","guid":{"rendered":"https:\/\/dekkbi.com\/?p=8942"},"modified":"2023-03-20T16:41:34","modified_gmt":"2023-03-20T16:41:34","slug":"reforme-des-retraites-le-gouvernement-francais-face-a-deux-motions-de-censure-colere-toujours-vive","status":"publish","type":"post","link":"https:\/\/dekkbi.com\/?p=8942","title":{"rendered":"R\u00e9forme des retraites : le gouvernement fran\u00e7ais face \u00e0 deux motions de censure, col\u00e8re toujours vive"},"content":{"rendered":"\n<h2 class=\"wp-block-heading\">Le gouvernement fran\u00e7ais doit faire face lundi 20 mars&nbsp; apr\u00e8s-midi \u00e0 deux motions de&nbsp;censure&nbsp;\u00e0 l&rsquo;Assembl\u00e9e nationale, apr\u00e8s son passage en force sur l&rsquo;impopulaire r\u00e9forme des retraites, dans un contexte de col\u00e8re toujours tr\u00e8s vive dans le pays.<\/h2>\n\n\n\n<p><a href=\"https:\/\/www.addthis.com\/bookmark.php?v=300\"><\/a><a href=\"https:\/\/www.addthis.com\/bookmark.php?v=300\"><\/a><a href=\"https:\/\/www.addthis.com\/bookmark.php?v=300\" rel=\"noreferrer noopener\" target=\"_blank\"><\/a><a href=\"https:\/\/www.addthis.com\/bookmark.php?v=300\" rel=\"noreferrer noopener\" target=\"_blank\"><\/a><\/p>\n\n\n\n<p>Le gouvernement fran\u00e7ais doit faire face lundi 20 amrs dans l&rsquo;apr\u00e8s-midi \u00e0 deux motions de&nbsp;censure&nbsp;\u00e0 l&rsquo;Assembl\u00e9e nationale, apr\u00e8s son passage en force sur l&rsquo;impopulaire r\u00e9forme des retraites, dans un contexte de col\u00e8re toujours tr\u00e8s vive dans le pays.<\/p>\n\n\n\n<p>Deux motions de\u00a0censure\u00a0seront examin\u00e9es &#8211; l&rsquo;une \u00ab\u00a0transpartisane\u00a0\u00bb\u00a0d\u00e9pos\u00e9e par le groupe parlementaire ind\u00e9pendant centriste Liot et l&rsquo;autre d\u00e9pos\u00e9e par le Rassemblement national (RN &#8211; extr\u00eame droite).<\/p>\n\n\n\n<p>Ces motions sont cons\u00e9cutives au recours jeudi par le gouvernement \u00e0 l&rsquo;article 49.3 de la Constitution, qui permet une adoption d&rsquo;un texte sans vote si aucune&nbsp;motion&nbsp;de&nbsp;censure&nbsp;n&rsquo;aboutit.<\/p>\n\n\n\n<p>Emmanuel Macron, v\u00e9ritable initiateur du \u00ab\u00a049.3\u00a0\u00bb, qui \u00e9tait rest\u00e9 silencieux sur le sujet depuis jeudi, a, dans un message aux pr\u00e9sidents du S\u00e9nat et de l&rsquo;Assembl\u00e9e transmis \u00e0 l&rsquo;AFP, exprim\u00e9&nbsp;<em>\u00ab\u00a0son souhait que le texte sur les retraites puisse aller au bout de son cheminement d\u00e9mocratique dans le respect de tous\u00a0\u00bb.<\/em><\/p>\n\n\n\n<p>Apr\u00e8s deux mois de concertations et une intense mobilisation syndicale et populaire contre le projet, le passage en force de l&rsquo;ex\u00e9cutif a \u00e9t\u00e9 vilipend\u00e9 par l&rsquo;opposition. Depuis le 19 janvier, de nombreux Fran\u00e7ais ont manifest\u00e9 \u00e0 huit reprises pour dire leur refus de cette r\u00e9forme, dont la mesure phare, le recul de l&rsquo;\u00e2ge l\u00e9gal de d\u00e9part \u00e0 la retraite de 62 \u00e0 64 ans, cristallise la col\u00e8re. Les opposants \u00e0 cette r\u00e9forme la jugent\u00a0<em>\u00ab\u00a0injuste\u00a0\u00bb<\/em>, notamment pour les femmes et les salari\u00e9s aux m\u00e9tiers p\u00e9nibles.\u00a0<\/p>\n\n\n\n<p>Mais cette opposition devra se montrer unie \u00e0 l&rsquo;Assembl\u00e9e lundi, de l&rsquo;extr\u00eame droite \u00e0 la gauche radicale, et compter sur une trentaine de votes des d\u00e9put\u00e9s Les R\u00e9publicains (LR, droite traditionnelle) pour renverser le gouvernement, qui ne dispose que d&rsquo;une majorit\u00e9 relative \u00e0 l&rsquo;Assembl\u00e9e.<\/p>\n\n\n\n<p>Un sc\u00e9nario improbable, aucun gouvernement n&rsquo;\u00e9tant tomb\u00e9 \u00e0 la suite d&rsquo;une&nbsp;motion&nbsp;de&nbsp;censure&nbsp;depuis l&rsquo;av\u00e8nement de la Ve R\u00e9publique fran\u00e7aise en 1958, mais pas impossible pour autant, alors que la pression monte sur les parlementaires.<\/p>\n\n\n\n<h2 class=\"wp-block-heading\">\u00ab \u00c9lectrochoc \u00bb<\/h2>\n\n\n\n<p>Le d\u00e9put\u00e9 LR Aur\u00e9lien Pradi\u00e9, qui a men\u00e9 la fronde \u00e0 droite sur cette r\u00e9forme, a annonc\u00e9 lundi qu&rsquo;il voterait la&nbsp;motion&nbsp;de&nbsp;censur<strong>e<\/strong>&nbsp;du groupe Liot pour envoyer un&nbsp;<em>\u00ab\u00a0\u00e9lectrochoc\u00a0\u00bb<\/em>&nbsp;\u00e0 l&rsquo;ex\u00e9cutif, mais pas celle d\u00e9pos\u00e9e par l&rsquo;extr\u00eame droite. Selon lui, le nombre de d\u00e9put\u00e9s LR pr\u00eats \u00e0 voter la&nbsp;censure&nbsp;sont&nbsp;<em>\u00ab\u00a0peut-\u00eatre une quinzaine, je ne sais pas s&rsquo;il y en a davantage\u00a0\u00bb.&nbsp;<\/em><\/p>\n\n\n\n<p>De son c\u00f4t\u00e9, le patron des d\u00e9put\u00e9s LR Olivier Marleix a appel\u00e9, dans le journal Le Figaro, ses coll\u00e8gues \u00e0 la&nbsp;<em>\u00ab\u00a0responsabilit\u00e9\u00a0\u00bb<\/em>&nbsp;en estimant que ceux qui voteront une&nbsp;motion&nbsp;abandonnent&nbsp;<em>\u00ab\u00a0la voix du peuple aux extr\u00eames\u00a0\u00bb<\/em>.&nbsp;&nbsp;<br><br><strong>(Re)voir :&nbsp;<a href=\"https:\/\/information.tv5monde.com\/video\/reforme-des-retraites-ne-gouverne-pas-sans-le-peuple\">R\u00e9forme des retraites : \u00ab\u00a0on ne gouverne pas sans le peuple\u00a0\u00bb<\/a><\/strong><video preload=\"auto\" src=\"https:\/\/vodinfo.tv5monde.com\/upload\/2023\/03\/_On_ne_gouverne_pas_contre_le_peuple_Daniele_Obono_LFI.mp4\"><\/video>Lire la vid\u00e9o<\/p>\n\n\n\n<p>D\u00e9non\u00e7ant un&nbsp;<em>\u00ab\u00a0d\u00e9ni de d\u00e9mocratie\u00a0\u00bb<\/em>, des manifestants s&rsquo;\u00e9taient de nouveau r\u00e9unis dimanche dans plusieurs villes de France, notamment \u00e0 Paris.&nbsp;Des incidents se sont produits dans la capitale fran\u00e7aise jeudi, vendredi et samedi soir.<\/p>\n\n\n\n<p>Sur le front social, plusieurs secteurs-cl\u00e9s de l&rsquo;\u00e9conomie restent perturb\u00e9s, notamment dans les transports, la collecte de d\u00e9chets et l&rsquo;approvisionnement en carburant. La plus grande raffinerie du pays, situ\u00e9e en Normandie (nord-ouest), a commenc\u00e9 \u00e0 \u00eatre mise \u00e0 l&rsquo;arr\u00eat par des opposants et d&rsquo;autres sites pourraient suivre.<\/p>\n\n\n\n<h2 class=\"wp-block-heading\">\u00ab\u00a0Assumer\u00a0\u00bb&nbsp;<\/h2>\n\n\n\n<p>La France est l&rsquo;un des pays europ\u00e9ens o\u00f9 l&rsquo;\u00e2ge l\u00e9gal de d\u00e9part \u00e0 la retraite est le plus bas, sans que les syst\u00e8mes de retraite ne soient compl\u00e8tement comparables.&nbsp;Le gouvernement a fait le choix d&rsquo;allonger la dur\u00e9e de travail pour r\u00e9pondre \u00e0 la d\u00e9gradation financi\u00e8re des caisses de retraite et au vieillissement de la population.&nbsp;<\/p>\n\n\n\n<p>Nombre d&rsquo;analystes estiment que cette r\u00e9forme des retraites et la contestation qu&rsquo;elle a entra\u00een\u00e9 laisseront d&rsquo;ores et d\u00e9j\u00e0 un trace ind\u00e9l\u00e9bile sur le second quinquennat d&rsquo;Emmanuel Macron, qui avait fait de ce projet le symbole de sa volont\u00e9 r\u00e9formatrice.<\/p>\n\n\n\n<p><em>\u00ab\u00a0Allons \u00e0 la clart\u00e9. La clart\u00e9, c&rsquo;est le vote\u00a0\u00bb<\/em>&nbsp;sur les motions de&nbsp;censure, a lanc\u00e9 la dirigeante du groupe majoritaire \u00e0 l&rsquo;Assembl\u00e9e, Aurore Berg\u00e9, interrog\u00e9e par les m\u00e9dias Franceinfo-France Inter-Le Monde.<\/p>\n\n\n\n<p>Et si le gouvernement \u00e9tait renvers\u00e9,&nbsp;<em>\u00ab\u00a0il faut assumer, on y retourne\u00a0\u00bb<\/em>, a-t-elle ajout\u00e9, avec une possible dissolution que pourrait d\u00e9cider le pr\u00e9sident fran\u00e7ais, actuellement au plus bas dans les sondages &#8211; 28% d&rsquo;approbation &#8211; depuis 2019.<br><br><strong>(Re)voir :&nbsp;<a href=\"https:\/\/information.tv5monde.com\/video\/france-quels-sont-les-enjeux-de-la-reforme-des-retraites\">quels sont les enjeux de la r\u00e9forme des retraites ?<\/a><\/strong><video preload=\"auto\" src=\"https:\/\/vodinfo.tv5monde.com\/upload\/2023\/01\/Retraites_une_semaine_a_haut_risque_pour_le_gouvernement_francais.mp4\"><\/video>Lire la vid\u00e9o<\/p>\n\n\n\n<p>Lundi, plusieurs manifestations pour s&rsquo;opposer \u00e0 la r\u00e9forme des retraites causaient d&rsquo;importantes perturbations du trafic aux abords de Rennes (ouest).&nbsp;Des arr\u00eats de travail de surveillants sont redout\u00e9s lundi en France dans les lyc\u00e9es, pour la premi\u00e8re journ\u00e9e des \u00e9preuves de sp\u00e9cialit\u00e9 du baccalaur\u00e9at 2023.&nbsp;<\/p>\n\n\n\n<p>La Direction g\u00e9n\u00e9rale de l&rsquo;aviation civile (DGAC) a demand\u00e9 aux compagnies a\u00e9riennes d&rsquo;annuler mardi et mercredi 20% de leurs vols \u00e0 Paris-Orly et \u00e0 Marseille-Provence (sud-est). Une nouvelle journ\u00e9e de gr\u00e8ves et de manifestations est pr\u00e9vue jeudi \u00e0 travers la France \u00e0 l&rsquo;appel des syndicats.<\/p>\n","protected":false},"excerpt":{"rendered":"<p>Le gouvernement fran\u00e7ais doit faire face lundi 20 mars&nbsp; apr\u00e8s-midi \u00e0 deux motions de&nbsp;censure&nbsp;\u00e0 l&rsquo;Assembl\u00e9e nationale, apr\u00e8s son passage en<\/p>\n","protected":false},"author":1,"featured_media":8772,"comment_status":"open","ping_status":"open","sticky":false,"template":"","format":"standard","meta":{"footnotes":""},"categories":[51],"tags":[],"class_list":["post-8942","post","type-post","status-publish","format-standard","has-post-thumbnail","hentry","category-general"],"_links":{"self":[{"href":"https:\/\/dekkbi.com\/index.php?rest_route=\/wp\/v2\/posts\/8942","targetHints":{"allow":["GET"]}}],"collection":[{"href":"https:\/\/dekkbi.com\/index.php?rest_route=\/wp\/v2\/posts"}],"about":[{"href":"https:\/\/dekkbi.com\/index.php?rest_route=\/wp\/v2\/types\/post"}],"author":[{"embeddable":true,"href":"https:\/\/dekkbi.com\/index.php?rest_route=\/wp\/v2\/users\/1"}],"replies":[{"embeddable":true,"href":"https:\/\/dekkbi.com\/index.php?rest_route=%2Fwp%2Fv2%2Fcomments&post=8942"}],"version-history":[{"count":1,"href":"https:\/\/dekkbi.com\/index.php?rest_route=\/wp\/v2\/posts\/8942\/revisions"}],"predecessor-version":[{"id":8943,"href":"https:\/\/dekkbi.com\/index.php?rest_route=\/wp\/v2\/posts\/8942\/revisions\/8943"}],"wp:featuredmedia":[{"embeddable":true,"href":"https:\/\/dekkbi.com\/index.php?rest_route=\/wp\/v2\/media\/8772"}],"wp:attachment":[{"href":"https:\/\/dekkbi.com\/index.php?rest_route=%2Fwp%2Fv2%2Fmedia&parent=8942"}],"wp:term":[{"taxonomy":"category","embeddable":true,"href":"https:\/\/dekkbi.com\/index.php?rest_route=%2Fwp%2Fv2%2Fcategories&post=8942"},{"taxonomy":"post_tag","embeddable":true,"href":"https:\/\/dekkbi.com\/index.php?rest_route=%2Fwp%2Fv2%2Ftags&post=8942"}],"curies":[{"name":"wp","href":"https:\/\/api.w.org\/{rel}","templated":true}]}}