{"id":8925,"date":"2023-03-20T14:23:00","date_gmt":"2023-03-20T14:23:00","guid":{"rendered":"https:\/\/dekkbi.com\/?p=8925"},"modified":"2023-03-20T16:36:35","modified_gmt":"2023-03-20T16:36:35","slug":"necrologie-deces-de-palla-samb-maire-de-fann-point-e-et-amitie","status":"publish","type":"post","link":"https:\/\/dekkbi.com\/?p=8925","title":{"rendered":"D\u00e9c\u00e8s de Palla samb, maire de Fann\/Point E et amiti\u00e9"},"content":{"rendered":"\n<p>Palla Samb, maire de Fann\/Point E et Amiti\u00e9 a \u00e9t\u00e9 rappel\u00e9 \u00e0 Dieu hier, dimanche, suite \u00e0 un malaise chez lui. Socialiste convaincu, il avait gravi tous les \u00e9chelons au sein de son parti.<br>Il a commenc\u00e9 au Mouvement Pionnier et est actuellement Secr\u00e9taire G\u00e9n\u00e9ral de la 4\u00e8me coordination B de Dakar. Le d\u00e9funt a \u00e9galement occup\u00e9 le poste de tr\u00e9sorier au sein des Jeunesses Socialistes, en collaboration avec feu Pape Babacar Mbaye. Bien qu\u2019il ait manqu\u00e9 de peu d\u2019\u00eatre \u00e9lu d\u00e9put\u00e9 lors des \u00e9lections l\u00e9gislatives de 1993, il figurait en 47\u00e8me position sur la liste nationale.<br>Palla Samb poss\u00e9dait une grande exp\u00e9rience en mati\u00e8re de gouvernance municipale. De-<br>puis 1996, il est conseiller municipal de Fann\/ PointE\/Amiti\u00e9 et a m\u00eame \u00e9t\u00e9 directeur de ca-<br>binet de la maire Nd\u00e8ye Maguette Di\u00e8ye.<\/p>\n\n\n\n<p>MD SUDQUOTIDIEN<\/p>\n","protected":false},"excerpt":{"rendered":"<p>Palla Samb, maire de Fann\/Point E et Amiti\u00e9 a \u00e9t\u00e9 rappel\u00e9 \u00e0 Dieu hier, dimanche, suite \u00e0 un malaise chez<\/p>\n","protected":false},"author":1,"featured_media":8926,"comment_status":"open","ping_status":"open","sticky":false,"template":"","format":"standard","meta":{"footnotes":""},"categories":[26],"tags":[],"class_list":["post-8925","post","type-post","status-publish","format-standard","has-post-thumbnail","hentry","category-fait-divers"],"_links":{"self":[{"href":"https:\/\/dekkbi.com\/index.php?rest_route=\/wp\/v2\/posts\/8925","targetHints":{"allow":["GET"]}}],"collection":[{"href":"https:\/\/dekkbi.com\/index.php?rest_route=\/wp\/v2\/posts"}],"about":[{"href":"https:\/\/dekkbi.com\/index.php?rest_route=\/wp\/v2\/types\/post"}],"author":[{"embeddable":true,"href":"https:\/\/dekkbi.com\/index.php?rest_route=\/wp\/v2\/users\/1"}],"replies":[{"embeddable":true,"href":"https:\/\/dekkbi.com\/index.php?rest_route=%2Fwp%2Fv2%2Fcomments&post=8925"}],"version-history":[{"count":2,"href":"https:\/\/dekkbi.com\/index.php?rest_route=\/wp\/v2\/posts\/8925\/revisions"}],"predecessor-version":[{"id":8935,"href":"https:\/\/dekkbi.com\/index.php?rest_route=\/wp\/v2\/posts\/8925\/revisions\/8935"}],"wp:featuredmedia":[{"embeddable":true,"href":"https:\/\/dekkbi.com\/index.php?rest_route=\/wp\/v2\/media\/8926"}],"wp:attachment":[{"href":"https:\/\/dekkbi.com\/index.php?rest_route=%2Fwp%2Fv2%2Fmedia&parent=8925"}],"wp:term":[{"taxonomy":"category","embeddable":true,"href":"https:\/\/dekkbi.com\/index.php?rest_route=%2Fwp%2Fv2%2Fcategories&post=8925"},{"taxonomy":"post_tag","embeddable":true,"href":"https:\/\/dekkbi.com\/index.php?rest_route=%2Fwp%2Fv2%2Ftags&post=8925"}],"curies":[{"name":"wp","href":"https:\/\/api.w.org\/{rel}","templated":true}]}}