{"id":8911,"date":"2023-03-20T13:58:40","date_gmt":"2023-03-20T13:58:40","guid":{"rendered":"https:\/\/dekkbi.com\/?p=8911"},"modified":"2023-03-20T16:11:57","modified_gmt":"2023-03-20T16:11:57","slug":"senegal-sit-in-devant-les-locaux-de-walf-pour-soutenir-le-journaliste-pape-ndiaye","status":"publish","type":"post","link":"https:\/\/dekkbi.com\/?p=8911","title":{"rendered":"Sit-in devant les locaux de Walf pour soutenir le Pape Ndiaye"},"content":{"rendered":"\n<p><strong>\u00c0 Dakar, plusieurs centaines de personnes ont particip\u00e9 \u00e0 un sit-in dimanche 19 mars devant les locaux du groupe de presse Walfadjri pour demander la lib\u00e9ration du chroniqueur judiciaire Pape Ndiaye. Le journaliste est inculp\u00e9 depuis le 7 mars pour, entre autres, diffusion de fausses nouvelles. Il avait affirm\u00e9 dans une \u00e9mission que la majorit\u00e9 des juges du parquet g\u00e9n\u00e9ral s&rsquo;\u00e9taient prononc\u00e9s en faveur d&rsquo;un non-lieu de l&rsquo;opposant Ousmane Sonko, accus\u00e9 de viols.<\/strong><\/p>\n\n\n\n<p><em>Avec notre correspondante \u00e0 Dakar,<\/em>&nbsp;<strong>Juliette Dubois<\/strong><\/p>\n\n\n\n<p>Dans la foule aux t-shirts sigl\u00e9s \u00ab<em>&nbsp;Lib\u00e9rez Pape Ndiaye<\/em>&nbsp;<em>!<\/em>&nbsp;\u00bb et aux \u00e9charpes aux couleurs du S\u00e9n\u00e9gal, des confr\u00e8res journalistes venus montrer leur soutien, comme Sambou Biagui de l\u2019Association de presse pour l\u2019entraide et la solidarit\u00e9. \u00ab&nbsp;<em>Nous sommes en train de constater qu&rsquo;aujourd&rsquo;hui, la libert\u00e9 de la presse est en train d&rsquo;\u00eatre bafou\u00e9e au S\u00e9n\u00e9gal. Et quand les journalistes n&rsquo;ont plus le droit \u00e0 dire ce qu&rsquo;ils voient, ce qu&rsquo;ils entendent, \u00e7a devient dangereux.&nbsp;<\/em>\u00bb<\/p>\n\n\n\n<p>\u00c9galement venus au sit-in, beaucoup de citoyens s\u00e9n\u00e9galais inquiets, qui trouvent l\u2019arrestation de Pape Ndiaye excessive. Ibrahima Soumar\u00e9 travaille dans le tourisme. \u00ab&nbsp;<em>Je suis l&rsquo;un de ces fans, je suis ses \u00e9missions, je sais que c&rsquo;est l&rsquo;un des meilleurs concernant la justice. Et c&rsquo;est pourquoi je me suis d\u00e9plac\u00e9 pour venir le soutenir.<\/em>&nbsp;\u00bb<\/p>\n\n\n\n<p>V\u00e9ronique Diallo est \u00e9tudiante en marketing : \u00ab&nbsp;<em>M\u00eame s&rsquo;il a commis une erreur, il suffisait d&rsquo;un communiqu\u00e9 pour d\u00e9mentir ce qu&rsquo;il a dit ou bien l&rsquo;appeler juste pour demander pourquoi il a dit ce qu&rsquo;il a dit, tout simplement. Pas besoin d&rsquo;une arrestation.<\/em>&nbsp;\u00bb<\/p>\n\n\n\n<p>Le DG de Walfadjri, Cheikh Niasse, d\u00e9nonce des attaqu\u00e9s r\u00e9p\u00e9t\u00e9es contre son groupe de presse. La cha\u00eene Walf TV avait d\u00e9j\u00e0 \u00e9t\u00e9&nbsp;<strong>suspendue pendant une semaine<\/strong>&nbsp;en f\u00e9vrier pour avoir diffus\u00e9 des images de manifestations violentes. \u00ab<em>&nbsp;Il s&rsquo;agissait l\u00e0 d&rsquo;une volont\u00e9 d&rsquo;asphyxier financi\u00e8rement le groupe Walfadjri. Ensuite, l&rsquo;arrestation de monsieur Pape Ndiaye. Il y a une volont\u00e9, en tout cas, de fermer tout simplement le groupe.&nbsp;<\/em>\u00bb<\/p>\n\n\n\n<p>L\u2019ONG Amnesty internationale dit s\u2019inqui\u00e9ter de l\u2019intensification de la r\u00e9pression au S\u00e9n\u00e9gal, \u00e0 un an de la prochaine \u00e9lection pr\u00e9sidentielle.<\/p>\n","protected":false},"excerpt":{"rendered":"<p>\u00c0 Dakar, plusieurs centaines de personnes ont particip\u00e9 \u00e0 un sit-in dimanche 19 mars devant les locaux du groupe de<\/p>\n","protected":false},"author":1,"featured_media":8912,"comment_status":"open","ping_status":"open","sticky":false,"template":"","format":"standard","meta":{"footnotes":""},"categories":[21],"tags":[],"class_list":["post-8911","post","type-post","status-publish","format-standard","has-post-thumbnail","hentry","category-societe"],"_links":{"self":[{"href":"https:\/\/dekkbi.com\/index.php?rest_route=\/wp\/v2\/posts\/8911","targetHints":{"allow":["GET"]}}],"collection":[{"href":"https:\/\/dekkbi.com\/index.php?rest_route=\/wp\/v2\/posts"}],"about":[{"href":"https:\/\/dekkbi.com\/index.php?rest_route=\/wp\/v2\/types\/post"}],"author":[{"embeddable":true,"href":"https:\/\/dekkbi.com\/index.php?rest_route=\/wp\/v2\/users\/1"}],"replies":[{"embeddable":true,"href":"https:\/\/dekkbi.com\/index.php?rest_route=%2Fwp%2Fv2%2Fcomments&post=8911"}],"version-history":[{"count":3,"href":"https:\/\/dekkbi.com\/index.php?rest_route=\/wp\/v2\/posts\/8911\/revisions"}],"predecessor-version":[{"id":8938,"href":"https:\/\/dekkbi.com\/index.php?rest_route=\/wp\/v2\/posts\/8911\/revisions\/8938"}],"wp:featuredmedia":[{"embeddable":true,"href":"https:\/\/dekkbi.com\/index.php?rest_route=\/wp\/v2\/media\/8912"}],"wp:attachment":[{"href":"https:\/\/dekkbi.com\/index.php?rest_route=%2Fwp%2Fv2%2Fmedia&parent=8911"}],"wp:term":[{"taxonomy":"category","embeddable":true,"href":"https:\/\/dekkbi.com\/index.php?rest_route=%2Fwp%2Fv2%2Fcategories&post=8911"},{"taxonomy":"post_tag","embeddable":true,"href":"https:\/\/dekkbi.com\/index.php?rest_route=%2Fwp%2Fv2%2Ftags&post=8911"}],"curies":[{"name":"wp","href":"https:\/\/api.w.org\/{rel}","templated":true}]}}