{"id":8907,"date":"2023-03-20T13:06:40","date_gmt":"2023-03-20T13:06:40","guid":{"rendered":"https:\/\/dekkbi.com\/?p=8907"},"modified":"2023-03-20T13:06:41","modified_gmt":"2023-03-20T13:06:41","slug":"les-medias-francophones-publics-celebrent-la-journee-de-la-francophonie","status":"publish","type":"post","link":"https:\/\/dekkbi.com\/?p=8907","title":{"rendered":"Les M\u00e9dias Francophones Publics c\u00e9l\u00e8brent la journ\u00e9e de la Francophonie"},"content":{"rendered":"\n<p>Les M\u00e9dias Francophones Publics, dont France M\u00e9dias Monde est membre, c\u00e9l\u00e8brent la journ\u00e9e internationale de la francophonie en offrant une s\u00e9lection de programmes issus de leurs antennes. Ils ont en commun de montrer la diversit\u00e9 de la cr\u00e9ation francophone avec la m\u00eame langue en partage&nbsp;: le fran\u00e7ais. Laissez-vous tenter par les \u00e9missions de Radio France (France Inter et France Bleu), la Radio T\u00e9l\u00e9vision Suisse (RTS), la Radio T\u00e9l\u00e9vision Belge Francophone (RTBF), Radio Canada, le r\u00e9seau Outre-Mer 1\u00e8re de France T\u00e9l\u00e9visions.<\/p>\n\n\n\n<p><\/p>\n\n\n\n<p><strong><u>Radio Canada<\/u><\/strong>&nbsp;:<\/p>\n\n\n\n<p>Avec son \u00e9mission&nbsp;<em>Dis-moi ce que tu lis<\/em>, Karyne Lefebvre propose chaque semaine de plonger au c\u0153ur de l\u2019univers litt\u00e9raire d\u2019un auteur. Ici, c\u2019est avec Rodney Saint-Eloy qu\u2019elle s\u2019entretient. Il est&nbsp;\u00e9diteur et tient en estime la litt\u00e9rature, un moyen pour lui de transformer la r\u00e9alit\u00e9, de l&#8217;embellir. Il affirme qu&rsquo;il doit cet amour du verbe \u00e0 sa grand-m\u00e8re Tida, qui lui faisait lire le psaume&nbsp;23 de la Bible.<\/p>\n\n\n\n<p>Dans cette \u00e9mission, il revient \u00e9galement sur ses premiers guides&nbsp;: Corneille, Eschyle et Racine, mais aussi sur ses influences&nbsp;: Gaston Miron, qu&rsquo;il surnomme son \u00ab&nbsp;<em>fr\u00e8re ha\u00eftien<\/em>&nbsp;\u00bb, et Aim\u00e9 C\u00e9saire. L&rsquo;auteur Kevin Lambert et la po\u00e8te Louise Dupr\u00e9 font une apparition surprise, au grand bonheur de ce membre de l&rsquo;Acad\u00e9mie des lettres du Qu\u00e9bec.<\/p>\n\n\n\n<p>Radio Canada &#8211; Dis-moi ce que tu lis<\/p>\n\n\n\n<p>Radio Canada<\/p>\n\n\n\n<p>En fin d\u2019ann\u00e9e derni\u00e8re, au cours de&nbsp;<em>Ils ont fait 2022<\/em>, la redoutable animatrice Marie-Louise Arsenault a propos\u00e9 cinq grandes entrevues avec des personnalit\u00e9s qui se sont distingu\u00e9es au cours de 2022. \u00c9coutons, celle consacr\u00e9e \u00e0 Denise Desautels, po\u00e9tesse qu\u00e9b\u00e9coise qui a brill\u00e9 en France cette ann\u00e9e, notamment par son entr\u00e9e dans la distingu\u00e9e collection Po\u00e9sie de Gallimard, devenant ainsi la premi\u00e8re femme \u00e0 y \u00eatre publi\u00e9e, et sur le prestigieux prix Apollinaire, consid\u00e9r\u00e9 comme le Goncourt de la po\u00e9sie, qu&rsquo;elle a re\u00e7u en 2022. Cette \u00ab&nbsp;rockstar de la po\u00e9sie&nbsp;\u00bb parle \u00e9galement de ses inspirations de jeunesse, \u00e9voque son amour pour Anne H\u00e9bert et Saint-Denys Garneau et r\u00e9pond au questionnaire de fin d&rsquo;ann\u00e9e.<\/p>\n\n\n\n<p>Radio Canada &#8211; Ils ont fait 2022<\/p>\n\n\n\n<p>Radio Canada<\/p>\n\n\n\n<p><strong><u>RTBF<\/u><\/strong>&nbsp;:<\/p>\n\n\n\n<p>Dans leur \u00e9mission du soir, en f\u00e9vrier dernier, Julie Morelle et Himad Messoudi d\u00e9battaient autour du th\u00e8me&nbsp;: \u00ab&nbsp;<em>F\u00f4te d\u2019orthograpFFe&nbsp;: est-ce que c\u2019est grave&nbsp;?<\/em>&nbsp;\u00bb Ils avaient invit\u00e9 Dan Van Raemdonck, professeur de linguistique \u00e0 l\u2019ULB et \u00e0 la VUB, Anne Dister, professeure de linguistique \u00e0 l\u2019Universit\u00e9 Saint-Louis et Arnaud Hoedt, com\u00e9dien et ancien professeur de fran\u00e7ais.<\/p>\n\n\n\n<p>RTBF &#8211; D\u00e9clic<\/p>\n\n\n\n<p>RTBF<\/p>\n\n\n\n<p><em>L\u2019heure H<\/em>, c\u2019est l\u2019heure cruciale&nbsp;: celle qui fait basculer un destin et qui vous plonge dans l\u2019aventure et l\u2019inconnu. Jean-Louis Lahaye s\u2019est, entre autres, pench\u00e9 sur les manuscrits retrouv\u00e9s de C\u00e9line. Il est 15h15 un jour d\u2019\u00e9t\u00e9 2021 \u00e0 Nanterre. Un homme, chemise blanche et baskets, s\u2019avance p\u00e9niblement devant un b\u00e2timent moderne sans \u00e2me o\u00f9 seul l\u2019\u00e9criteau en fa\u00e7ade \u00ab&nbsp;<em>Minist\u00e8re de l\u2019Int\u00e9rieur<\/em>&nbsp;\u00bb le d\u00e9marque des autres b\u00e2timents de la rue. Il n\u2019est pas simple d\u2019acc\u00e9der au b\u00e2timent quand on emm\u00e8ne avec soi trois gros sacs. \u00c0 l\u2019ext\u00e9rieur, les passants ne pr\u00eatent pas attention \u00e0 cet homme. Personne ne le reconna\u00eet. \u00c0 Paris, pourtant, certains milieux ne parlent que de lui depuis quelques mois. Il est au centre d\u2019une affaire dont tous les journaux ont fait leur une. Revivons cette&nbsp;<em>Heure H<\/em>&nbsp;avec lui\u2026<\/p>\n\n\n\n<p>RTBF &#8211; L&rsquo;heure H<\/p>\n\n\n\n<p>RTBF<\/p>\n\n\n\n<p>La RTBF a aussi consacr\u00e9\u00a0<strong>une s\u00e9rie de podcasts in\u00e9dite \u00e0 Franquin<\/strong>, l\u2019une des plus grandes figures de la bande-dessin\u00e9e, le p\u00e8re de Spirou, Gaston Lagaffe et du Marsupilami.<\/p>\n\n\n\n<p><strong><u>RTS<\/u><\/strong>&nbsp;<strong>La 1\u00e8re<\/strong>:<\/p>\n\n\n\n<p>Comment d\u00e9fendre le fran\u00e7ais et la libert\u00e9 de la presse \u00e0 travers le monde, c\u2019est ce qu\u2019explique Anne-C\u00e9cile Robert, pr\u00e9sidente internationale de l&rsquo;Union de la Presse<\/p>\n\n\n\n<p>Francophone (UPF) et directrice des \u00e9ditions et des relations internationales de la revue&nbsp;<em>Le Monde diplomatique<\/em>&nbsp;au micro Antoine Droux dans son \u00e9mission M\u00e9dialogues. Elle d\u00e9crit les objectifs renouvel\u00e9s de l&rsquo;ONG, \u00e0 savoir la d\u00e9fense du fran\u00e7ais et la libert\u00e9 de la presse. Avec la participation de Jean-Philippe Jutzi, pr\u00e9sident de la section suisse et vice-pr\u00e9sident international Europe de l&rsquo;UPF.<\/p>\n\n\n\n<p>RTS &#8211; D\u00e9fendre le fran\u00e7ais et la libert\u00e9 de la presse \u00e0 travers le monde<\/p>\n\n\n\n<p>RTS<\/p>\n\n\n\n<p>Chaque semaine avec\u00a0<em>Dis, Pourquoi ?,<\/em>\u00a0Lucas Thorens s&#8217;empare d&rsquo;une th\u00e9matique et la d\u00e9cortique gr\u00e2ce \u00e0 un ou une experte pour enfin r\u00e9pondre \u00e0 la question \u00ab\u00a0<em>pourquoi<\/em>\u00a0\u00bb. Donc\u00a0: pourquoi la langue fran\u00e7aise. Avec Mathieu Avanzi, professeur du Centre de dialectologie et d&rsquo;\u00e9tude du fran\u00e7ais r\u00e9gional \u00e0 l&rsquo;Universit\u00e9 de Neuch\u00e2tel.<\/p>\n\n\n\n<p>Dans la langue fran\u00e7aise, qu\u02b9on le roule au bout de la langue, qu\u02b9on le r\u00e2cle au fond de la gorge&nbsp;ou qu\u02b9on l\u02b9efface, le son&nbsp;\u00ab R \u00bb&nbsp;est un marqueur fort de l\u2019\u00e9volution de notre langue. Pauline Seiterle a rencontr\u00e9 Andr\u00e8s Kristol, ancien professeur d\u02b9histoire de la langue fran\u00e7aise et de dialectologie gallo-romane \u00e0 l&rsquo;Universit\u00e9 de Neuch\u00e2tel, aujourd\u02b9hui \u00e0 la retraite dabs son \u00e9mission d\u2019\u00e9t\u00e9&nbsp;<em>Le grand air<\/em>.<\/p>\n\n\n\n<p>RTS &#8211; L&rsquo;histoire du grand R<\/p>\n\n\n\n<p>RTS<\/p>\n\n\n\n<p><strong><u>Outre-Mer La 1\u00e8re<\/u><\/strong>&nbsp;:<\/p>\n\n\n\n<p>Avec son album&nbsp;<em>Insula<\/em>&nbsp;et les concerts qui s\u2019ensuivent, le pianiste et compositeur martiniquais Maher Beauroy diffuse un jazz \u00e0 la crois\u00e9e des sonorit\u00e9s de son pays natal et de l\u2019Alg\u00e9rie. Avec en point d\u2019orgue, un hommage \u00e0 l\u2019\u00e9crivain Frantz Fanon qui fait aussi le pont entre les deux cultures. Rencontre avec un musicien inspir\u00e9, au creux de&nbsp;<em>L\u2019Oreille est hardie&nbsp;<\/em>pr\u00e9sent\u00e9 par Patrice Elie dit Cosaque.<\/p>\n\n\n\n<p>Outre-Mer La 1\u00e8re &#8211; L&rsquo;Oreille est hardie, avec Maher Beauroy<\/p>\n\n\n\n<p>Outre-mer 1\u00e8re<\/p>\n\n\n\n<p>Auteure de&nbsp;<em>Pluie et vent sur T\u00e9lum\u00e9e Miracle<\/em>, Simone Schwarz-Bart a v\u00e9cu avec Andr\u00e9 son mari, prix Goncourt 1959, d\u00e9c\u00e9d\u00e9 en 2006, une aventure litt\u00e9raire qui se poursuit encore. Ils ont chacun \u00e9crit des romans phares qui parlent de l\u2019esclavage et de la Shoah. Une s\u00e9rie d&rsquo;entretiens en trois \u00e9pisodes au micro de C\u00e9cile Baquey.<\/p>\n\n\n\n<p><\/p>\n\n\n\n<p><strong><u>France Inter<\/u><\/strong>&nbsp;:<\/p>\n\n\n\n<p>Dans le magazine \u00ab&nbsp;Interception&nbsp;\u00bb, Mathieu Mondoloni s\u2019est pench\u00e9 sur l\u2019intelligence artificielle. Elle est partout dans nos vies quotidiennes. De la vid\u00e9o surveillance, \u00e0 la gestion des espaces verts dans certaines villes en passant par l\u2019\u00e9mergence de ChatGPT, l\u2019IA fascine, elle inqui\u00e8te aussi. Jusqu\u2019o\u00f9 va-t-elle dans le contr\u00f4le de nos vies ?&nbsp;<\/p>\n\n\n\n<p><\/p>\n\n\n\n<p><strong>Radio France internationale (RFI)<\/strong><\/p>\n\n\n\n<p><a href=\"https:\/\/www.rfi.fr\/fr\/podcasts\/de-vive-s-voix\/20230105-litt%C3%A9rature-il-n-y-a-pas-d-arc-en-ciel-au-paradis-la-traite-n%C3%A9gri%C3%A8re-dans-une-langue-de-griot\"><strong>\u200b\u200b\u200b\u200b\u200b\u200b<\/strong><\/a><\/p>\n\n\n\n<p>Dans ce livre,&nbsp;N\u00e9tonon No\u00ebl Ndj\u00e9k\u00e9ry&nbsp;livre une exploration du pass\u00e9 et du pr\u00e9sent du Tchad, son pays natal. Traite n\u00e9gri\u00e8re,&nbsp;colonisation,&nbsp;conflits mondiaux et coups d&rsquo;\u00c9tat&nbsp;qui viendront perturber les vis\u00e9es d\u00e9mocratiques du Tchad ind\u00e9pendant, jusqu&rsquo;\u00e0 l&rsquo;essor des jihadistes&nbsp;de Boko Haram, 200 ans d&rsquo;histoire sont mis en lumi\u00e8re par l&rsquo;auteur tchado-suisse.&nbsp;<\/p>\n\n\n\n<p>N\u00e9tonon No\u00ebl Ndj\u00e9k\u00e9ry&nbsp;est un auteur tchado-suisse. Il raconte la traite n\u00e9gri\u00e8re dans<em>Il n&rsquo;y a pas d&rsquo;arc-en-ciel au paradis,&nbsp;<\/em>aux \u00e9ditions H\u00e9lice H\u00e9las.<\/p>\n\n\n\n<p>Pr\u00e9sentation&nbsp;: Pascal Paradou<\/p>\n\n\n\n<p>R\u00e9alisation&nbsp;: Guillaume Ploquin<\/p>\n\n\n\n<p><\/p>\n\n\n\n<p>\u00c9voquer le Vietnam, c\u2019est souvent convoquer la guerre ou r\u00e9veiller les rizi\u00e8res. Si si, trop souvent. M\u00eame par ici, le Vietnam oscille r\u00e9guli\u00e8rement entre le d\u00e9pliant touristique et l\u2019Histoire d\u2019oncle H\u00f4.<\/p>\n\n\n\n<p>En Sol Majeur vient de d\u00e9couvrir une petite merveille de documentaire intitul\u00e9&nbsp;<em>Once upon a bridge in Vietnam<\/em>, qu\u2019on traduira par Il \u00e9tait une fois un pont au Vietnam. Et \u00e7a, c\u2019est un joli d\u00e9but de partition. Il \u00e9tait une fois un jeune homme sur ce pont, avec dans sa main droite son amour pour la musique classique et dans sa main gauche son amour pour sa grand-m\u00e8re vietnamienne. Y a du pupitre dans l\u2019air. Car lorsqu\u2019il anime ses bras,&nbsp;Fran\u00e7ois Bibonne&nbsp;devient le chef d\u2019orchestre d\u2019un regard diff\u00e9rent sur cette terre. L\u2019id\u00e9e \u00e9tant de faire le pont entre le Vietnam francophone et un Camille Saint-Sa\u00ebns qui a son mus\u00e9e \u00e0 Saigon\u2026<\/p>\n\n\n\n<p>Pr\u00e9sentation&nbsp;: Yasmine Chouaki<\/p>\n\n\n\n<p>R\u00e9alisation&nbsp;: Laura Pinto<\/p>\n","protected":false},"excerpt":{"rendered":"<p>Les M\u00e9dias Francophones Publics, dont France M\u00e9dias Monde est membre, c\u00e9l\u00e8brent la journ\u00e9e internationale de la francophonie en offrant une<\/p>\n","protected":false},"author":1,"featured_media":8908,"comment_status":"open","ping_status":"open","sticky":false,"template":"","format":"standard","meta":{"footnotes":""},"categories":[46],"tags":[],"class_list":["post-8907","post","type-post","status-publish","format-standard","has-post-thumbnail","hentry","category-technology"],"_links":{"self":[{"href":"https:\/\/dekkbi.com\/index.php?rest_route=\/wp\/v2\/posts\/8907","targetHints":{"allow":["GET"]}}],"collection":[{"href":"https:\/\/dekkbi.com\/index.php?rest_route=\/wp\/v2\/posts"}],"about":[{"href":"https:\/\/dekkbi.com\/index.php?rest_route=\/wp\/v2\/types\/post"}],"author":[{"embeddable":true,"href":"https:\/\/dekkbi.com\/index.php?rest_route=\/wp\/v2\/users\/1"}],"replies":[{"embeddable":true,"href":"https:\/\/dekkbi.com\/index.php?rest_route=%2Fwp%2Fv2%2Fcomments&post=8907"}],"version-history":[{"count":1,"href":"https:\/\/dekkbi.com\/index.php?rest_route=\/wp\/v2\/posts\/8907\/revisions"}],"predecessor-version":[{"id":8909,"href":"https:\/\/dekkbi.com\/index.php?rest_route=\/wp\/v2\/posts\/8907\/revisions\/8909"}],"wp:featuredmedia":[{"embeddable":true,"href":"https:\/\/dekkbi.com\/index.php?rest_route=\/wp\/v2\/media\/8908"}],"wp:attachment":[{"href":"https:\/\/dekkbi.com\/index.php?rest_route=%2Fwp%2Fv2%2Fmedia&parent=8907"}],"wp:term":[{"taxonomy":"category","embeddable":true,"href":"https:\/\/dekkbi.com\/index.php?rest_route=%2Fwp%2Fv2%2Fcategories&post=8907"},{"taxonomy":"post_tag","embeddable":true,"href":"https:\/\/dekkbi.com\/index.php?rest_route=%2Fwp%2Fv2%2Ftags&post=8907"}],"curies":[{"name":"wp","href":"https:\/\/api.w.org\/{rel}","templated":true}]}}