{"id":8899,"date":"2023-03-20T12:48:41","date_gmt":"2023-03-20T12:48:41","guid":{"rendered":"https:\/\/dekkbi.com\/?p=8899"},"modified":"2023-03-20T12:48:43","modified_gmt":"2023-03-20T12:48:43","slug":"augustin-senghor-sur-le-quota-a-la-coupe-du-monde-de-football-il-ny-a-pas-de-raison-que-luefa-ait-13-places-et-pas-la-caf","status":"publish","type":"post","link":"https:\/\/dekkbi.com\/?p=8899","title":{"rendered":"Augustin Senghor sur le quota \u00e0 la coupe du monde de football : \u00abil n\u2019y a pas de raison que l\u2019Uefa ait 13 places et pas la Caf \u00bb"},"content":{"rendered":"\n<p>KIGALI, Rwanda) \u2013 Augustin Senghor se fait l\u2019avocat du football africain. Le pr\u00e9sident de la F\u00e9d\u00e9ration s\u00e9n\u00e9galaise de football (FSF) et 1er vice-pr\u00e9sident de la CAF l\u2019a encore une fois martel\u00e9, vendredi 16 mars, en marge du congr\u00e8s de la Fifa, marqu\u00e9 par la r\u00e9\u00e9lection par acclamation du pr\u00e9sident Gianni Infantino dans la salle BK Arena de Kigali. Selon le maire de l\u2019Ile de Gor\u00e9e, \u00abrien ne justifiait que nous nous retrouvions toujours avec 5 places\u00bb, \u00e0 la coupe du monde alors que l\u2019Europe envoie 13 nations. Pis, l\u2019Am\u00e9rique du Sud compte 5 participants pour une conf\u00e9d\u00e9ration de seulement 10 pays. Pour mettre fin \u00e0 cette \u00abinjustice\u00bb, la Fifa a fait passer les pays participants de 32 \u00e0 48 \u00e0 partir de la prochaine coupe du monde United2026 avec 9 places et une place barragiste pour le continent noir.<\/p>\n\n\n\n<h3 class=\"wp-block-heading\">Pr\u00e9sident, qu\u2019attendez-vous de ce nouveau mandat du Pr\u00e9sident Gianni Infantino pour le football s\u00e9n\u00e9galais et pour le football africain ?<\/h3>\n\n\n\n<p>Une partie du travail est fait. J\u2019avais estim\u00e9 qu\u2019il y avait une injustice notoire sur la r\u00e9partition des places \u00e0 la Coupe du monde avec les conf\u00e9d\u00e9rations. Rien ne justifiait que nous nous retrouvions toujours avec 5 places. Donc le pr\u00e9sident l\u2019a r\u00e9gl\u00e9, je dirai substantiellement mais j\u2019estime que ce n\u2019est pas assez, il nous faut encore plus de places. Nous sommes 54 nations, nous sommes au<br>m\u00eame niveau que l\u2019UEFA, il n\u2019y a pas de raison que l\u2019UEFA ait 13 places et pas nous (CAF). C\u2019est un autre combat qui commence, il ne faut pas avoir peur de poser ce d\u00e9bat-l\u00e0. \u00c0 c\u00f4t\u00e9 de \u00e7a aussi, nous devions montrer que nous m\u00e9ritons ces places que nous demandons en termes de r\u00e9sultats, en terme de meilleure organisation de nos associations, en terme de plus d\u2019attractivit\u00e9s au niveau de nos comp\u00e9titions de la conf\u00e9d\u00e9ration africaine conform\u00e9ment \u00e0 la vision de notre pr\u00e9sident, Patrice<br>Motsepe.<\/p>\n\n\n\n<h2 class=\"wp-block-heading\">\u00abGagner une fois c\u2019est bien mais \u00eatre performant sur la dur\u00e9e c\u2019est notre vrai objectif et nous ne<br>l\u2019avons pas encore atteint\u00bb<\/h2>\n\n\n\n<h3 class=\"wp-block-heading\">N\u00f6el Le Graet a \u00e9t\u00e9 r\u00e9cemment nomm\u00e9 point focal de la FIFA charg\u00e9 du d\u00e9veloppement du football en Afrique. Qu\u2019en pensez-vous ?<\/h3>\n\n\n\n<p>J\u2019en pense rien, parce qu\u2019\u00e0 ma connaissance je n\u2019ai pas vu une d\u00e9cision officielle ou un communiqu\u00e9 de la FIFA parlant de \u00e7a. J\u2019ai vu les commentaires en marge de sa d\u00e9cision de d\u00e9mission le jour de sa d\u00e9mission de la part d\u2019un membre du Comex de la FFF et de lui-m\u00eame. Donc, pour le moment \u00e7a ne m\u2019interpelle pas, ce n\u2019est pas une d\u00e9cision officielle je n\u2019ai pas de commentaire \u00e0 faire l\u00e0-dessus.<\/p>\n\n\n\n<h3 class=\"wp-block-heading\">Partagez-vous le point de vue du Pr\u00e9sident Kagame qui compte aller en croisade contre le racisme dans le football ?<\/h3>\n\n\n\n<p>Moi-m\u00eame, \u00e0 plusieurs reprises chaque fois que j\u2019ai constat\u00e9 qu\u2019il y avait ces situations je les ai d\u00e9nonc\u00e9es. Non pas seulement le raciste tourn\u00e9 vers les populations africaines ou les populations noires. Mais toutes formes de discriminations, toutes formes d\u2019intol\u00e9rances doivent \u00eatre bannies dans le sport. Le sport doit \u00eatre un espace de convivialit\u00e9, de rencontre de fraternit\u00e9. Et ce sont ces valeurs-l\u00e0 qui nous poussent tous \u00e0 migrer vers cet espace qui a su garder un peu d\u2019humanisme et d\u2019humanit\u00e9. Il faut qu\u2019on le pr\u00e9serve dans l\u2019int\u00e9r\u00eat de cette humanit\u00e9. Justement, c\u2019est ce que le pr\u00e9sident Kagame a dit, et je m\u2019y retrouve. Je pense qu\u2019aussi de dirigeants s\u2019y retrouvent. Maintenant, il nous appartient de le combattre sans faux semblant et je dirai \u00e0 valeur \u00e9gale, il n\u2019y a pas de discrimination plus noble que d\u2019autres parce que je vois d\u00e8s fois sur certains aspects disons-le quand on parle des LGBT, on veut que tous se rangent mais quand on parle de racisme contre les noirs ou contre d\u2019autres cat\u00e9gories de personnes, les gens n\u2019en parlent pas ou ne les d\u00e9fendent pas assez. Or, \u00e7a aussi, c\u2019est \u00e0 d\u00e9noncer.<\/p>\n\n\n\n<h3 class=\"wp-block-heading\">Vous \u00eates devenu l\u2019attraction du football africain\u2026<\/h3>\n\n\n\n<p>Ah bon ? C\u2019est le S\u00e9n\u00e9gal plut\u00f4t. Ce n\u2019est pas moi. On est heureux d\u2019abord.<br>Je parlais tout \u00e0 l\u2019heure (l\u2019interview a \u00e9t\u00e9 r\u00e9alis\u00e9e en marge du congr\u00e8s de la Fifa, le 16 mars, Ndlr) \u00e0 un ami qui est une ancienne gloire du football africain, qui \u00e9tait pr\u00e9sident de la F\u00e9d\u00e9ration Congolaise. Il me dit d\u00e9j\u00e0 en 1968, ils ont jou\u00e9 contre le S\u00e9n\u00e9gal et eux-m\u00eames ne comprenaient pas pourquoi le S\u00e9n\u00e9gal n\u2019arrivait pas \u00e0 gagner. Je lui ai dit que c\u2019est simplement parce que le temps n\u2019\u00e9tait pas arriv\u00e9. Le temps est arriv\u00e9 et certainement nous notre g\u00e9n\u00e9ration est all\u00e9e vers ce temps ou que ce temps-l\u00e0 est venu vers nous. Tout s\u2019encha\u00eene, on gagne mais bon plus s\u00e9rieusement aujourd\u2019hui je pense que c\u2019est l\u2019ensemble des S\u00e9n\u00e9galais qui ont pris conscience qu\u2019il y avait un anachronisme qui ne se justifier pas. On avait du talent, on n\u2019\u00e9tait pas les pires f\u00e9d\u00e9rations au contraire on a eu des dirigeants de qualit\u00e9s pendant des g\u00e9n\u00e9rations. On avait tout pour r\u00e9ussir, beaucoup de g\u00e9n\u00e9rations ont rat\u00e9 des occasions de gagner on le sait et \u00e0 un moment donn\u00e9 on a dit que \u00e7a suffisait. On a travaill\u00e9 tous ensemble dans un m\u00eame \u00e9lan pour arriver \u00e0 \u00e7a.<\/p>\n\n\n\n<p>Il y a une f\u00e9d\u00e9ration avec une g\u00e9n\u00e9ration de dirigeants qui a voulu que les choses changent qui \u00e0 un moment donn\u00e9, a m\u00eame renonc\u00e9 pour certains \u00e0 des ambitions personnelles pour se mettre tous ensemble autour d\u2019un slogan qui \u00e9tait \u00ab Manko Wutti Ndam Li \u00bb qui signifie simplement s\u2019unir pour aller vers la victoire. Et comme par hasard \u00e7a a march\u00e9 et m\u00eame plus d\u2019une fois.<\/p>\n\n\n\n<p><br>On a gagn\u00e9 la CAN, on pensait que \u00e7a va s\u2019arr\u00eater l\u00e0 et \u00e7a s\u2019encha\u00eene. \u00c7a montre qu\u2019aussi quelque part que le travail de fond qui a \u00e9t\u00e9 fait produit ses fruits. Mais aussi que la cl\u00e9 du succ\u00e8s pour nous autres pays qui voulons \u00e9merger dans le football ou dans le sport c\u2019est de donner du temps au temps. C\u2019est \u00e7a qu\u2019il faut magnifier pour moi en tant que pr\u00e9sident de f\u00e9d\u00e9ration. J\u2019ai b\u00e9n\u00e9fici\u00e9 du temps et de la compr\u00e9hension des populations, des supporters mais aussi des autorit\u00e9s s\u00e9n\u00e9galaises sans qui nous n\u2019aurons pas pu arriver \u00e0 ces objectifs-l\u00e0.<\/p>\n\n\n\n<h3 class=\"wp-block-heading\">Ce consensus tant pr\u00f4n\u00e9 autour de vous est-il une r\u00e9alit\u00e9 ?<\/h3>\n\n\n\n<p>Pas que moi, c\u2019\u00e9tait une vision collective et donc le m\u00e9rite est bien entendu collectif et c\u2019est \u00e7a qu\u2019il faut magnifier. Je pense que ce serait pour moi une erreur de tout ramener \u00e0 ma personne.<\/p>\n\n\n\n<p>Au contraire, je pense que c\u2019est un mouvement d\u2019ensemble qui s\u2019est cr\u00e9\u00e9, une prise de conscience collective. Aujourd\u2019hui le S\u00e9n\u00e9gal en b\u00e9n\u00e9ficie et aussi c\u2019est le moment de ne pas se contenter que de \u00e7a. Il faut se remettre en cause, travailler parce que ce qui vient devant est le plus difficile. C\u2019est-\u00e0-dire se maintenir au sommet avec d\u2019autres pays qui vont venir nous bousculer. Depuis que je suis l\u00e0 tous mes coll\u00e8gues pr\u00e9sidents me disent vous allez arr\u00eater quand ?<br>Je pense qu\u2019ils vont se donner les moyens de nous arr\u00eater mais je leur lance le d\u00e9fi en leur disant non mais on n\u2019est pas pr\u00eats. On vient juste de commencer \u00e0 gagner et on a envie de gagner encore beaucoup de troph\u00e9es. Je pense qu\u2019aujourd\u2019hui c\u2019est une p\u00e9riode o\u00f9 nous travaillons \u00e0 gagner en acc\u00e9l\u00e9rant. D\u2019abord pour le temps perdu depuis plusieurs d\u00e9cades, depuis 60 ans mais aussi pour un futur proche parce qu\u2019aujourd\u2019hui nous avons jet\u00e9 les bases d\u2019un football qui peut \u00eatre performant sur la dur\u00e9e. C\u2019\u00e9tait l\u2019un des objectifs.<br>Gagner une fois c\u2019est bien mais \u00eatre performant sur la dur\u00e9e c\u2019est notre vrai objectif et nous ne l\u2019avons pas encore atteint.<\/p>\n\n\n\n<p>Le S\u00e9n\u00e9gal sur quatre tableaux dans quelques jours avec les U23 et les Seniors. Comment compter vous g\u00e9rer cette situation ?<\/p>\n\n\n\n<p>Je disais tant\u00f4t qu\u2019il faut se remettre en cause et en question en perma-nence. Aujourd\u2019hui se requalifier \u00e0 la CAN est m\u00eame une obligation pour l\u2019\u00e9quipe A derri\u00e8re aussi gagner en U23<br>pour aller \u00e0 cette Coupe d\u2019Afrique U23 avec une g\u00e9n\u00e9ration de joueurs qui en r\u00e9alit\u00e9 sont des faux expatri\u00e9s. Je les appelle comme \u00e7a parce que la plupart de ces U23 nous viennent donc de l\u2019ext\u00e9rieur mais ils sont partis du pays, ils ont connu les \u00e9quipes de jeunes au S\u00e9n\u00e9gal. C\u2019est \u00e7a la vision de la F\u00e9d\u00e9ration.<\/p>\n\n\n\n<p>Il est important pour nous que cette \u00e9quipe de Demba Mbaye se qualifie parce que \u00e7a nous permettra de viser comme objectif \u00e0 la CAN, de nous qualifier aux JO Paris 2024. Et de faire une duplication de la g\u00e9n\u00e9ration des Sadio Man\u00e9. Cette g\u00e9n\u00e9ration, si elle se qualifie en \u00e9tant parmi les trois premi\u00e8res \u00e9quipes de la CAN U23, elle pourra non seulement participer aux Jeux olympiques Paris 2024 mais cette g\u00e9n\u00e9ration charni\u00e8re avec les U20 que nous connaissons, une fois maintenue pourrait \u00eatre l\u2019avenir de notre football. Parce qu\u2019aujourd\u2019hui, nous ne devons plus avoir une rupture de g\u00e9n\u00e9rations. Nous avons une g\u00e9n\u00e9ration fabuleuse avec des Sadio Man\u00e9, Kalidou Koulibaly, Idrissa Gana Gu\u00e8ye, je ne peux pas citer tout le monde. Vous les connaissez mais il faudrait maintenant qu\u2019on pr\u00e9pare l\u2019avenir avec eux mais aussi avec d\u2019autres jeunes qui vont venir s\u2019inspirer d\u2019eux pour poursuivre cette marche victorieuse du football s\u00e9n\u00e9galais.<\/p>\n\n\n\n<p>RECUEILLIS PAR ABDOULAYE THIAM<br>(ENVOY\u00c9 SP\u00c9CIAL \u00c0 KIGALI)<\/p>\n","protected":false},"excerpt":{"rendered":"<p>KIGALI, Rwanda) \u2013 Augustin Senghor se fait l\u2019avocat du football africain. Le pr\u00e9sident de la F\u00e9d\u00e9ration s\u00e9n\u00e9galaise de football (FSF)<\/p>\n","protected":false},"author":1,"featured_media":8752,"comment_status":"open","ping_status":"open","sticky":false,"template":"","format":"standard","meta":{"footnotes":""},"categories":[9],"tags":[],"class_list":["post-8899","post","type-post","status-publish","format-standard","has-post-thumbnail","hentry","category-sports"],"_links":{"self":[{"href":"https:\/\/dekkbi.com\/index.php?rest_route=\/wp\/v2\/posts\/8899","targetHints":{"allow":["GET"]}}],"collection":[{"href":"https:\/\/dekkbi.com\/index.php?rest_route=\/wp\/v2\/posts"}],"about":[{"href":"https:\/\/dekkbi.com\/index.php?rest_route=\/wp\/v2\/types\/post"}],"author":[{"embeddable":true,"href":"https:\/\/dekkbi.com\/index.php?rest_route=\/wp\/v2\/users\/1"}],"replies":[{"embeddable":true,"href":"https:\/\/dekkbi.com\/index.php?rest_route=%2Fwp%2Fv2%2Fcomments&post=8899"}],"version-history":[{"count":1,"href":"https:\/\/dekkbi.com\/index.php?rest_route=\/wp\/v2\/posts\/8899\/revisions"}],"predecessor-version":[{"id":8900,"href":"https:\/\/dekkbi.com\/index.php?rest_route=\/wp\/v2\/posts\/8899\/revisions\/8900"}],"wp:featuredmedia":[{"embeddable":true,"href":"https:\/\/dekkbi.com\/index.php?rest_route=\/wp\/v2\/media\/8752"}],"wp:attachment":[{"href":"https:\/\/dekkbi.com\/index.php?rest_route=%2Fwp%2Fv2%2Fmedia&parent=8899"}],"wp:term":[{"taxonomy":"category","embeddable":true,"href":"https:\/\/dekkbi.com\/index.php?rest_route=%2Fwp%2Fv2%2Fcategories&post=8899"},{"taxonomy":"post_tag","embeddable":true,"href":"https:\/\/dekkbi.com\/index.php?rest_route=%2Fwp%2Fv2%2Ftags&post=8899"}],"curies":[{"name":"wp","href":"https:\/\/api.w.org\/{rel}","templated":true}]}}