{"id":8896,"date":"2023-03-20T12:46:03","date_gmt":"2023-03-20T12:46:03","guid":{"rendered":"https:\/\/dekkbi.com\/?p=8896"},"modified":"2023-03-20T12:46:04","modified_gmt":"2023-03-20T12:46:04","slug":"organe-de-controle-des-elections-un-retraite-va-remplacer-un-retraite-a-la-tete-de-la-cena","status":"publish","type":"post","link":"https:\/\/dekkbi.com\/?p=8896","title":{"rendered":"Organe de contr\u00f4le des \u00e9lections: Un retrait\u00e9 va remplacer un retrait\u00e9 \u00e0 la t\u00eate de la CENA"},"content":{"rendered":"\n<h3 class=\"wp-block-heading\">En fin de mandat, Doudou Ndir va quitter la Commission \u00e9lectorale nationale autonome (Cena). Ainsi en a d\u00e9cid\u00e9 le chef de l\u2019Etat, Macky Sall.<\/h3>\n\n\n\n<p><\/p>\n\n\n\n<p>Il sera remplac\u00e9 par l\u2019ancien pr\u00e9sident de la Cour supr\u00eame, Cheikh Tidiane Coulibaly, r\u00e9v\u00e8le \u00ab\u00a0L\u2019Observateur\u00a0\u00bb dans sa parution du jour. Seul hic, ce dernier a \u00e9galement d\u00e9pass\u00e9 l\u2019\u00e2ge de la retraite.<\/p>\n\n\n\n<p>Des sources proches du journal confient que le chef de l\u2019Etat, Macky Sall, a d\u00e9j\u00e0 act\u00e9 la d\u00e9cision. Il ne reste que la publication du d\u00e9cret.<br>Outre le pr\u00e9sident Doudou Ndir, d\u2019autres membres de la Cena, comme le Vice-Pr\u00e9sident, Papa Sambar\u00e9 Diop, notaire, le journaliste Issa Sall\u2026ont \u00e9puis\u00e9 leur mandat et seront remplac\u00e9s. Et plusieurs noms circulent pour remplacer environ sept membres en fin de mandat.<\/p>\n\n\n\n<p>En clair, la Cena comprend douze membres nomm\u00e9s par d\u00e9cret. Ils sont choisis parmi les personnalit\u00e9s ind\u00e9pendantes, exclusivement de nationalit\u00e9 s\u00e9n\u00e9galaise, connues pour leur int\u00e9grit\u00e9 morale, leur honn\u00eatet\u00e9 intellectuelle, leur neutralit\u00e9 et leur impartialit\u00e9.<\/p>\n\n\n\n<p><strong>Senenews<\/strong><\/p>\n","protected":false},"excerpt":{"rendered":"<p>En fin de mandat, Doudou Ndir va quitter la Commission \u00e9lectorale nationale autonome (Cena). Ainsi en a d\u00e9cid\u00e9 le chef<\/p>\n","protected":false},"author":1,"featured_media":8897,"comment_status":"open","ping_status":"open","sticky":false,"template":"","format":"standard","meta":{"footnotes":""},"categories":[6],"tags":[],"class_list":["post-8896","post","type-post","status-publish","format-standard","has-post-thumbnail","hentry","category-politics"],"_links":{"self":[{"href":"https:\/\/dekkbi.com\/index.php?rest_route=\/wp\/v2\/posts\/8896","targetHints":{"allow":["GET"]}}],"collection":[{"href":"https:\/\/dekkbi.com\/index.php?rest_route=\/wp\/v2\/posts"}],"about":[{"href":"https:\/\/dekkbi.com\/index.php?rest_route=\/wp\/v2\/types\/post"}],"author":[{"embeddable":true,"href":"https:\/\/dekkbi.com\/index.php?rest_route=\/wp\/v2\/users\/1"}],"replies":[{"embeddable":true,"href":"https:\/\/dekkbi.com\/index.php?rest_route=%2Fwp%2Fv2%2Fcomments&post=8896"}],"version-history":[{"count":1,"href":"https:\/\/dekkbi.com\/index.php?rest_route=\/wp\/v2\/posts\/8896\/revisions"}],"predecessor-version":[{"id":8898,"href":"https:\/\/dekkbi.com\/index.php?rest_route=\/wp\/v2\/posts\/8896\/revisions\/8898"}],"wp:featuredmedia":[{"embeddable":true,"href":"https:\/\/dekkbi.com\/index.php?rest_route=\/wp\/v2\/media\/8897"}],"wp:attachment":[{"href":"https:\/\/dekkbi.com\/index.php?rest_route=%2Fwp%2Fv2%2Fmedia&parent=8896"}],"wp:term":[{"taxonomy":"category","embeddable":true,"href":"https:\/\/dekkbi.com\/index.php?rest_route=%2Fwp%2Fv2%2Fcategories&post=8896"},{"taxonomy":"post_tag","embeddable":true,"href":"https:\/\/dekkbi.com\/index.php?rest_route=%2Fwp%2Fv2%2Ftags&post=8896"}],"curies":[{"name":"wp","href":"https:\/\/api.w.org\/{rel}","templated":true}]}}