{"id":8890,"date":"2023-03-20T12:38:59","date_gmt":"2023-03-20T12:38:59","guid":{"rendered":"https:\/\/dekkbi.com\/?p=8890"},"modified":"2023-03-20T12:39:01","modified_gmt":"2023-03-20T12:39:01","slug":"meeting-declaration-de-candidature-amadou-ba-presse-macky","status":"publish","type":"post","link":"https:\/\/dekkbi.com\/?p=8890","title":{"rendered":"Meeting \u2013 D\u00e9claration de candidature : Amadou Ba presse Macky"},"content":{"rendered":"\n<p><strong>Ce dimanche \u00e0 Ndiaffate, d\u00e9partement de Kaolack, le Premier ministre Amadou Ba a demand\u00e9 au Pr\u00e9sident Macky Sall de d\u00e9clarer sa candidature afin de leur permettre de lancer rapidement la campagne \u00e9lectorale de la majorit\u00e9 \u00e0 la Pr\u00e9sidentielle de 2024. Les responsables de Bby s\u2019\u00e9taient donn\u00e9 rendez-vous pour la tenue du m\u00e9ga meeting r\u00e9gional d\u2019investiture du Pr\u00e9sident Macky Sall.<\/strong><\/p>\n\n\n\n<p><strong>Par La\u00efty NDIAYE \u2013&nbsp;<\/strong>Le Premier ministre et ses camarades de parti, qui \u00e9taient en meeting hier \u00e0 Ndiaffate, veulent acc\u00e9l\u00e9rer la cadence en direction de la Pr\u00e9sidentielle de 2024. Et Amadou Ba, pour l\u2019exprimer de vive voix, n\u2019a pas trouv\u00e9 meilleure tribune que la rencontre politique qu\u2019ils ont tenue au c\u0153ur du Saloum. C\u2019est au cours de celle-ci que ce responsable de l\u2019Apr a invit\u00e9 le patron de son parti et pr\u00e9sident de la R\u00e9publique, Macky Sall, \u00e0 d\u00e9clarer officiellement sa candidature au scrutin pr\u00e9sidentiel de 2024. Le chef du gouvernement a indiqu\u00e9 qu\u2019une r\u00e9action positive du Pr\u00e9sident Macky Sall leur permettra de lancer rapidement leur campagne \u00e9lectorale.<\/p>\n\n\n\n<p>Amadou Ba a aussi salu\u00e9 la forte mobilisation de la jeunesse au meeting de Ndiaffate. \u00abNous trouvons une population acquise \u00e0 la cause de Macky. Nous n\u2019avons pas d\u2019autres choix que poursuivre la mise en \u0153uvre du programme de Macky Sall et transformer cette majorit\u00e9\u00bb, a affirm\u00e9 le Premier ministre, en magnifiant l\u2019\u00abunit\u00e9 retrouv\u00e9e\u00bb de la majorit\u00e9.<\/p>\n\n\n\n<p><strong>\u00abLe 30 mars, \u00abFay pneus yi, taal ndogu yi\u00bb\u00bb<\/strong><br>Pour coller \u00e0 l\u2019actualit\u00e9 politico-judiciaire, qui a entra\u00een\u00e9 des \u00e9meutes n\u00e9es du proc\u00e8s Mame Mbaye Niang-Ousmane Sonko, le ministre de la Jeunesse, Pape Malick Ndour, dira&nbsp;: \u00abNous avons d\u00e9clar\u00e9 la journ\u00e9e du 30 (mars, date de la tenue du proc\u00e8s en audience sp\u00e9ciale), journ\u00e9e du civisme avec l\u2019op\u00e9ration \u00abFay pneus yi, taal ndogu yi\u00bb. Le 30, on ne mettra le feu nulle part, il n\u2019y aura pas de saccage non plus, mais plut\u00f4t des actions d\u2019h\u00e9ro\u00efsme et de patriotisme durant le Ramadan. A la place des pneus br\u00fbl\u00e9s, les jeunes entretiendront plut\u00f4t les feux qui cuisent les repas de rupture du je\u00fbne\u00bb, a annonc\u00e9 le ministre de la Jeunesse, non sans lancer de piques en direction du leader du parti Pastef.<\/p>\n\n\n\n<p>Le meeting de Ndiaffate a drain\u00e9 beaucoup de monde. Il a aussi enregistr\u00e9 la pr\u00e9sence de nombreux responsables locaux du parti au pouvoir et des alli\u00e9s, notamment Moustapha Niasse, ancien pr\u00e9sident de l\u2019Assembl\u00e9e nationale, du d\u00e9put\u00e9 socialiste, Abdoulaye Willane, du Dg de la Senelec, Pape Mademba Bit\u00e8ye, de Modou Ndiaye \u00abRahma\u00bb, de l\u2019homme d\u2019affaires Baye Ciss, du Premier ministre Amadou Ba, de la d\u00e9put\u00e9e-maire A\u00efssatou Ndiaye Tall.<\/p>\n\n\n\n<p>\u00abQue Macky Sall ait l\u2019esprit tranquille. Dans le Saloum, nous avons vu toutes les r\u00e9alisations du Pr\u00e9sident dans la r\u00e9gion. On va gagner haut la main\u00bb, a d\u00e9clar\u00e9 la maire de Ndiaffate, en martelant que c\u2019est \u00abune demande sociale\u00bb, une \u00abobligation\u00bb. \u00abDevant la face du monde, la R\u00e9publique restera debout avec des institutions fortes.&nbsp;La jeunesse restera debout\u00bb, a-t-elle ajout\u00e9. Pour Ahmed Youssou Benjelloun, pr\u00e9sident du Conseil d\u00e9partemental de Kaolack, \u00abil n\u2019y a pas d\u2019alternative\u00bb : \u00abMacky Sall est notre candidat. Il ne saurait en \u00eatre autrement.\u00bb<\/p>\n\n\n\n<p>\u00abLe d\u00e9senclavement des villes sera total dans le deuxi\u00e8me quinquennat et l\u2019autoroute sera termin\u00e9e en 2023\u00bb, a-t-il annonc\u00e9 dans la foul\u00e9e.<\/p>\n\n\n\n<p>Du reste, Amadou Ba a appel\u00e9 les S\u00e9n\u00e9galais \u00e0 sauvegarder les valeurs d\u00e9mocratiques et de paix du pays, et les membres du parti \u00e0 cultiver l\u2019unit\u00e9 autour de l\u2019essentiel.<\/p>\n\n\n\n<p><br><strong>Correspondant<\/strong> LEQUOTIDIEN<\/p>\n","protected":false},"excerpt":{"rendered":"<p>Ce dimanche \u00e0 Ndiaffate, d\u00e9partement de Kaolack, le Premier ministre Amadou Ba a demand\u00e9 au Pr\u00e9sident Macky Sall de d\u00e9clarer<\/p>\n","protected":false},"author":1,"featured_media":8891,"comment_status":"open","ping_status":"open","sticky":false,"template":"","format":"standard","meta":{"footnotes":""},"categories":[6],"tags":[],"class_list":["post-8890","post","type-post","status-publish","format-standard","has-post-thumbnail","hentry","category-politics"],"_links":{"self":[{"href":"https:\/\/dekkbi.com\/index.php?rest_route=\/wp\/v2\/posts\/8890","targetHints":{"allow":["GET"]}}],"collection":[{"href":"https:\/\/dekkbi.com\/index.php?rest_route=\/wp\/v2\/posts"}],"about":[{"href":"https:\/\/dekkbi.com\/index.php?rest_route=\/wp\/v2\/types\/post"}],"author":[{"embeddable":true,"href":"https:\/\/dekkbi.com\/index.php?rest_route=\/wp\/v2\/users\/1"}],"replies":[{"embeddable":true,"href":"https:\/\/dekkbi.com\/index.php?rest_route=%2Fwp%2Fv2%2Fcomments&post=8890"}],"version-history":[{"count":1,"href":"https:\/\/dekkbi.com\/index.php?rest_route=\/wp\/v2\/posts\/8890\/revisions"}],"predecessor-version":[{"id":8892,"href":"https:\/\/dekkbi.com\/index.php?rest_route=\/wp\/v2\/posts\/8890\/revisions\/8892"}],"wp:featuredmedia":[{"embeddable":true,"href":"https:\/\/dekkbi.com\/index.php?rest_route=\/wp\/v2\/media\/8891"}],"wp:attachment":[{"href":"https:\/\/dekkbi.com\/index.php?rest_route=%2Fwp%2Fv2%2Fmedia&parent=8890"}],"wp:term":[{"taxonomy":"category","embeddable":true,"href":"https:\/\/dekkbi.com\/index.php?rest_route=%2Fwp%2Fv2%2Fcategories&post=8890"},{"taxonomy":"post_tag","embeddable":true,"href":"https:\/\/dekkbi.com\/index.php?rest_route=%2Fwp%2Fv2%2Ftags&post=8890"}],"curies":[{"name":"wp","href":"https:\/\/api.w.org\/{rel}","templated":true}]}}