{"id":8856,"date":"2023-03-17T10:30:29","date_gmt":"2023-03-17T10:30:29","guid":{"rendered":"https:\/\/dekkbi.com\/?p=8856"},"modified":"2023-03-17T10:30:30","modified_gmt":"2023-03-17T10:30:30","slug":"etats-unis-afrique-pourquoi-antony-blinken-se-rend-en-ethiopie-et-au-niger","status":"publish","type":"post","link":"https:\/\/dekkbi.com\/?p=8856","title":{"rendered":"\u00c9tats-Unis &#8211; Afrique : pourquoi Antony Blinken se rend en \u00c9thiopie et au Niger"},"content":{"rendered":"\n<h2 class=\"wp-block-heading\">Le chef de la diplomatie am\u00e9ricaine Antony Blinken se rend en \u00c9thiopie et au Niger \u00e0 partir du 15 mars 2023. Depuis plusieurs mois, il multiplie ses d\u00e9placements sur le continent et les \u00c9tats-Unis tentent de retrouver une place offensive en Afrique. Qu\u2019est-ce qui caract\u00e9rise la nouvelle strat\u00e9gie am\u00e9ricaine ?<strong>\u00a0<\/strong><\/h2>\n\n\n\n<p><\/p>\n\n\n\n<h2 class=\"wp-block-heading\"><strong>Entretien avec le politologue Christopher Fomunyoh.<\/strong><\/h2>\n\n\n\n<p><a href=\"https:\/\/www.addthis.com\/bookmark.php?v=300\"><\/a><a href=\"https:\/\/www.addthis.com\/bookmark.php?v=300\"><\/a><a href=\"https:\/\/www.addthis.com\/bookmark.php?v=300\" rel=\"noreferrer noopener\" target=\"_blank\"><\/a><a href=\"https:\/\/www.addthis.com\/bookmark.php?v=300\" rel=\"noreferrer noopener\" target=\"_blank\"><\/a><\/p>\n\n\n\n<p>Apr\u00e8s l\u2019Afrique du Sud, la R\u00e9publique d\u00e9mocratique du Congo (RDC) et le Rwanda en ao\u00fbt 2022, Antony Blinken est attendu en \u00c9thiopie et au Niger \u00e0 partir du 15 mars 2023. \u00c0 Addis Abeba, il s\u2019efforcera d\u2019aider \u00e0 consolider le fragile accord de paix entre les autorit\u00e9s et les rebelles tigr\u00e9ens, mais aussi \u00e0 jauger de la revitalisation des relations entre le \u00c9tats-Unis et l\u2019\u00c9thiopie. Par ailleurs, c\u2019est la premi\u00e8re fois qu\u2019un secr\u00e9taire d\u2019\u00c9tat am\u00e9ricain se rend \u00e0 Niamey. Antony Blinken participera \u00e0 des discussions sur la coop\u00e9ration s\u00e9curitaire dans la r\u00e9gion du Sahel.&nbsp;<br><br>Cette visite intervient trois mois apr\u00e8s la tenue d\u2019un sommet entre les \u00c9tats-Unis et les dirigeants du continent africain. De quelle mani\u00e8re les \u00c9tats-Unis se positionnent d\u00e9sormais en Afrique ? Christopher Fomunyoh est politologue et directeur r\u00e9gional pour l\u2019Afrique du think tank am\u00e9ricain National Democratic Institute. Selon lui, la visite de Blinken s\u2019inscrit dans la continuit\u00e9 du sommet de d\u00e9cembre 2022.<\/p>\n\n\n\n<h3 class=\"wp-block-heading\">Huit ans apr\u00e8s, un deuxi\u00e8me sommet \u00c9tats-Unis &#8211; Afrique<\/h3>\n\n\n\n<ul class=\"wp-block-list\">\n<li>Du 13 au 16 d\u00e9cembre 2022, une ciquantaine de&nbsp;dirigeants africains se sont retrouv\u00e9s \u00e0 Washington pour un sommet entre les \u00c9tats-Unis et l\u2019Afrique.<\/li>\n\n\n\n<li>L\u2019objectif affich\u00e9 pour les \u00c9tats-Unis \u00e9tait de regagner de l\u2019influence sur le continent, face \u00e0 celle grandissante de la Chine ou de la Russie.<\/li>\n\n\n\n<li>Les \u00c9tats-Unis ont promis de consacrer \u201c<em>55 milliards de dollars \u00e0 l\u2019Afrique sur trois ans<\/em>.\u201d<\/li>\n\n\n\n<li>Le pr\u00e9c\u00e9dent sommet entre les \u00c9tats-Unis et l\u2019Afrique avait \u00e9t\u00e9 organis\u00e9 en 2014 sous la pr\u00e9sidence de Barack Obama.<\/li>\n<\/ul>\n\n\n\n<p><strong>TV5MONDE : Qu\u2019est-ce que la multiplication des visites de Blinken en Afrique montre de la strat\u00e9gie des \u00c9tats-Unis sur le continent ?<\/strong><\/p>\n\n\n\n<p><strong>Christopher Fomunyoh :<\/strong>&nbsp;Cela montre que le dernier sommet \u00c9tats-Unis &#8211; Afrique est en train de porter ses fruits. \u00c7a a \u00e9t\u00e9 un point de rappel \u00e0 tout le monde sur le fait que l\u2019Afrique compte et que l\u2019administration Biden souhaitait d\u00e9montrer son int\u00e9r\u00eat pour le continent africain.&nbsp;<\/p>\n\n\n\n<p>Pour la Corne de l\u2019Afrique,&nbsp;Blinken devrait avoir deux priorit\u00e9s. Il y a d\u2019abord le r\u00e8glement des conflits, puis la question de l\u2019ins\u00e9curit\u00e9 alimentaire. En ce moment, il y a toutes sortes d\u2019inqui\u00e9tudes par rapport \u00e0 la r\u00e9gion. Dans l\u2019administration Blinken, il y a un envoy\u00e9 sp\u00e9cial qui s\u2019occupe de ces questions-l\u00e0 (NDLR : le diplomate Mike Hammer occupe ce poste depuis le 1er juin 2022, en succ\u00e9dant \u00e0 David Satterfield. Il \u00e9tait auparavant ambassadeur des \u00c9tats-Unis en RDC). La Corne de l\u2019Afrique a d\u00e9j\u00e0 re\u00e7u pas mal de bateaux avec des c\u00e9r\u00e9ales ukrainiennes.&nbsp;<\/p>\n\n\n\n<ul class=\"wp-block-list\">\n<li><\/li>\n<\/ul>\n\n\n\n<p><video preload=\"auto\" src=\"https:\/\/vodinfo.tv5monde.com\/upload\/2022\/12\/USA-Afrique_les_Etats-Unis_deroulent_le_tapis_rouge_pour_lAfrique.mp4\"><\/video>Lire la vid\u00e9o<\/p>\n\n\n\n<p>Par rapport au Niger, il sera principalement question du Sahel. Le Niger reste le dernier pays qui soit encore debout. La coop\u00e9ration bilat\u00e9rale par rapport aux derniers financements, promis pour le Niger lors du sommet \u00c9tats-Unis &#8211; Afrique sera aussi s\u00fbrement \u00e9voqu\u00e9e. En sortant de Washington, le Niger a \u00e9t\u00e9 l\u2019un des pays les plus b\u00e9n\u00e9ficiaires de ce sommet. \u00c7a ne me surprend pas que Blinken envisage d\u2019effectuer un d\u00e9placement sur Niamey.&nbsp;<\/p>\n\n\n\n<p><strong>TV5MONDE : C\u2019est la premi\u00e8re fois qu\u2019un secr\u00e9taire d\u2019\u00c9tat am\u00e9ricain se rend au Niger. Qu\u2019est-ce que cela signifie ?&nbsp;<\/strong><\/p>\n\n\n\n<p><strong>Christopher Fomunyoh :&nbsp;<\/strong>La derni\u00e8re fois qu\u2019un respnsable officiel&nbsp;de&nbsp; grande importance s\u2019est arr\u00eat\u00e9 \u00e0 Niamey, c\u2019est l\u2019ancien vice-pr\u00e9sident Walter Mondale dans les ann\u00e9es 1980 (NDLR : il fut vice-pr\u00e9sident des \u00c9tats-Unis de 1977 \u00e0 1981, sous la pr\u00e9sidence de Jimmy Carter).&nbsp;<\/p>\n\n\n\n<p><em>Les \u00c9tats-Unis consid\u00e8rent le Niger comme un alli\u00e9 important dans cette lutte contre la violence au Sahel.<\/em><strong>Christopher Fomunyoh, politologue<\/strong><\/p>\n\n\n\n<p>Je pense que la visite de Blinken montre \u00e0 quel point le Sahel prend de l\u2019importance, mais aussi \u00e0 quel point les \u00c9tats-Unis consid\u00e8rent le Niger comme un alli\u00e9 important dans cette lutte contre la violence au Sahel. Les efforts du Niger m\u00e9ritent d\u2019\u00eatre soulign\u00e9s. Le Niger est entour\u00e9 de pays en crise depuis des ann\u00e9es. Jusque-l\u00e0, il a&nbsp;r\u00e9ussi \u00e0 emp\u00eacher les actions terroristes \u00e0 l\u2019int\u00e9rieur de son territoire. En d\u00e9pit de toutes les difficult\u00e9s, le Niger reste tr\u00e8s attach\u00e9 \u00e0 la d\u00e9mocratie et \u00e0 la gouvernance civile. Il fait des efforts dans ce sens.&nbsp;<\/p>\n\n\n\n<p><strong>TV5MONDE : Les \u00c9tats-Unis tentent-ils de tirer profit du rejet de la France sur le continent pour \u00e9largir leur influence ?&nbsp;<\/strong><\/p>\n\n\n\n<p>Christopher Fomunyoh : Je ne crois pas que ce soit un objectif recherch\u00e9. Ce serait une erreur d\u2019essayer de faire un jeu de ping-pong et de faire tirailler les \u00c9tats africains entre deux pays qui sont alli\u00e9s et de les faire choisir. Selon moi, cela n\u2019a pas de sens.&nbsp;<\/p>\n\n\n\n<p><\/p>\n\n\n\n<p><strong>TV5MONDE : Les \u00c9tats-Unis ont-ils une strat\u00e9gie pour lutter contre l\u2019expansion de Wagner sur le continent ?&nbsp;<\/strong><\/p>\n\n\n\n<p><strong>Christopher Fomunyoh :&nbsp;<\/strong>En tant que responsable d\u2019une structure non-gouvernementale, je n\u2019ai pas acc\u00e8s \u00e0 la base de donn\u00e9es de la politique officielle am\u00e9ricaine. Toujours est-il que l\u2019intervention de mercenaires dans les conflits sur le continent a toujours fait l\u2019objet de critiques de la part de Washington, mais aussi de la part de structures comme l\u2019Union Africaine ou la C\u00e9d\u00e9ao.&nbsp;<\/p>\n\n\n\n<h3 class=\"wp-block-heading\">Une strat\u00e9gie pour chasser Wagner de Centrafrique ?&nbsp;<\/h3>\n\n\n\n<ul class=\"wp-block-list\">\n<li>Le 20 f\u00e9vrier 2023,\u00a0le quotidien fran\u00e7ais\u00a0<em>Le Monde\u00a0<\/em>r\u00e9v\u00e8le\u00a0qu\u2019en marge du sommet \u00c9tats-Unis Afrique, le pr\u00e9sident centrafricain a re\u00e7u une proposition de l\u2019administration am\u00e9ricaine.\u00a0<\/li>\n\n\n\n<li>\u00c0 travers un m\u00e9morandum, Washington propose \u00e0 Bangui de former les militaires centrafricains en \u00e9change du renvoi des mercenaires russes du pays.<\/li>\n\n\n\n<li>La Centrafrique a r\u00e9fut\u00e9 cette r\u00e9v\u00e9lation, qu\u2019elle qualifie de fausse information.<\/li>\n\n\n\n<li>En janvier 2023 les \u00c9tats-Unis ont pris des sanctions financi\u00e8res \u00e0 l\u2019encontre de Wagner, avec le gel des avoirs que le groupe pourrait d\u00e9tenir aux \u00c9tats-Unis.&nbsp;<\/li>\n<\/ul>\n\n\n\n<p>La condamnation de la pr\u00e9sence de Wagner n\u2019est pas une nouveaut\u00e9. Elle est tout \u00e0 fait logique, car on voit l\u2019effet n\u00e9faste des acteurs non-\u00e9tatiques, qu\u2019ils soient de la part des extr\u00e9mistes arm\u00e9s ou de la part de ceux qui soutiennent les gouvernements en place.&nbsp;<\/p>\n\n\n\n<p><strong>TV5MONDE : Qu\u2019est-ce que le sommet \u00c9tats-Unis &#8211; Afrique a chang\u00e9 dans la politique am\u00e9ricaine sur le continent africain ?&nbsp;<\/strong><\/p>\n\n\n\n<p><strong>Christopher Fomunyoh :&nbsp;<\/strong>On va prendre le cas sp\u00e9cifique du Niger. Il s\u2019est av\u00e9r\u00e9 que pendant ce sommet, le pr\u00e9sident Mohamed Bazoum a \u00e9t\u00e9 tr\u00e8s bien re\u00e7u \u00e0 Washington. Sur le plan protocolaire, il \u00e9tait bien accept\u00e9. C\u2019\u00e9tait d\u2019ailleurs le seul chef d\u2019\u00c9tat civil du Sahel \u00e0 proprement parler qui \u00e9tait pr\u00e9sent.&nbsp;<\/p>\n\n\n\n<p><em>Si le secr\u00e9taire d\u2019\u00c9tat Antony Blinken se rend \u00e0 Niamey, cela repr\u00e9sente \u00e0 mon avis la suite logique de la fa\u00e7on dont le Niger a \u00e9t\u00e9 accueilli pendant ce sommet.&nbsp;<\/em><strong>Christopher Fomunyoh, politologue<\/strong><\/p>\n\n\n\n<p>Il est parti de Washington avec des accords sp\u00e9cifiques. Il a obtenu des subventions importantes pour aider le Niger \u00e0 d\u00e9velopper ses infrastructures routi\u00e8res et m\u00eame le secteur du transport, afin de faciliter l\u2019exportation du p\u00e9trole du Niger en passant par le B\u00e9nin. Si le secr\u00e9taire d\u2019\u00c9tat Antony Blinken se rend \u00e0 Niamey, cela repr\u00e9sente \u00e0 mon avis la suite logique de la fa\u00e7on dont le Niger a \u00e9t\u00e9 accueilli pendant ce sommet.&nbsp;<\/p>\n\n\n\n<p><video preload=\"auto\" src=\"https:\/\/vodinfo.tv5monde.com\/videos\/e8\/5958832.mp4\">Lire la vid\u00e9o<\/video><\/p>\n\n\n\n<p><strong>TV5MONDE : La guerre en Ukraine a-t-elle eu une influence dans la mani\u00e8re dont les \u00c9tats-Unis g\u00e8rent leur strat\u00e9gie avec l\u2019Afrique ?&nbsp;<\/strong><\/p>\n\n\n\n<p><strong>Christopher Fomunyoh :<\/strong>&nbsp;Je ne vois pas de corr\u00e9lation directe entre ces deux \u00e9l\u00e9ments. Toujours est-il qu&rsquo;avec la hausse des prix des denr\u00e9es alimentaires, ajoutons \u00e0 cela que certains pays comme l\u2019\u00c9thiopie ou le Soudan ont connu des conflits,&nbsp;par cons\u00e9quent, les stocks agricoles de ces pays ont diminu\u00e9. Cela a eu un impact sur le secteur agricole de mani\u00e8re significative. En plus, la s\u00e9cheresse et l\u2019impact des changements climatiques se font ressentir dans toute la Corne de l\u2019Afrique. L\u2019\u00e9vidence de la menace de la famine est une r\u00e9alit\u00e9.&nbsp;<\/p>\n\n\n\n<p><\/p>\n\n\n\n<p>Aujourd\u2019hui, on parle de 33 pays africains qui sont \u00e0 risque. Une majeure partie se trouve dans la Corne de l\u2019Afrique (NDLR : selon les derni\u00e8res donn\u00e9es du Cadre int\u00e9gr\u00e9 de classification de la s\u00e9curit\u00e9 alimentaire, 21 millions de personnes sont en situation d&rsquo;ins\u00e9curit\u00e9 alimentaire \u00e9lev\u00e9e dans la r\u00e9gion). Dans la nouvelle initiative mise en place par l\u2019Ukraine pour faciliter la livraison de c\u00e9r\u00e9ales aux pays africains (NDLR : le Programme alimentaire mondial des Nations Unies), la corne de l\u2019Afrique a d\u00e9j\u00e0 re\u00e7u \u00e0 elle seule cinq&nbsp;bateaux, pour un total de 120 000 tonnes de bl\u00e9.&nbsp;<\/p>\n\n\n\n<p><em>L&rsquo;\u00c9thiopie est un pays incontournable dans la r\u00e9gion&nbsp;qu\u2019on ne peut pas ignorer.<\/em><strong>Christopher Fomunyoh, politologue<\/strong><\/p>\n\n\n\n<p><strong>TV5MONDE : Quels b\u00e9n\u00e9fices peuvent tirer les \u00c9tats-Unis d\u2019une revitalisation de la relation avec l\u2019\u00c9thiopie ?&nbsp;<\/strong><\/p>\n\n\n\n<p><strong>Christopher Fomunyoh :<\/strong>&nbsp;L\u2019\u00c9thiopie est une grande puissance dans la Corne de l\u2019Afrique. C\u2019est un pays incontournable dans la r\u00e9gion et qu\u2019on ne peut pas ignorer. Il est vrai que pendant la p\u00e9riode de la guerre, puisque Washington insistait sur une solution de n\u00e9gociation, certains acteurs politiques \u00e9thiopiens n\u2019avaient pas appr\u00e9ci\u00e9 cette prise de position en faveur d\u2019une solution n\u00e9goci\u00e9e, car ils souhaitaient une solution militaire.&nbsp;<\/p>\n\n\n\n<h3 class=\"wp-block-heading\">Au Tigr\u00e9, la situation s\u2019\u00e9claircit<\/h3>\n\n\n\n<ul class=\"wp-block-list\">\n<li>Le 2 novembre 2022, le gouvernement \u00e9thiopien et les rebelles du Tigr\u00e9 signent un accord de paix afin de mettre un terme au conflit qui a ravag\u00e9 cette r\u00e9gion septentrionale de l\u2019\u00c9thiopie pendant deux ans.&nbsp;<\/li>\n\n\n\n<li>Cet accord pr\u00e9voit le d\u00e9sarmement des forces rebelles, le r\u00e9tablissement de l\u2019autorit\u00e9 f\u00e9d\u00e9rale au Tigr\u00e9 et la r\u00e9ouverture des acc\u00e8s et communications vers la r\u00e9gion.&nbsp;<\/li>\n\n\n\n<li>Selon l\u2019envoy\u00e9 de l\u2019Union africaine pour la Corne de l\u2019Afrique Olusegun Obasanjo, 600 000 personnes auraient perdu la vie dans ce conflit.<\/li>\n\n\n\n<li>Au mois de janvier, les \u00c9tats-Unis se sont f\u00e9licit\u00e9s du d\u00e9but de retrait des troupes \u00e9rythr\u00e9ennes du nord de l\u2019\u00c9thiopie.&nbsp;<\/li>\n<\/ul>\n\n\n\n<p>Aujourd\u2019hui, les parties bellig\u00e9rantes sont revenues sur la table des n\u00e9gociations. Cela s\u2019est fait sous l\u2019\u00e9gide de l\u2019Union africaine. Ces n\u00e9gociations semblent tenir \u00e0 l\u2019heure actuelle. Les \u00c9tats-Unis ont d\u00e9sign\u00e9 un envoy\u00e9 sp\u00e9cial pour la Corne de l\u2019Afrique, l\u2019ancien ambassadeur Mike Hammer.&nbsp;<\/p>\n\n\n\n<p>Je ne crois pas que les relations entre les \u00c9tats-Unis et l\u2019\u00c9thiopie se soient d\u00e9grad\u00e9es jusqu\u2019au au point de non-retour. Au contraire, je me dis que maintenant que la guerre a cess\u00e9 et que le pays est en train de se reconstruire, il revoit ses relations. Dans ce contexte, la pr\u00e9sence am\u00e9ricaine ne sera pas vue d\u2019un mauvais \u0153il.\u00a0<\/p>\n","protected":false},"excerpt":{"rendered":"<p>Le chef de la diplomatie am\u00e9ricaine Antony Blinken se rend en \u00c9thiopie et au Niger \u00e0 partir du 15 mars<\/p>\n","protected":false},"author":1,"featured_media":4324,"comment_status":"open","ping_status":"open","sticky":false,"template":"","format":"standard","meta":{"footnotes":""},"categories":[51],"tags":[],"class_list":["post-8856","post","type-post","status-publish","format-standard","has-post-thumbnail","hentry","category-general"],"_links":{"self":[{"href":"https:\/\/dekkbi.com\/index.php?rest_route=\/wp\/v2\/posts\/8856","targetHints":{"allow":["GET"]}}],"collection":[{"href":"https:\/\/dekkbi.com\/index.php?rest_route=\/wp\/v2\/posts"}],"about":[{"href":"https:\/\/dekkbi.com\/index.php?rest_route=\/wp\/v2\/types\/post"}],"author":[{"embeddable":true,"href":"https:\/\/dekkbi.com\/index.php?rest_route=\/wp\/v2\/users\/1"}],"replies":[{"embeddable":true,"href":"https:\/\/dekkbi.com\/index.php?rest_route=%2Fwp%2Fv2%2Fcomments&post=8856"}],"version-history":[{"count":1,"href":"https:\/\/dekkbi.com\/index.php?rest_route=\/wp\/v2\/posts\/8856\/revisions"}],"predecessor-version":[{"id":8857,"href":"https:\/\/dekkbi.com\/index.php?rest_route=\/wp\/v2\/posts\/8856\/revisions\/8857"}],"wp:featuredmedia":[{"embeddable":true,"href":"https:\/\/dekkbi.com\/index.php?rest_route=\/wp\/v2\/media\/4324"}],"wp:attachment":[{"href":"https:\/\/dekkbi.com\/index.php?rest_route=%2Fwp%2Fv2%2Fmedia&parent=8856"}],"wp:term":[{"taxonomy":"category","embeddable":true,"href":"https:\/\/dekkbi.com\/index.php?rest_route=%2Fwp%2Fv2%2Fcategories&post=8856"},{"taxonomy":"post_tag","embeddable":true,"href":"https:\/\/dekkbi.com\/index.php?rest_route=%2Fwp%2Fv2%2Ftags&post=8856"}],"curies":[{"name":"wp","href":"https:\/\/api.w.org\/{rel}","templated":true}]}}