{"id":8853,"date":"2023-03-17T10:25:18","date_gmt":"2023-03-17T10:25:18","guid":{"rendered":"https:\/\/dekkbi.com\/?p=8853"},"modified":"2023-03-17T10:25:21","modified_gmt":"2023-03-17T10:25:21","slug":"pas-du-tout-emballes-par-le-projet-du-ministre-aliou-sow-les-acteurs-du-cinema-deballent","status":"publish","type":"post","link":"https:\/\/dekkbi.com\/?p=8853","title":{"rendered":"Pas du tout emball\u00e9s par le projet du ministre Aliou Sow : Les acteurs du cin\u00e9ma d\u00e9ballent\u2026"},"content":{"rendered":"\n<h3 class=\"wp-block-heading\">En lieu et place des Rencontres cin\u00e9matographiques de Dakar (Recidak) dont la derni\u00e8re \u00e9dition remonte \u00e0 2018 et qu\u2019il avait promis de ressusciter cette ann\u00e9e, lors d\u2019une concertation avec les associations professionnelles du cin\u00e9ma en octobre dernier, le ministre de la Culture et du Patrimoine historique, Aliou Sow, a sorti de son brillant esprit, un autre festival pour juillet 2023. Une id\u00e9e qui est loin de faire l\u2019unanimit\u00e9 au sein des cin\u00e9astes nationaux, dont certains regrettent l\u2019absence de concertation avec les acteurs du cin\u00e9ma sur ce projet. Ils soutiennent n\u2019\u00eatre pas inform\u00e9s et assurent que ce festival sera organis\u00e9 sans les vrais cin\u00e9astes qui devraient \u00eatre au c\u0153ur de l\u2019\u00e9v\u00e9nement. Extraits du quotidien \u00ab\u00a0Le T\u00e9moin\u00a0\u00bb.<\/h3>\n\n\n\n<p>https:\/\/googleads.g.doubleclick.net\/pagead\/ads?client=ca-pub-8327310497401434&#038;output=html&#038;h=280&#038;adk=3473842166&#038;adf=274988231&#038;pi=t.aa~a.3572330245~i.3~rp.4&#038;w=668&#038;fwrn=4&#038;fwrnh=100&#038;lmt=1679048579&#038;num_ads=1&#038;rafmt=1&#038;armr=3&#038;sem=mc&#038;pwprc=4754385733&#038;ad_type=text_image&#038;format=668&#215;280&#038;url=https%3A%2F%2Fwww.leral.net%2FPas-du-tout-emballes-par-le-projet-du-ministre-Aliou-Sow-Les-acteurs-du-cinema-deballent_a345657.html&#038;fwr=0&#038;pra=3&#038;rh=167&#038;rw=668&#038;rpe=1&#038;resp_fmts=3&#038;wgl=1&#038;fa=27&#038;uach=WyJXaW5kb3dzIiwiMTAuMC4wIiwieDg2IiwiIiwiMTExLjAuNTU2My42NSIsW10sZmFsc2UsbnVsbCwiNjQiLFtbIkdvb2dsZSBDaHJvbWUiLCIxMTEuMC41NTYzLjY1Il0sWyJOb3QoQTpCcmFuZCIsIjguMC4wLjAiXSxbIkNocm9taXVtIiwiMTExLjAuNTU2My42NSJdXSxmYWxzZV0.&#038;dt=1679048579081&#038;bpp=5&#038;bdt=5989&#038;idt=5&#038;shv=r20230314&#038;mjsv=m202303060101&#038;ptt=9&#038;saldr=aa&#038;abxe=1&#038;cookie=ID%3D6a31d8ef654f8a24-22beda5a8cd600a7%3AT%3D1667380244%3ART%3D1667380244%3AS%3DALNI_Ma_uwvl3VmpM0IbVJLRW8kaGG27sw&#038;gpic=UID%3D000005d2768d6847%3AT%3D1651574175%3ART%3D1679044317%3AS%3DALNI_MZdhL1-8DCifFvNaNOICcxCrKsuLg&#038;prev_fmts=0x0%2C674x90%2C333x151&#038;nras=2&#038;correlator=7207421083019&#038;frm=20&#038;pv=1&#038;ga_vid=102018152.1585474629&#038;ga_sid=1679048577&#038;ga_hid=1711716348&#038;ga_fc=1&#038;u_tz=0&#038;u_his=4&#038;u_h=409&#038;u_w=727&#038;u_ah=388&#038;u_aw=727&#038;u_cd=24&#038;u_sd=1.41&#038;dmc=4&#038;adx=3&#038;ady=452&#038;biw=947&#038;bih=358&#038;scr_x=0&#038;scr_y=0&#038;eid=44777876%2C44759875%2C44759926%2C44759842%2C31072954&#038;oid=2&#038;pvsid=3330073330661669&#038;tmod=1199956357&#038;uas=0&#038;nvt=1&#038;ref=https%3A%2F%2Fwww.leral.net%2F&#038;fc=1408&#038;brdim=0%2C0%2C0%2C0%2C727%2C0%2C727%2C388%2C969%2C380&#038;vis=1&#038;rsz=%7C%7Cs%7C&#038;abl=NS&#038;fu=1152&#038;bc=31&#038;ifi=4&#038;uci=a!4&#038;btvi=2&#038;fsb=1&#038;xpc=d5UniWYaqR&#038;p=https%3A\/\/www.leral.net&#038;dtd=51<\/p>\n\n\n\n<p>R\u00e9dig\u00e9 par leral.net le Vendredi 17 Mars 2023 \u00e0 10:31 | |&nbsp;<a href=\"https:\/\/www.leral.net\/Pas-du-tout-emballes-par-le-projet-du-ministre-Aliou-Sow-Les-acteurs-du-cinema-deballent_a345657.html?com#comments\">0<\/a>&nbsp;commentaire(s)|<\/p>\n\n\n\n<figure class=\"wp-block-image\"><a href=\"javascript:void(0)\"><img decoding=\"async\" src=\"https:\/\/www.leral.net\/photo\/art\/default\/71506790-49822551.jpg?v=1679047398\" alt=\"Pas du tout emball\u00e9s par le projet du ministre Aliou Sow : Les acteurs du cin\u00e9ma d\u00e9ballent\u2026\" title=\"Pas du tout emball\u00e9s par le projet du ministre Aliou Sow : Les acteurs du cin\u00e9ma d\u00e9ballent\u2026\"\/><\/a><\/figure>\n\n\n\n<p>https:\/\/www.facebook.com\/plugins\/like.php?href=https%3A%2F%2Fwww.leral.net%2FPas-du-tout-emballes-par-le-projet-du-ministre-Aliou-Sow-Les-acteurs-du-cinema-deballent_a345657.html&#038;layout=box_count&#038;show_faces=false&#038;width=100&#038;action=like&#038;colorscheme=lighthttps:\/\/platform.twitter.com\/widgets\/tweet_button.html?url=http%3A%2F%2Fxfru.it%2FrrJWYt&#038;counturl=https%3A%2F%2Fwww.leral.net%2FPas-du-tout-emballes-par-le-projet-du-ministre-Aliou-Sow-Les-acteurs-du-cinema-deballent_a345657.html&#038;text=Pas%20du%20tout%20emball%C3%A9s%20par%20le%20projet%20du%20ministre%20Aliou%20Sow%20%3A%20Les%20acteurs%20du%20cin%C3%A9ma%20d%C3%A9ballent%E2%80%A6&#038;count=vertical<\/p>\n\n\n\n<p>https:\/\/googleads.g.doubleclick.net\/pagead\/ads?client=ca-pub-8327310497401434&#038;output=html&#038;h=151&#038;slotname=4133944451&#038;adk=3449163478&#038;adf=2293109552&#038;pi=t.ma~as.4133944451&#038;w=333&#038;lmt=1679048578&#038;rafmt=11&#038;format=333&#215;151&#038;url=https%3A%2F%2Fwww.leral.net%2FPas-du-tout-emballes-par-le-projet-du-ministre-Aliou-Sow-Les-acteurs-du-cinema-deballent_a345657.html&#038;wgl=1&#038;uach=WyJXaW5kb3dzIiwiMTAuMC4wIiwieDg2IiwiIiwiMTExLjAuNTU2My42NSIsW10sZmFsc2UsbnVsbCwiNjQiLFtbIkdvb2dsZSBDaHJvbWUiLCIxMTEuMC41NTYzLjY1Il0sWyJOb3QoQTpCcmFuZCIsIjguMC4wLjAiXSxbIkNocm9taXVtIiwiMTExLjAuNTU2My42NSJdXSxmYWxzZV0.&#038;dt=1679048574637&#038;bpp=318&#038;bdt=1545&#038;idt=3154&#038;shv=r20230314&#038;mjsv=m202303060101&#038;ptt=9&#038;saldr=aa&#038;abxe=1&#038;cookie=ID%3D6a31d8ef654f8a24-22beda5a8cd600a7%3AT%3D1667380244%3ART%3D1667380244%3AS%3DALNI_Ma_uwvl3VmpM0IbVJLRW8kaGG27sw&#038;gpic=UID%3D000005d2768d6847%3AT%3D1651574175%3ART%3D1679044317%3AS%3DALNI_MZdhL1-8DCifFvNaNOICcxCrKsuLg&#038;prev_fmts=0x0%2C674x90&#038;nras=1&#038;correlator=7207421083019&#038;frm=20&#038;pv=1&#038;ga_vid=102018152.1585474629&#038;ga_sid=1679048577&#038;ga_hid=1711716348&#038;ga_fc=1&#038;u_tz=0&#038;u_his=4&#038;u_h=409&#038;u_w=727&#038;u_ah=388&#038;u_aw=727&#038;u_cd=24&#038;u_sd=1.41&#038;dmc=4&#038;adx=3&#038;ady=903&#038;biw=947&#038;bih=358&#038;scr_x=0&#038;scr_y=0&#038;eid=44777876%2C44759875%2C44759926%2C44759842%2C31072954&#038;oid=2&#038;pvsid=3330073330661669&#038;tmod=1199956357&#038;uas=0&#038;nvt=1&#038;ref=https%3A%2F%2Fwww.leral.net%2F&#038;fc=1920&#038;brdim=0%2C0%2C0%2C0%2C727%2C0%2C727%2C388%2C969%2C380&#038;vis=1&#038;rsz=%7C%7ClEebr%7C&#038;abl=CS&#038;pfx=0&#038;fu=1152&#038;bc=31&#038;ifi=3&#038;uci=a!3&#038;btvi=1&#038;fsb=1&#038;xpc=nk7YWfCht1&#038;p=https%3A\/\/www.leral.net&#038;dtd=3528<\/p>\n\n\n\n<p>Les r\u00e9alisateurs Ousmane William Mbaye et Moussa Tour\u00e9, pr\u00e9sident de l\u2019Association des cin\u00e9astes s\u00e9n\u00e9galais associ\u00e9s(Cineseas), livrent ci-dessous leurs r\u00e9flexions sur le cin\u00e9ma s\u00e9n\u00e9galais et le projet de festival du ministre Aliou Sow.<\/p>\n\n\n\n<p>Si Ousmane William Mbaye se f\u00e9licite de l\u2019id\u00e9e d\u2019un festival \u00e0 Dakar, il se d\u00e9sole d\u2019une reproduction d\u2019un Fespaco bis. \u00ab&nbsp;<em>Je suis d\u00e9sol\u00e9, c\u2019est trop petit. Ce n\u2019est pas le but. Il faudrait aujourd\u2019hui qu\u2019on pense \u00e0 un festival mondial du cin\u00e9ma \u00e0 Dakar pour faire la diff\u00e9rence. L\u2019Occident a eu \u00e0 dire ce qu\u2019il a \u00e0 dire, l\u2019Asie y est depuis plusieurs d\u00e9cennies. Alors que les Africains restent les nouveaux venus. Nos tournages, nos histoires vont de plus en plus int\u00e9resser le monde. L\u2019Afrique a beaucoup de choses \u00e0 proposer. Mais il me semble qu\u2019il est important d\u2019y penser avant que les autres ne le fassent \u00e0 notre place<\/em>&nbsp;\u00bb, indique Ousmane William Mbaye.<\/p>\n\n\n\n<p>Qui pr\u00e9cise que l\u2019activit\u00e9 cin\u00e9matographique de Dakar est vieille de plusieurs d\u00e9cennies. Le cin\u00e9ma \u00e9tait au S\u00e9n\u00e9gal au d\u00e9but, en m\u00eame temps que le cin\u00e9ma en Europe.<\/p>\n\n\n\n<p>\u00ab<em>&nbsp;J\u2019allais au cin\u00e9ma au d\u00e9but des ann\u00e9es 50. Mais ce cin\u00e9ma \u00e9tait g\u00e9r\u00e9 parles Europ\u00e9ens. Il y avait la SECMA et la COMACICO, deux entit\u00e9s qui g\u00e9raient le cin\u00e9ma en Afrique. Elles proposaient des films dans des lieux de visionnage appel\u00e9s salles de cin\u00e9ma. Mais toutes les recettes de ces activit\u00e9s cin\u00e9matographiques allaient en France, qui nous louait des films&nbsp;<\/em>\u00bb, se rappelle l\u2019auteur de \u00ab Pa Bi \u00bb, un documentaire sur Mamadou Dia, le premier pr\u00e9sident du Conseil de gouvernement du S\u00e9n\u00e9gal.<\/p>\n\n\n\n<p>Selon lui, il faut vraiment un cin\u00e9ma qui nous rapporte. Le cin\u00e9ma, pr\u00e9cise-t-il, est une industrie avant d\u2019\u00eatre autre chose. Et une industrie veut dire une s\u00e9rie qui vise le plus grand nombre.<\/p>\n\n\n\n<p>\u00ab<em>Un film peut rapporter entre dix millions et 100 millions de dollars. On peut prendre l\u2019exemple du \u00ab\u00a0Titanic\u00a0\u00bb. Je ne peux pas comprendre pourquoi on ne peut pas faire fleurir cette industrie au S\u00e9n\u00e9gal. C\u2019est peut \u00eatre la premi\u00e8re mani\u00e8re d\u2019asseoir les S\u00e9n\u00e9galais vers un bien commun qu\u2019on se partage tous. Si je mets 1000 FCfa\/ jour pour aller voir un film, ces 1000 FCfa vont revenir \u00e0 nos fils qui sont cameramen, cadreurs, preneurs de son ou exercent un des mille m\u00e9tiers du cin\u00e9ma. Il faudrait que le cin\u00e9ma puisse mettre \u00e0 l\u2019affiche des films du S\u00e9n\u00e9gal et d\u2019Afrique. Car charit\u00e9 bien ordonn\u00e9e, commence par soi-m\u00eame&nbsp;<\/em>\u00bb, instruit-il.<\/p>\n\n\n\n<p>Quant \u00e0 Moussa Tour\u00e9, actuel pr\u00e9sident de l\u2019Association des cin\u00e9astes s\u00e9n\u00e9galais associ\u00e9s (Cineseas), il se d\u00e9sole de la d\u00e9marche \u00ab&nbsp;<em>unilat\u00e9rale<\/em>&nbsp;\u00bb du ministre de la Culture. Il rappelle que M. Aliou Sow leur avait demand\u00e9 de pr\u00e9parer un festival du Cin\u00e9ma pour le S\u00e9n\u00e9gal. Mais, \u00e0 leur grande surprise, selon lui, il a fait cette annonce sans aucune concertation avec les acteurs du cin\u00e9ma.<\/p>\n\n\n\n<p>Frustr\u00e9s, ces derniers disent d\u00e9plorer une d\u00e9marche solitaire du ministre qui, apr\u00e8s leur avoir demand\u00e9 des propositions de faisabilit\u00e9 de cet \u00e9v\u00e8nement, a fait dans la pr\u00e9cipitation. C\u2019est pourquoi, M. Toure pense que m\u00eame si ce Ficase devait se faire, il se ferait sans eux.<\/p>\n\n\n\n<p>\u00ab<em>Nous ne savons pas avec qui il l\u2019organise. Mais ce n\u2019est pas avec nous les cin\u00e9astes. La derni\u00e8re fois qu\u2019on en a parl\u00e9, le ministre nous avait demand\u00e9 de luifaire une proposition pour un festival. On lui a \u00e9crit. Mais son projet de festival, on l\u2019a su de la m\u00eame mani\u00e8re que tout le monde. Nous, Association des cin\u00e9astes s\u00e9n\u00e9galais associ\u00e9s, on n\u2019a pas \u00e9t\u00e9 inform\u00e9s&nbsp;<\/em>\u00bb, regrette Moussa Tour\u00e9.<\/p>\n\n\n\n<p>Le pr\u00e9sident des Cineseas est d\u2019avis que le probl\u00e8me du cin\u00e9ma s\u00e9n\u00e9galais, c\u2019est qu\u2019il n\u2019est pas fait avec les cin\u00e9astes, mais avec le Bureau du cin\u00e9ma log\u00e9 au minist\u00e8re de la Culture, le Fonds de Promotion de l\u2019Industrie Cin\u00e9matographique et Audiovisuelle (FOPICA) et le minist\u00e8re. \u00ab<em>&nbsp;C\u2019est eux qui d\u00e9cident de quel film doit passer, quel sc\u00e9nario est bon. A Ouagadougou, c\u2019\u00e9tait un \u00e9chec. On est revenu bredouille. Tous les pays s\u2019en sont sortis avec des m\u00e9dailles, sauf nous. Le choix n\u2019est pas fait par des cin\u00e9astes. Le cin\u00e9ma commence par une lecture de sc\u00e9narii. Depuis 2017, personne ne lit les sc\u00e9narios. L\u2019argent est donn\u00e9 au gr\u00e9. C\u2019est eux qui prennent ton sc\u00e9nario et te disent qu\u2019on te donne de l\u2019argent<\/em>&nbsp;\u00bb, d\u00e9plore-t-il.<\/p>\n\n\n\n<p>Moussa Tour\u00e9 r\u00e9v\u00e8le que le maximum que le FOPICA donne pour les films s\u00e9n\u00e9galais, varie entre 70 millions et 150 millions FCfa, alors qu\u2019il a donn\u00e9 au cin\u00e9aste fran\u00e7ais Oumar Sy, 150 millions FCfa sur l\u2019argent du cin\u00e9ma s\u00e9n\u00e9galais.<\/p>\n\n\n\n<p>\u00ab&nbsp;<em>Moussa S\u00e8ne Absa a re\u00e7u 70 millions, le r\u00e9alisateur du \u00ab Le mouton de Sada \u00bb n\u2019a rien re\u00e7u. Le r\u00e9alisateur a \u00e9voqu\u00e9 le sujet \u00e0 Ouaga&nbsp;<\/em>\u00bb, indique Moussa Tour\u00e9, se faisant le porte-voix des acteurs s\u00e9n\u00e9galais du 7e art. Il d\u00e9plore que le cin\u00e9ma soit g\u00e9r\u00e9 par des politiciens, des diplomates, dont le directeur de la Cin\u00e9matographie qui ne conna\u00eet rien du cin\u00e9ma.<\/p>\n\n\n\n<p>\u00ab&nbsp;<em>Ils vont te dire que j\u2019ai \u00e9t\u00e9 l\u00e0 pour regarder. Depuis 2017, il n\u2019y a jamais eu de r\u00e9union pour voir si un sc\u00e9nario est bon ou non. Ce sont eux qui d\u00e9cident. On \u00e9tait 84 personnes pour 12 films au Fespaco. Si on calcule, il n\u2019y avait pas 20 cin\u00e9astes. Tous les autres sont dans le Bureau du cin\u00e9ma, au minist\u00e8re. Presque tous en dehors du cin\u00e9ma. Ce ne sont pas des acteurs du cin\u00e9ma. Le probl\u00e8me est l\u00e0&nbsp;<\/em>\u00bb, \u00e9ructe le cin\u00e9aste Moussa Tour\u00e9.<\/p>\n\n\n\n<p>Concernant le projet d\u2019un festival, il estime que faire la m\u00eame chose que le Fespaco, ne serait pas une meilleure entreprise. Mais, parfois, estime-t-il, avec des brebis galeuses motiv\u00e9es par leurs int\u00e9r\u00eats, tout est possible.<\/p>\n\n\n\n<p>Le r\u00e9alisateur promet une conf\u00e9rence de presse dans un avenir proche et r\u00e9clame un audit de l\u2019argent du cin\u00e9ma g\u00e9r\u00e9 par la Direction de la Cin\u00e9matographie, tout en se d\u00e9solant de la composition de la d\u00e9l\u00e9gation s\u00e9n\u00e9galaise au Fespaco. Prenant l\u2019exemple de sa prise en charge h\u00f4teli\u00e8re, estim\u00e9e 589 000 FCfa, il demande de faire le calcul pour une d\u00e9l\u00e9gation des 84 personnes. Autant dire que c\u2019\u00e9tait la bamboula \u00e0 Ouagadougou. Une habitude bien s\u00e9n\u00e9galaise.<\/p>\n\n\n\n<p><strong>Le T\u00e9moin<\/strong><br><\/p>\n","protected":false},"excerpt":{"rendered":"<p>En lieu et place des Rencontres cin\u00e9matographiques de Dakar (Recidak) dont la derni\u00e8re \u00e9dition remonte \u00e0 2018 et qu\u2019il avait<\/p>\n","protected":false},"author":1,"featured_media":8854,"comment_status":"open","ping_status":"open","sticky":false,"template":"","format":"standard","meta":{"footnotes":""},"categories":[6],"tags":[],"class_list":["post-8853","post","type-post","status-publish","format-standard","has-post-thumbnail","hentry","category-politics"],"_links":{"self":[{"href":"https:\/\/dekkbi.com\/index.php?rest_route=\/wp\/v2\/posts\/8853","targetHints":{"allow":["GET"]}}],"collection":[{"href":"https:\/\/dekkbi.com\/index.php?rest_route=\/wp\/v2\/posts"}],"about":[{"href":"https:\/\/dekkbi.com\/index.php?rest_route=\/wp\/v2\/types\/post"}],"author":[{"embeddable":true,"href":"https:\/\/dekkbi.com\/index.php?rest_route=\/wp\/v2\/users\/1"}],"replies":[{"embeddable":true,"href":"https:\/\/dekkbi.com\/index.php?rest_route=%2Fwp%2Fv2%2Fcomments&post=8853"}],"version-history":[{"count":1,"href":"https:\/\/dekkbi.com\/index.php?rest_route=\/wp\/v2\/posts\/8853\/revisions"}],"predecessor-version":[{"id":8855,"href":"https:\/\/dekkbi.com\/index.php?rest_route=\/wp\/v2\/posts\/8853\/revisions\/8855"}],"wp:featuredmedia":[{"embeddable":true,"href":"https:\/\/dekkbi.com\/index.php?rest_route=\/wp\/v2\/media\/8854"}],"wp:attachment":[{"href":"https:\/\/dekkbi.com\/index.php?rest_route=%2Fwp%2Fv2%2Fmedia&parent=8853"}],"wp:term":[{"taxonomy":"category","embeddable":true,"href":"https:\/\/dekkbi.com\/index.php?rest_route=%2Fwp%2Fv2%2Fcategories&post=8853"},{"taxonomy":"post_tag","embeddable":true,"href":"https:\/\/dekkbi.com\/index.php?rest_route=%2Fwp%2Fv2%2Ftags&post=8853"}],"curies":[{"name":"wp","href":"https:\/\/api.w.org\/{rel}","templated":true}]}}