{"id":8848,"date":"2023-03-17T10:17:22","date_gmt":"2023-03-17T10:17:22","guid":{"rendered":"https:\/\/dekkbi.com\/?p=8848"},"modified":"2023-03-17T10:17:24","modified_gmt":"2023-03-17T10:17:24","slug":"reforme-des-retraites-le-49-3-declenche-la-colere-et-affaiblit-elisabeth-borne","status":"publish","type":"post","link":"https:\/\/dekkbi.com\/?p=8848","title":{"rendered":"R\u00e9forme des retraites: le 49.3 d\u00e9clenche la col\u00e8re et affaiblit \u00c9lisabeth Borne"},"content":{"rendered":"\n<p><strong>En d\u00e9cidant de recourir \u00e0 l\u2019article 49.3 de la Constitution pour faire adopter le projet de r\u00e9forme des retraites \u00e0 l\u2019Assembl\u00e9e nationale, jeudi 16 mars, faute de majorit\u00e9 assur\u00e9e, la Premi\u00e8re ministre a provoqu\u00e9 l\u2019ire de l\u2019opposition et de nombreux Fran\u00e7ais. Des milliers de manifestants ont d\u00e9fil\u00e9 spontan\u00e9ment dans une ambiance tendue. Et \u00c9lisabeth Borne se retrouve sur la sellette.<\/strong><\/p>\n\n\n\n<p>Elle a tent\u00e9 de n\u00e9gocier le soutien des R\u00e9publicains, sans succ\u00e8s. \u00c9lisabeth Borne n\u2019a pas r\u00e9ussi \u00e0 obtenir assez de garanties pour que la r\u00e9forme des retraites soit adopt\u00e9e \u00e0 l\u2019Assembl\u00e9e nationale au vote des d\u00e9put\u00e9s. Et au dernier moment,\u00a0<strong>la Premi\u00e8re ministre a donc d\u00e9cid\u00e9 d\u2019utiliser l\u2019arme du 49.3<\/strong>\u00a0jeudi.<\/p>\n\n\n\n<p>Interrog\u00e9 quelques heures au journal du soir de TF1, \u00c9lisabeth Borne n\u2019a pas voulu remettre en cause sa strat\u00e9gie, observe&nbsp;<strong>Val\u00e9rie Gas<\/strong>, cheffe du service Politique de RFI. M\u00eame si \u00e7a n&rsquo;a pas march\u00e9 sur la r\u00e9forme des retraites, m\u00eame si les concessions faites aux R\u00e9publicains n&rsquo;ont pas permis de s\u00e9curiser le vote, m\u00eame si le dialogue avec les syndicats a \u00e9t\u00e9 rompu, m\u00eame si les Fran\u00e7ais sont majoritairement hostiles \u00e0 la r\u00e9forme, elle ne reconna\u00eet aucune erreur sur la m\u00e9thode.<\/p>\n\n\n\n<p>L&rsquo;usage du 49.3, pourtant symbole de l&rsquo;\u00e9chec \u00e0 rassembler autour du texte, la cheffe du gouvernement le pr\u00e9sente m\u00eame comme une simple \u00e9tape. \u00ab&nbsp;\u00c7<em>a permet aux oppositions de d\u00e9poser une motion de censure qui fera l\u2019objet d\u2019un vote. Ce vote, finalement, sera celui de ceux qui sont pour et de ceux qui sont contre la r\u00e9forme<\/em>&nbsp;\u00bb, a-t-elle affirm\u00e9 sur TF1.<\/p>\n\n\n\n<p>M\u00eame si elle se sait fragilis\u00e9e \u2013\u00a0en priv\u00e9, elle a m\u00eame \u00e9voqu\u00e9 le fait d&rsquo;\u00eatre un \u00ab fusible \u00bb\u00a0\u2013, la Premi\u00e8re ministre minimise les cons\u00e9quences politiques du 49.3. \u00c9lisabeth Borne fait comme si un vote sur une motion de censure qui n&rsquo;aboutirait pas \u00e0 faire tomber le gouvernement pouvait \u00eatre assimil\u00e9 \u00e0 un vote pour la r\u00e9forme. Au risque de donner un peu plus une impression de d\u00e9connexion.<\/p>\n\n\n\n<h2 class=\"wp-block-heading\">Motion de censure \u00e0 l&rsquo;Assembl\u00e9e, heurts et amertume dans les rues<\/h2>\n\n\n\n<p>Avant de retrouver le palais Bourbon pour une nouvelle journ\u00e9e qui s\u2019annonce houleuse dans l\u2019h\u00e9micycle ce vendredi 17 mars, Jean-Luc M\u00e9lenchon a annonc\u00e9 que le groupe La France insoumise (LFI) va soutenir la motion de censure du groupe des ind\u00e9pendants (Liot). \u00ab&nbsp;<em>Nous avons d\u00e9cid\u00e9 de donner les plus grandes chances possibles \u00e0 la censure, et donc de retirer notre motion de censure au profit de celle de Liot<\/em>&nbsp;\u00bb, a d\u00e9clar\u00e9 l\u2019ancien candidat \u00e0 la pr\u00e9sidentielle au micro de France Inter.<\/p>\n\n\n\n<p>Jeudi, le fondateur de LFI \u00e9tait, entre autres figures politiques, dans la rue pour protester contre le recours au 49.3. Dans l\u2019apr\u00e8s-midi, plusieurs personnes se sont donn\u00e9es rendez-vous place de la Concorde \u00e0 Paris, juste \u00e0 c\u00f4t\u00e9 de l\u2019Assembl\u00e9e nationale o\u00f9 le gouvernement venait de d\u00e9clencher l\u2019article qui a encore ajout\u00e9 un peu d\u2019huile sur le feu, indique&nbsp;<strong>Am\u00e9lie Beaucour<\/strong>, du service Politique.<\/p>\n\n\n\n<p>\u00ab&nbsp;<em>C\u2019est dur \u00e0 accepter. Je pense qu\u2019il veut vraiment la merde, il n\u2019y a pas d\u2019autres mots, je suis d\u00e9sol\u00e9e. L\u00e0, \u00e7a va mettre le feu aux poudres partout<\/em>&nbsp;\u00bb, a confi\u00e9 une manifestante, r\u00e9sumant l&rsquo;\u00e9tat d&rsquo;esprit qui r\u00e9gnait sur place.<\/p>\n\n\n\n<p>En d\u00e9but de soir\u00e9e, les forces de l\u2019ordre ont d\u00fb intervenir pour disperser la foule&nbsp;: canons \u00e0 eau, charges, gaz lacrymog\u00e8ne\u2026 Mais certains manifestants se sont retranch\u00e9s dans des ruelles alentours. Les images ont fait le tour des r\u00e9seaux sociaux&nbsp;: poubelles utilis\u00e9es comme des barricades en feu, vitrines volant en \u00e9clats\u2026 Des sc\u00e8nes qui ont aussi eu lieu \u00e0 Marseille, Nantes ou encore Lyon. Les pompiers de Rennes, en Bretagne, ont annonc\u00e9 vendredi matin qu\u2019ils avaient d\u00fb \u00e9teindre une cinquantaine de feux dans le centre-ville. Des tirs de mortiers auraient \u00e9t\u00e9 constat\u00e9s \u00e9galement envers les CRS.<\/p>\n\n\n\n<p>Selon le ministre de l\u2019Int\u00e9rieur, 310 personnes ont \u00e9t\u00e9 interpell\u00e9es jeudi, dont 258 \u00e0 Paris. Redoutant un durcissement du mouvement, G\u00e9rald Darmanin a demand\u00e9 \u00e0 plusieurs pr\u00e9fets de renforcer la protection des parlementaires, de leur permanence en r\u00e9gion, mais aussi de leur domicile. La prochaine manifestation d\u2019ampleur est annonc\u00e9e pour le jeudi 23 mars.<\/p>\n\n\n\n<h2 class=\"wp-block-heading\">Prise de parole \u00e0 suivre pour un Emmanuel Macron en position d\u00e9licate ?<\/h2>\n\n\n\n<p>Emmanuel Macron, lui, est rest\u00e9 loin de la bataille. Mais c\u2019est, bien s\u00fbr, sa strat\u00e9gie qui est en cause, d\u00e9crypte&nbsp;<strong>Julien Chavanne<\/strong>&nbsp;du service Politique&nbsp;: trop \u00e0 droite, sans ligne claire sur l\u2019objectif de la r\u00e9forme, avec une communication floue, sans boussole\u2026<\/p>\n\n\n\n<p>Les h\u00e9sitations du pr\u00e9sident de la R\u00e9publique sont apparues au grand jour jeudi 16 mars. Il ne lui a fallu pas moins de trois r\u00e9unions, la derni\u00e8re quelques minutes avant le d\u00e9but de la s\u00e9ance \u00e0 l\u2019Assembl\u00e9e, pour prendre sa d\u00e9cision, sous pression et en position de faiblesse.<\/p>\n\n\n\n<p>Emmanuel Macron pourrait reprendre la parole prochainement pour tenter de lancer la suite de ce quinquennat, malgr\u00e9 le crash des retraites. Olivier V\u00e9ran, le porte-parole du gouvernement, a insist\u00e9 vendredi sur France Inter : le camp pr\u00e9sidentiel a \u00ab&nbsp;<em>vocation \u00e0 continuer de gouverner<\/em>&nbsp;\u00bb.<\/p>\n","protected":false},"excerpt":{"rendered":"<p>En d\u00e9cidant de recourir \u00e0 l\u2019article 49.3 de la Constitution pour faire adopter le projet de r\u00e9forme des retraites \u00e0<\/p>\n","protected":false},"author":1,"featured_media":8849,"comment_status":"open","ping_status":"open","sticky":false,"template":"","format":"standard","meta":{"footnotes":""},"categories":[51],"tags":[],"class_list":["post-8848","post","type-post","status-publish","format-standard","has-post-thumbnail","hentry","category-general"],"_links":{"self":[{"href":"https:\/\/dekkbi.com\/index.php?rest_route=\/wp\/v2\/posts\/8848","targetHints":{"allow":["GET"]}}],"collection":[{"href":"https:\/\/dekkbi.com\/index.php?rest_route=\/wp\/v2\/posts"}],"about":[{"href":"https:\/\/dekkbi.com\/index.php?rest_route=\/wp\/v2\/types\/post"}],"author":[{"embeddable":true,"href":"https:\/\/dekkbi.com\/index.php?rest_route=\/wp\/v2\/users\/1"}],"replies":[{"embeddable":true,"href":"https:\/\/dekkbi.com\/index.php?rest_route=%2Fwp%2Fv2%2Fcomments&post=8848"}],"version-history":[{"count":1,"href":"https:\/\/dekkbi.com\/index.php?rest_route=\/wp\/v2\/posts\/8848\/revisions"}],"predecessor-version":[{"id":8850,"href":"https:\/\/dekkbi.com\/index.php?rest_route=\/wp\/v2\/posts\/8848\/revisions\/8850"}],"wp:featuredmedia":[{"embeddable":true,"href":"https:\/\/dekkbi.com\/index.php?rest_route=\/wp\/v2\/media\/8849"}],"wp:attachment":[{"href":"https:\/\/dekkbi.com\/index.php?rest_route=%2Fwp%2Fv2%2Fmedia&parent=8848"}],"wp:term":[{"taxonomy":"category","embeddable":true,"href":"https:\/\/dekkbi.com\/index.php?rest_route=%2Fwp%2Fv2%2Fcategories&post=8848"},{"taxonomy":"post_tag","embeddable":true,"href":"https:\/\/dekkbi.com\/index.php?rest_route=%2Fwp%2Fv2%2Ftags&post=8848"}],"curies":[{"name":"wp","href":"https:\/\/api.w.org\/{rel}","templated":true}]}}