{"id":8751,"date":"2023-03-16T10:06:58","date_gmt":"2023-03-16T10:06:58","guid":{"rendered":"https:\/\/dekkbi.com\/?p=8751"},"modified":"2023-03-16T11:19:29","modified_gmt":"2023-03-16T11:19:29","slug":"fifa-les-principaux-enjeux-du-congres-de-kigali","status":"publish","type":"post","link":"https:\/\/dekkbi.com\/?p=8751","title":{"rendered":"Foot: r\u00e9\u00e9lu sans surprise, Infantino pr\u00e9pare l&rsquo;expansion de la Fifa"},"content":{"rendered":"\n<p>Un Mondial de football \u00e0 104 matches d\u00e8s 2026, un tournoi plan\u00e9taire de 32 clubs: r\u00e9\u00e9lu jeudi pour quatre ans \u00e0 la t\u00eate de la Fifa, l&rsquo;Italo-Suisse Gianni Infantino, en poste depuis 2016, entend inaugurer une \u00e8re de tous les superlatifs, faisant gonfler comp\u00e9titions et revenus.<\/p>\n\n\n\n<p>R\u00e9unis \u00e0 Kigali pour le 73e Congr\u00e8s de l&rsquo;instance mondiale du foot, les d\u00e9l\u00e9gu\u00e9s des 211 f\u00e9d\u00e9rations membres ont reconduit par acclamation le dirigeant de 52 ans, seul en lice comme lors de sa pr\u00e9c\u00e9dente \u00e9lection en 2019, sans que ce syst\u00e8me ne permette de compter les voix dissidentes.<\/p>\n\n\n\n<p>La pr\u00e9sidente de la F\u00e9d\u00e9ration norv\u00e9gienne, Lise Klaveness, avait cependant pr\u00e9venu qu&rsquo;elle ne soutiendrait pas Infantino, et a port\u00e9 \u00e0 l&rsquo;ordre du jour une discussion sur la \u00ab\u00a0r\u00e9paration en cas de violation des droits humains\u00a0\u00bb li\u00e9e aux comp\u00e9titions de la Fifa, r\u00e9clamant un bilan des d\u00e9c\u00e8s sur les chantiers du Mondial-2022 au Qatar et de leur indemnisation.<\/p>\n\n\n\n<p>Mais les Europ\u00e9ens n&rsquo;ont pu s&rsquo;entendre sur une candidature concurrente et l&rsquo;ancien homme de confiance de Michel Platini \u00e0 l&rsquo;UEFA (2009-2016), \u00e9lu inattendu \u00e0 la t\u00eate de la Fifa en f\u00e9vrier 2016 apr\u00e8s une cascade de scandales, est assur\u00e9 de rester au sommet du foot mondial au moins jusqu&rsquo;en 2027.<\/p>\n\n\n\n<p><\/p>\n\n\n\n<figure class=\"wp-block-image\"><img decoding=\"async\" src=\"https:\/\/information.tv5monde.com\/sites\/info.tv5monde.com\/files\/styles\/large\/public\/e2cf968e7c80424114575eede885384a2f15a854.jpg?itok=CKI_emM1\" alt=\"Gianni Infantino s&#039;exprime le 16 mars 2023 lors du 73e congr\u00e8s de la Fifa \u00e0 Kigali apr\u00e8s sa r\u00e9\u00e9lection jusqu&#039;en 2027 comme pr\u00e9sident de la Fifa\" title=\"afp.com - Simon MAINA\"\/><figcaption class=\"wp-element-caption\">Gianni Infantino s&rsquo;exprime le 16 mars 2023 lors du 73e congr\u00e8s de la Fifa \u00e0 Kigali apr\u00e8s sa r\u00e9\u00e9lection jusqu&rsquo;en 2027 comme pr\u00e9sident de la Fifa<\/figcaption><\/figure>\n\n\n\n<p>&#8211; Pouvoir redistributif &#8211;<\/p>\n\n\n\n<p>Si les statuts de l&rsquo;organisation de Zurich pr\u00e9voient d\u00e9sormais trois mandats de quatre ans au maximum, Infantino a d\u00e9j\u00e0 pr\u00e9par\u00e9 le terrain pour rester jusqu&rsquo;en 2031, d\u00e9clarant mi-d\u00e9cembre qu&rsquo;il \u00e9tait \u00ab\u00a0toujours dans son premier mandat\u00a0\u00bb, puisque son bail 2016-2019 \u00e9tait incomplet.<\/p>\n\n\n\n<p>L&rsquo;horizon para\u00eet d\u00e9gag\u00e9 pour le juriste au cr\u00e2ne lisse, qui a encore clam\u00e9 jeudi vouloir \u00ab\u00a0rendre le football v\u00e9ritablement mondial\u00a0\u00bb, et se pose en rempart face \u00e0 l&rsquo;h\u00e9g\u00e9monie sportive et \u00e9conomique du foot europ\u00e9en gr\u00e2ce aux programmes de d\u00e9veloppement de la Fifa, dop\u00e9s par ses recettes croissantes.<\/p>\n\n\n\n<p>Comme il y a quatre ans, il peut afficher un bilan financier solide, avec une hausse de 18% des revenus et de 45% des r\u00e9serves sur le cycle 2019-22 par rapport au pr\u00e9c\u00e9dent, qui permet \u00e0 la Fifa d&rsquo;augmenter encore ses subventions aux conf\u00e9d\u00e9rations et f\u00e9d\u00e9rations, soit la cl\u00e9 de son syst\u00e8me redistributif comme de son syst\u00e8me \u00e9lectoral.<\/p>\n\n\n\n<p>Car l&rsquo;organisation accorde les m\u00eames montants \u00e0 Trinit\u00e9-et-Tobago, Saint-Kitts-et-Nevis, aux Bermudes et \u00e0 la Papouasie-Nouvelle-Guin\u00e9e qu&rsquo;au Br\u00e9sil ou \u00e0 l&rsquo;Allemagne, chacune de ces f\u00e9d\u00e9rations disposant \u00e9galement d&rsquo;une voix au Congr\u00e8s.<\/p>\n\n\n\n<p>Pour peu que le pr\u00e9sident contente les 35 associations d&rsquo;Am\u00e9rique centrale, dont nombre d&rsquo;\u00eeles des Cara\u00efbes, ou les 54 f\u00e9d\u00e9rations africaines, il peut ainsi se permettre de froisser les puissantes nations europ\u00e9ennes: en envisageant une Coupe du monde biennale avant d&rsquo;y renoncer, l&rsquo;an dernier, ou en interdisant \u00e0 une poign\u00e9e de s\u00e9lections d&rsquo;arborer un brassard inclusif \u00ab\u00a0One Love\u00a0\u00bb lors du Mondial qatari, pour proclamer leur attachement aux droits LGBT.<\/p>\n\n\n\n<p>&#8211; Fractures du football &#8211;<\/p>\n\n\n\n<p>C\u00f4t\u00e9 gouvernance, son dernier mandat a \u00e9t\u00e9 marqu\u00e9 par une vaste r\u00e9forme des transferts, par l&rsquo;institution d&rsquo;un cong\u00e9 maternit\u00e9 pour les joueuses professionnelles ainsi que par des r\u00e8gles de proc\u00e9dure disciplinaire plus protectrices pour les victimes de violences sexuelles.<\/p>\n\n\n\n<p>D&rsquo;ores et d\u00e9j\u00e0, les principaux chantiers des prochaines ann\u00e9es sont ent\u00e9rin\u00e9s: \u00e0 commencer par le passage de la Coupe du monde masculine de 32 \u00e0 48 \u00e9quipes \u00e0 partir de l&rsquo;\u00e9dition 2026 partag\u00e9e entre Etats-Unis, Canada et Mexique, d\u00e9cid\u00e9 en 2017 et dont le format a \u00e9t\u00e9 fix\u00e9 mardi.<\/p>\n\n\n\n<p>En optant pour une phase de poules avec douze groupes de quatre \u00e9quipes, le tournoi va bondir de 64 \u00e0 104 rencontres, un mastodonte taill\u00e9 pour faire exploser les recettes de billetterie et all\u00e9cher toujours plus de diffuseurs.<\/p>\n\n\n\n<p>Par ailleurs, la Fifa a d\u00e9cid\u00e9 le 16 d\u00e9cembre d&rsquo;\u00e9largir son Mondial des clubs d&rsquo;un format annuel \u00e0 sept \u00e9quipes \u00e0 une comp\u00e9tition quadriennale \u00e0 32 \u00e9quipes \u00e0 partir de l&rsquo;\u00e9t\u00e9 2025. Un projet que son patron tente de faire aboutir depuis des ann\u00e9es pour concurrencer la lucrative Ligue des champions de l&rsquo;UEFA.<\/p>\n\n\n\n<p>Mais cette course \u00e0 l&rsquo;expansion pourrait bien r\u00e9veiller les fractures du football: mercredi soir le Forum mondial des ligues (WLF), regroupant une quarantaine de championnats, a d\u00e9nonc\u00e9 des d\u00e9cisions \u00ab\u00a0sans consultation\u00a0\u00bb, qui alourdissent encore \u00ab\u00a0un calendrier d\u00e9j\u00e0 surcharg\u00e9, et ne tiennent aucun compte de l&rsquo;impact sur la comp\u00e9titivit\u00e9 des ligues domestiques et la sant\u00e9 des joueurs\u00a0\u00bb.<\/p>\n\n\n\n<p>Le WLF, comme son homologue European League regroupant les championnats europ\u00e9ens, va \u00ab\u00a0d\u00e9cider\u00a0\u00bb des r\u00e9ponses \u00ab\u00a0les plus appropri\u00e9es\u00a0\u00bb, laissant planer la menace d&rsquo;une riposte judiciaire.<\/p>\n\n\n\n<p>Par Coralie FEBVRE<\/p>\n\n\n\n<p><a href=\"https:\/\/information.tv5monde.com\/auteur\/afp\">AFP<\/a><\/p>\n\n\n\n<p>\u00a9 2023 AFP<\/p>\n\n\n\n<p>Mise \u00e0 jour 16.03.2023 \u00e0 12:00<\/p>\n\n\n\n<p><\/p>\n","protected":false},"excerpt":{"rendered":"<p>Un Mondial de football \u00e0 104 matches d\u00e8s 2026, un tournoi plan\u00e9taire de 32 clubs: r\u00e9\u00e9lu jeudi pour quatre ans<\/p>\n","protected":false},"author":1,"featured_media":8752,"comment_status":"open","ping_status":"open","sticky":false,"template":"","format":"standard","meta":{"footnotes":""},"categories":[9],"tags":[],"class_list":["post-8751","post","type-post","status-publish","format-standard","has-post-thumbnail","hentry","category-sports"],"_links":{"self":[{"href":"https:\/\/dekkbi.com\/index.php?rest_route=\/wp\/v2\/posts\/8751","targetHints":{"allow":["GET"]}}],"collection":[{"href":"https:\/\/dekkbi.com\/index.php?rest_route=\/wp\/v2\/posts"}],"about":[{"href":"https:\/\/dekkbi.com\/index.php?rest_route=\/wp\/v2\/types\/post"}],"author":[{"embeddable":true,"href":"https:\/\/dekkbi.com\/index.php?rest_route=\/wp\/v2\/users\/1"}],"replies":[{"embeddable":true,"href":"https:\/\/dekkbi.com\/index.php?rest_route=%2Fwp%2Fv2%2Fcomments&post=8751"}],"version-history":[{"count":2,"href":"https:\/\/dekkbi.com\/index.php?rest_route=\/wp\/v2\/posts\/8751\/revisions"}],"predecessor-version":[{"id":8786,"href":"https:\/\/dekkbi.com\/index.php?rest_route=\/wp\/v2\/posts\/8751\/revisions\/8786"}],"wp:featuredmedia":[{"embeddable":true,"href":"https:\/\/dekkbi.com\/index.php?rest_route=\/wp\/v2\/media\/8752"}],"wp:attachment":[{"href":"https:\/\/dekkbi.com\/index.php?rest_route=%2Fwp%2Fv2%2Fmedia&parent=8751"}],"wp:term":[{"taxonomy":"category","embeddable":true,"href":"https:\/\/dekkbi.com\/index.php?rest_route=%2Fwp%2Fv2%2Fcategories&post=8751"},{"taxonomy":"post_tag","embeddable":true,"href":"https:\/\/dekkbi.com\/index.php?rest_route=%2Fwp%2Fv2%2Ftags&post=8751"}],"curies":[{"name":"wp","href":"https:\/\/api.w.org\/{rel}","templated":true}]}}