{"id":8748,"date":"2023-03-16T10:01:44","date_gmt":"2023-03-16T10:01:44","guid":{"rendered":"https:\/\/dekkbi.com\/?p=8748"},"modified":"2023-03-16T10:01:45","modified_gmt":"2023-03-16T10:01:45","slug":"a-mbacke-matam-kolda-et-ziguinchor-pastef-les-patriotes-exige-la-liberation-des-detenus-politiques","status":"publish","type":"post","link":"https:\/\/dekkbi.com\/?p=8748","title":{"rendered":"A Mback\u00e9, Matam, Kolda et Ziguinchor, Pastef-Les patriotes exige la lib\u00e9ration des \u2018\u2019d\u00e9tenus politiques\u2019\u2019"},"content":{"rendered":"\n<p><a href=\"https:\/\/www.aps.sn\/detail\/4772\"><\/a>Mback\u00e9,  (APS) \u2013 De nombreux militants de Pastef-Les patriotes (opposition) ont exig\u00e9 la lib\u00e9ration des \u2018\u2019d\u00e9tenus politiques\u2019\u2019, lors de rassemblements qui se sont d\u00e9roul\u00e9s mercredi dans les villes de Mback\u00e9 (centre), Matam (nord), Kolda et Ziguinchor (sud), ont constat\u00e9 des journalistes de l\u2019APS.<\/p>\n\n\n\n<p>Ce parti d&rsquo;opposition et ses alli\u00e9s de Yewwi Askan Wi ont entam\u00e9 mardi 14 mars des manifestations, qui vont se poursuivre jusqu&rsquo;\u00e0 jeudi 16 mars, dans plusieurs villes du pays.<\/p>\n\n\n\n<p>A Mback\u00e9, des centaines de militants du parti de l\u2019opposant et maire de Ziguinchor (sud), Ousmane Sonko, ont pris part \u00e0 une marche dont le coup d\u2019envoi a \u00e9t\u00e9 donn\u00e9 vers 17 heures.<\/p>\n\n\n\n<p>Certains militants brandissaient des pancartes v\u00e9hiculant de nombreux messages, d\u2019autres tenaient le drapeau national en main.<\/p>\n\n\n\n<p>Plusieurs responsables locaux de Pastef-Les patriotes, dont Ahmadou L\u00f4, le coordonnateur d\u00e9partemental du parti \u00e0 Mback\u00e9, ont pris la parole lors de ce rassemblement. Ils ont r\u00e9clam\u00e9 \u2018\u2019la lib\u00e9ration des otages politiques\u2019\u2019.<\/p>\n\n\n\n<p>Parmi ces derniers figure, selon eux, Serigne Assane Mback\u00e9, qui a \u00e9t\u00e9 arr\u00eat\u00e9 lors d\u2019une manifestation de l\u2019opposition en m\u00eame temps que d\u2019autres personnes, en f\u00e9vrier dernier. Ils sont accus\u00e9s d&rsquo;avoir particip\u00e9 \u00e0 une manifestation non autoris\u00e9e.<\/p>\n\n\n\n<p>Le d\u00e9put\u00e9 Cheikh Thioro Mback\u00e9, coordonnateur du parti \u00e0 Touba (centre), a remerci\u00e9 les militants et a tenu \u00e0 rappeler que le maire de Ziguinchor est leur candidat \u00e0 l&rsquo;\u00e9lection pr\u00e9sidentielle du 25 f\u00e9vrier 2024.<\/p>\n\n\n\n<p>La marche, autoris\u00e9e par le pr\u00e9fet de Mback\u00e9, s\u2019est d\u00e9roul\u00e9e sous la surveillance de la police locale.<\/p>\n\n\n\n<p>A Matam aussi, la coordination d\u00e9partementale de Pastef-Les Patriotes a lanc\u00e9 un appel \u00e0 la lib\u00e9ration des personnes arr\u00eat\u00e9es lors de manifestations de l\u2019opposition au cours des derniers mois et plac\u00e9es en d\u00e9tention.<\/p>\n\n\n\n<p>\u2018\u2019La coordination d\u00e9partementale [\u2026] demande, \u00e0 travers un m\u00e9morandum, la lib\u00e9ration de tous les d\u00e9tenus politiques et la fin des arrestations\u2019\u2019, a d\u00e9clar\u00e9 Abdoulaye Bocoum, un porte-parole du parti d\u2019opposition.<\/p>\n\n\n\n<p>A la fin de la marche, les manifestants ont remis le m\u00e9morandum en question au pr\u00e9fet de Matam, Souleymane Ndiaye.<\/p>\n\n\n\n<p><strong>\u2018\u2019La mauvaise gestion des ressources publiques\u2019\u2019<\/strong><\/p>\n\n\n\n<p>A Kolda, les militants de l\u2019opposition ont demand\u00e9 \u00e9galement que soient lib\u00e9r\u00e9s les \u2018\u2019prisonniers politiques\u2019\u2019.<\/p>\n\n\n\n<p>Ils ont manifest\u00e9 leur opposition \u00e0 une \u00e9ventuelle candidature de Macky Sall \u00e0 l\u2019\u00e9lection pr\u00e9sidentielle de 2024. \u2018\u2019Nous invitons le pr\u00e9sident Macky Sall [\u00e0] respecter le texte fondamental (la Constitution), qui stipule dans son article 27 que nul ne peut exercer plus de deux mandats cons\u00e9cutifs\u2019\u2019, a soutenu Famara Man\u00e9, le coordonnateur de Pastef-Les patriotes dans le d\u00e9partement de Kolda.<\/p>\n\n\n\n<p>M. Man\u00e9 a invit\u00e9 les jeunes de Kolda \u00e0 s\u2019inscrire massivement sur les listes \u00e9lectorales pour pouvoir participer \u00e0 la prochaine \u00e9lection du pr\u00e9sident de la R\u00e9publique.&nbsp;<\/p>\n\n\n\n<p>La marche, autoris\u00e9e par les autorit\u00e9s administratives, s\u2019est d\u00e9roul\u00e9e sans incident.<\/p>\n\n\n\n<p>A Ziguinchor, les manifestants ont exig\u00e9 la \u2018\u2019fin [des] arrestations et d\u00e9tentions arbitraires\u2019\u2019.<\/p>\n\n\n\n<p>\u2018\u2019Nous demandons \u00e0 Macky Sall et \u00e0 son gouvernement de mettre fin aux arrestations et d\u00e9tentions arbitraires et de lib\u00e9rer sans d\u00e9lai tous les d\u00e9tenus politiques\u2019\u2019, a lanc\u00e9 Seydou Mandiang, un militant du maire de Ziguinchor.<\/p>\n\n\n\n<p>\u2018\u2019Dans un pays comme le S\u00e9n\u00e9gal, on arr\u00eate des gens parce que simplement ils ont exprim\u00e9 leur opinion. C&rsquo;est inacceptable dans un Etat de droit\u2019\u2019, a soutenu M. Mandiang.<\/p>\n\n\n\n<p>Parlant au nom de la coalition Yewwi Askan Wi, lors d\u2019un rassemblement, il a d\u00e9nonc\u00e9 une \u2018\u2019instrumentalisation de la justice\u2019\u2019 et \u2018\u2019la mauvaise gestion des ressources publiques\u2019\u2019.<\/p>\n\n\n\n<p>CGD\/MD\/AT\/MG\/MNF\/ESF<\/p>\n","protected":false},"excerpt":{"rendered":"<p>Mback\u00e9, (APS) \u2013 De nombreux militants de Pastef-Les patriotes (opposition) ont exig\u00e9 la lib\u00e9ration des \u2018\u2019d\u00e9tenus politiques\u2019\u2019, lors de rassemblements<\/p>\n","protected":false},"author":1,"featured_media":8749,"comment_status":"open","ping_status":"open","sticky":false,"template":"","format":"standard","meta":{"footnotes":""},"categories":[21],"tags":[],"class_list":["post-8748","post","type-post","status-publish","format-standard","has-post-thumbnail","hentry","category-societe"],"_links":{"self":[{"href":"https:\/\/dekkbi.com\/index.php?rest_route=\/wp\/v2\/posts\/8748","targetHints":{"allow":["GET"]}}],"collection":[{"href":"https:\/\/dekkbi.com\/index.php?rest_route=\/wp\/v2\/posts"}],"about":[{"href":"https:\/\/dekkbi.com\/index.php?rest_route=\/wp\/v2\/types\/post"}],"author":[{"embeddable":true,"href":"https:\/\/dekkbi.com\/index.php?rest_route=\/wp\/v2\/users\/1"}],"replies":[{"embeddable":true,"href":"https:\/\/dekkbi.com\/index.php?rest_route=%2Fwp%2Fv2%2Fcomments&post=8748"}],"version-history":[{"count":1,"href":"https:\/\/dekkbi.com\/index.php?rest_route=\/wp\/v2\/posts\/8748\/revisions"}],"predecessor-version":[{"id":8750,"href":"https:\/\/dekkbi.com\/index.php?rest_route=\/wp\/v2\/posts\/8748\/revisions\/8750"}],"wp:featuredmedia":[{"embeddable":true,"href":"https:\/\/dekkbi.com\/index.php?rest_route=\/wp\/v2\/media\/8749"}],"wp:attachment":[{"href":"https:\/\/dekkbi.com\/index.php?rest_route=%2Fwp%2Fv2%2Fmedia&parent=8748"}],"wp:term":[{"taxonomy":"category","embeddable":true,"href":"https:\/\/dekkbi.com\/index.php?rest_route=%2Fwp%2Fv2%2Fcategories&post=8748"},{"taxonomy":"post_tag","embeddable":true,"href":"https:\/\/dekkbi.com\/index.php?rest_route=%2Fwp%2Fv2%2Ftags&post=8748"}],"curies":[{"name":"wp","href":"https:\/\/api.w.org\/{rel}","templated":true}]}}