{"id":8744,"date":"2023-03-16T09:56:02","date_gmt":"2023-03-16T09:56:02","guid":{"rendered":"https:\/\/dekkbi.com\/?p=8744"},"modified":"2023-03-16T11:08:24","modified_gmt":"2023-03-16T11:08:24","slug":"un-programme-de-lue-veut-investir-sur-des-sujets-davenir-pour-les-jeunes-diplomate","status":"publish","type":"post","link":"https:\/\/dekkbi.com\/?p=8744","title":{"rendered":"Un programme de l\u2019UE veut investir sur des sujets d&rsquo;avenir pour les jeunes"},"content":{"rendered":"\n<p>Dakar, 16 mars (APS) &#8211; L&rsquo;Union europ\u00e9enne (UE) veut investir sur des sujets d&rsquo;avenir pour les jeunes du continent africain \u00e0 travers le projet \u00a0\u00bbGlobal Gateway\u00a0\u00bb, a-t-on appris de son ambassadeur \u00e0 Dakar, Jean Marc Pisani.<\/p>\n\n\n\n<p>\u2018\u2019Le Global Gateway\u2019\u2019 est un projet europ\u00e9en d\u2019investissements dans les pays en voie de d\u00e9veloppement financ\u00e9 \u00e0 hauteur de 320,4 millions d\u2019euros soit pr\u00e8s de 198 milliards FCFA, par la Banque europ\u00e9enne d\u2019investissement, avec le soutien de la Commission europ\u00e9enne, l\u2019Agence fran\u00e7aise de d\u00e9veloppement (AFD), entre autres.<\/p>\n\n\n\n<p>\u2018\u2019Les engagements qui ont \u00e9t\u00e9 pris par les chefs d\u2019Etats lors du sommet de l\u2019UE \u00e0 Bruxelles seront mis en \u0153uvre \u00e0 travers le programme +Global Gateway+ qui permet d\u2019investir massivement en Afrique dans des sujets d\u2019avenir pour les \u00e9tudiants\u2019\u2019, a-t-il dit.<\/p>\n\n\n\n<p>Jean Marc Pisani prenait part mercredi \u00e0 une conf\u00e9rence sur le th\u00e8me : \u2018\u2019Le partenariat UE-Afrique \u00e0 l\u2019aune des nouveaux d\u00e9fis mondiaux\u00a0\u00bb. &nbsp;La rencontre, \u00e0 l\u2019initiative du groupe Sup Deco Dakar et ses partenaires, a r\u00e9uni des universitaires, d\u2019anciens ambassadeurs et des acteurs de la migration.<\/p>\n\n\n\n<p>Le diplomate europ\u00e9en a insist\u00e9 sur la n\u00e9cessit\u00e9 d\u2019offrir \u00e0 la jeunesse africaine la possibilit\u00e9 de \u2018\u2019se former, de travailler gr\u00e2ce \u00e0 un investissement priv\u00e9 important\u00a0\u00bb.<\/p>\n\n\n\n<p>Pour Jean Marc Pisani, il faut travailler au renforcement de \u2018\u2019la migration l\u00e9gale\u00a0\u00bb dans une perspective de \u2018\u2019contrer\u00a0\u00bb celle dite \u2018\u2019irr\u00e9guli\u00e8re ou clandestine\u00a0\u00bb.<\/p>\n\n\n\n<p>\u2018\u2019L\u2019id\u00e9e est de pouvoir travailler ensemble \u00e0 la fois sur des voies de migrations l\u00e9gales pour les jeunes africains qui souhaitent travailler en Europe et en m\u00eame temps de pouvoir travailler sur des conditions de d\u00e9veloppement qui permettront aux jeunes qui le veulent de rester en Afrique\u00a0\u00bb, a t-il dit.<\/p>\n\n\n\n<p>L\u2019ancien Ambassadeur du S\u00e9n\u00e9gal aupr\u00e8s de l\u2019UE, Amadou Diop, a pour sa part relev\u00e9 \u2018\u2019la proximit\u00e9 g\u00e9ographique et historique\u00a0\u00bb entre l\u2019Europe et l\u2019Afrique ainsi que \u2018\u2019l\u2019interconnexion\u00a0\u00bb des \u00e9conomies des deux continents.<\/p>\n\n\n\n<p>\u2018\u2019De tous ces enjeux, nous avons pu marcher ensemble parfois de mani\u00e8re douloureuse mais aussi de mani\u00e8re heureuse avec le lancement du premier sommet Afrique\/Europe du 3 avril 2000 au Caire\u00a0\u00bb, a-t-il soulign\u00e9.<\/p>\n\n\n\n<p>BSF\/FD\/OID<\/p>\n","protected":false},"excerpt":{"rendered":"<p>Dakar, 16 mars (APS) &#8211; L&rsquo;Union europ\u00e9enne (UE) veut investir sur des sujets d&rsquo;avenir pour les jeunes du continent africain<\/p>\n","protected":false},"author":1,"featured_media":8746,"comment_status":"open","ping_status":"open","sticky":false,"template":"","format":"standard","meta":{"footnotes":""},"categories":[3],"tags":[],"class_list":["post-8744","post","type-post","status-publish","format-standard","has-post-thumbnail","hentry","category-event-more-news"],"_links":{"self":[{"href":"https:\/\/dekkbi.com\/index.php?rest_route=\/wp\/v2\/posts\/8744","targetHints":{"allow":["GET"]}}],"collection":[{"href":"https:\/\/dekkbi.com\/index.php?rest_route=\/wp\/v2\/posts"}],"about":[{"href":"https:\/\/dekkbi.com\/index.php?rest_route=\/wp\/v2\/types\/post"}],"author":[{"embeddable":true,"href":"https:\/\/dekkbi.com\/index.php?rest_route=\/wp\/v2\/users\/1"}],"replies":[{"embeddable":true,"href":"https:\/\/dekkbi.com\/index.php?rest_route=%2Fwp%2Fv2%2Fcomments&post=8744"}],"version-history":[{"count":2,"href":"https:\/\/dekkbi.com\/index.php?rest_route=\/wp\/v2\/posts\/8744\/revisions"}],"predecessor-version":[{"id":8780,"href":"https:\/\/dekkbi.com\/index.php?rest_route=\/wp\/v2\/posts\/8744\/revisions\/8780"}],"wp:featuredmedia":[{"embeddable":true,"href":"https:\/\/dekkbi.com\/index.php?rest_route=\/wp\/v2\/media\/8746"}],"wp:attachment":[{"href":"https:\/\/dekkbi.com\/index.php?rest_route=%2Fwp%2Fv2%2Fmedia&parent=8744"}],"wp:term":[{"taxonomy":"category","embeddable":true,"href":"https:\/\/dekkbi.com\/index.php?rest_route=%2Fwp%2Fv2%2Fcategories&post=8744"},{"taxonomy":"post_tag","embeddable":true,"href":"https:\/\/dekkbi.com\/index.php?rest_route=%2Fwp%2Fv2%2Ftags&post=8744"}],"curies":[{"name":"wp","href":"https:\/\/api.w.org\/{rel}","templated":true}]}}