{"id":8669,"date":"2023-03-15T10:28:14","date_gmt":"2023-03-15T10:28:14","guid":{"rendered":"https:\/\/dekkbi.com\/?p=8669"},"modified":"2023-03-15T10:28:15","modified_gmt":"2023-03-15T10:28:15","slug":"le-senegal-reussit-la-sixieme-revue-du-programme-economique-et-financier-avec-le-fmi-et-envisage-un-nouveau-programme-pour-2023-2025","status":"publish","type":"post","link":"https:\/\/dekkbi.com\/?p=8669","title":{"rendered":"\u00ab\u00a0Le S\u00e9n\u00e9gal r\u00e9ussit la sixi\u00e8me revue du programme \u00e9conomique et financier avec le FMI et envisage un nouveau programme pour 2023-2025\u00a0\u00bb"},"content":{"rendered":"\n<p>Conclusion de la Mission de revue du FMILa sixi\u00e8me et derni\u00e8re revue du Programme relatif \u00e0 l\u2019Instrument de Coordination des Politiques Economiques (ICPE) conclu entre le S\u00e9n\u00e9gal et le FMI sur la p\u00e9riode 2020-2022 s&rsquo;est achev\u00e9e avec succ\u00e8s, malgr\u00e9 les diff\u00e9rentes crises qui ont \u00e9maill\u00e9 cette p\u00e9riode. La mission de courte dur\u00e9e du FMI, qui s&rsquo;est tenue du 08 au 14 mars 2023, a permis de constater que notre pays avait r\u00e9alis\u00e9 l&rsquo;essentiel de son programme \u00e9conomique et financier, avec notamment le respect des objectifs en mati\u00e8re de d\u00e9ficit budg\u00e9taire, de recettes fiscales, d&rsquo;endettement et de d\u00e9penses sociales.<\/p>\n\n\n\n<p>Cette r\u00e9ussite est d&rsquo;autant plus remarquable que le S\u00e9n\u00e9gal a d\u00fb faire face \u00e0 des d\u00e9fis multiples et vari\u00e9s, tels que la crise sanitaire, la crise \u00e9conomique, la crise s\u00e9curitaire, la crise \u00e9nerg\u00e9tique, la crise climatique et la crise alimentaire. Le pays a ainsi d\u00e9montr\u00e9 sa r\u00e9silience et sa capacit\u00e9 \u00e0 mettre en \u0153uvre des politiques \u00e9conomiques efficaces malgr\u00e9 les difficult\u00e9s.La mission du FMI a \u00e9galement \u00e9t\u00e9 l&rsquo;occasion d&rsquo;\u00e9changer sur les perspectives d&rsquo;un nouveau programme \u00e9conomique et financier pour la p\u00e9riode 2023-2025. Ce programme devra int\u00e9grer un large spectre de probl\u00e9matiques actuelles, telles que la protection de l&rsquo;environnement, la protection sociale et l&rsquo;\u00e9nergie, afin de tirer parti des opportunit\u00e9s de financement multilat\u00e9rales, bilat\u00e9rales et commerciales.Le S\u00e9n\u00e9gal peut donc envisager l&rsquo;avenir avec confiance, fort de l&rsquo;exp\u00e9rience acquise au cours des derni\u00e8res ann\u00e9es et de sa capacit\u00e9 \u00e0 relever les d\u00e9fis \u00e9conomiques et financiers qui se pr\u00e9sentent \u00e0 lui. Le FMI, pour sa part, continuera d&rsquo;accompagner notre pays dans ses efforts pour consolider ses acquis et poursuivre son d\u00e9veloppement \u00e9conomique et social.Dame DIENGje veux titre pour article web : Conclusion de la Mission de revue du FMI.Le S\u00e9n\u00e9gal, vient de boucler, avec la mission de courte dur\u00e9e (staff visit) du FMI qui s\u2019est tenue du 08 au 14 mars 2023, la sixi\u00e8me et derni\u00e8re revue du Programme relatif \u00e0 l\u2019Instrument de Coordination des Politiques Economiques (ICPE) conclu avec le FMI sur la p\u00e9riode 2020-2022. Au terme de cette mission, notre pays a r\u00e9alis\u00e9 avec succ\u00e8s l\u2019essentiel de son programme \u00e9conomique et financier (d\u00e9ficit budg\u00e9taire, plancher des recettes fiscales, plafond d\u2019endettement, niveau de d\u00e9penses sociales, etc), en d\u00e9pit des diff\u00e9rents chocs qui sont intervenus durant la p\u00e9riode sous revue (crise sanitaire, crise \u00e9conomique, crise s\u00e9curitaire, crise \u00e9nerg\u00e9tique, crise climatique et crise alimentaire).<\/p>\n\n\n\n<p>Cette mission a \u00e9t\u00e9 \u00e9galement l\u2019occasion d\u2019\u00e9changer avec le FMI sur les possibilit\u00e9s et contours de conclusion d\u2019un nouveau programme \u00e9conomique et financier d\u2019ici la fin de l\u2019ann\u00e9e 2023. Celui-ci qui devra s\u2019inscrire sur la m\u00eame dur\u00e9e de trois (3) ans (2023-2025), int\u00e8grera un large spectre de probl\u00e9matiques actuelles, li\u00e9es notamment \u00e0 l\u2019environnement, \u00e0 la protection sociale et \u00e0 l\u2019\u00e9nergie, afin de saisir toutes les opportunit\u00e9s de financements multilat\u00e9raux, bilat\u00e9raux, et commerciaux qu\u2019elles offrent.\u00a0\u00bbLe S\u00e9n\u00e9gal r\u00e9ussit la sixi\u00e8me revue du programme \u00e9conomique et financier avec le FMI et envisage un nouveau programme pour 2023-2025&Prime;<\/p>\n","protected":false},"excerpt":{"rendered":"<p>Conclusion de la Mission de revue du FMILa sixi\u00e8me et derni\u00e8re revue du Programme relatif \u00e0 l\u2019Instrument de Coordination des<\/p>\n","protected":false},"author":1,"featured_media":3390,"comment_status":"open","ping_status":"open","sticky":false,"template":"","format":"standard","meta":{"footnotes":""},"categories":[3],"tags":[],"class_list":["post-8669","post","type-post","status-publish","format-standard","has-post-thumbnail","hentry","category-event-more-news"],"_links":{"self":[{"href":"https:\/\/dekkbi.com\/index.php?rest_route=\/wp\/v2\/posts\/8669","targetHints":{"allow":["GET"]}}],"collection":[{"href":"https:\/\/dekkbi.com\/index.php?rest_route=\/wp\/v2\/posts"}],"about":[{"href":"https:\/\/dekkbi.com\/index.php?rest_route=\/wp\/v2\/types\/post"}],"author":[{"embeddable":true,"href":"https:\/\/dekkbi.com\/index.php?rest_route=\/wp\/v2\/users\/1"}],"replies":[{"embeddable":true,"href":"https:\/\/dekkbi.com\/index.php?rest_route=%2Fwp%2Fv2%2Fcomments&post=8669"}],"version-history":[{"count":1,"href":"https:\/\/dekkbi.com\/index.php?rest_route=\/wp\/v2\/posts\/8669\/revisions"}],"predecessor-version":[{"id":8670,"href":"https:\/\/dekkbi.com\/index.php?rest_route=\/wp\/v2\/posts\/8669\/revisions\/8670"}],"wp:featuredmedia":[{"embeddable":true,"href":"https:\/\/dekkbi.com\/index.php?rest_route=\/wp\/v2\/media\/3390"}],"wp:attachment":[{"href":"https:\/\/dekkbi.com\/index.php?rest_route=%2Fwp%2Fv2%2Fmedia&parent=8669"}],"wp:term":[{"taxonomy":"category","embeddable":true,"href":"https:\/\/dekkbi.com\/index.php?rest_route=%2Fwp%2Fv2%2Fcategories&post=8669"},{"taxonomy":"post_tag","embeddable":true,"href":"https:\/\/dekkbi.com\/index.php?rest_route=%2Fwp%2Fv2%2Ftags&post=8669"}],"curies":[{"name":"wp","href":"https:\/\/api.w.org\/{rel}","templated":true}]}}