{"id":8662,"date":"2023-03-15T10:18:14","date_gmt":"2023-03-15T10:18:14","guid":{"rendered":"https:\/\/dekkbi.com\/?p=8662"},"modified":"2023-03-15T12:53:45","modified_gmt":"2023-03-15T12:53:45","slug":"marche-de-yaw-a-ziguinchor-le-pastef-persiste-et-signe-avec-ou-sans-autorisation-nous-allons-marcher-ce-mercredi","status":"publish","type":"post","link":"https:\/\/dekkbi.com\/?p=8662","title":{"rendered":"Marche de \u00ab yaw \u00bb \u00e0 Ziguinchor \u2013 le Pastef persiste et signe : \u00abAvec ou sans autorisation, nous allons marcher, ce mercredi\u00bb"},"content":{"rendered":"\n<p>La marche de ce mercredi aura bien lieu\u00bb, tiennent \u00e0 pr\u00e9ciser les militants de la coalition YAW, \u00e0 Ziguinchor, qui sonnent la mobilisation ces derni\u00e8res heures. La d\u00e9cision de l\u2019autorit\u00e9 administrative n\u2019est pas encore tomb\u00e9e, mais les organisateurs de la marche restent cat\u00e9goriques. \u00abAvec ou sans autorisation, nous allons marcher, ce mercredi. Nous avons envoy\u00e9 la note d\u2019information \u00e0 l\u2019autorit\u00e9 qui nous a m\u00eame entendus. La marche, c\u2019est quelque chose qui a \u00e9t\u00e9 r\u00e9glement\u00e9e par la Constitution\u2026\u00bb, mart\u00e8le Bassirou Coly, l\u2019un des signataires du document de la marche, par ailleurs Responsable des jeunesses de PASTEF \u00e0 Ziguinchor, qui poursuit : \u00abIl n\u2019y a pas de d\u00e9lit, \u00e0 ma connaissance, pour qu\u2019une interdiction puisse surgir pour interdire cette marche que nous allons tenir\u00bb, lance M. Coly.<\/p>\n\n\n\n<p>Les \u00abPatriotes\u00bb et leurs alli\u00e9s de la coalition Yewwi Askan Wi ont d\u2019ailleurs d\u00e9clin\u00e9 l\u2019itin\u00e9raire de cette marche, qui aura comme point de d\u00e9part le terrain de Lyndiane, dans la commune de Ziguinchor. Aucune d\u00e9cision n\u2019est encore tomb\u00e9e, concernant cette marche. Mais, depuis hier apr\u00e8s-midi, les organisateurs de la marche, \u00e0 bord de v\u00e9hicule  sonoris\u00e9, ont fait le tour de la ville pour informer sur cette manifestation. Toutefois, quelques blind\u00e9s de la Gendarmerie ont \u00e9t\u00e9 visibles dans certaines art\u00e8res de la ville notamment au quartier Lyndiane, l\u00e0 o\u00f9 les marcheurs ont pr\u00e9vu de lancer leur manifestation. En attendant l\u2019avis de l\u2019autorit\u00e9 pr\u00e9fectorale sur cette marche, Ziguinchor, sur la persistance des organisateurs de la manifestation, retient son souffle. La ville reste sous surveillance polici\u00e8re, avec un d\u00e9ploiement de Forces de l\u2019ordre dans les points strat\u00e9giques de la ville.<\/p>\n\n\n\n<p>Ignace NDEYE SUDQUOTIDIEN<\/p>\n","protected":false},"excerpt":{"rendered":"<p>La marche de ce mercredi aura bien lieu\u00bb, tiennent \u00e0 pr\u00e9ciser les militants de la coalition YAW, \u00e0 Ziguinchor, qui<\/p>\n","protected":false},"author":1,"featured_media":8663,"comment_status":"open","ping_status":"open","sticky":false,"template":"","format":"standard","meta":{"footnotes":""},"categories":[26],"tags":[],"class_list":["post-8662","post","type-post","status-publish","format-standard","has-post-thumbnail","hentry","category-fait-divers"],"_links":{"self":[{"href":"https:\/\/dekkbi.com\/index.php?rest_route=\/wp\/v2\/posts\/8662","targetHints":{"allow":["GET"]}}],"collection":[{"href":"https:\/\/dekkbi.com\/index.php?rest_route=\/wp\/v2\/posts"}],"about":[{"href":"https:\/\/dekkbi.com\/index.php?rest_route=\/wp\/v2\/types\/post"}],"author":[{"embeddable":true,"href":"https:\/\/dekkbi.com\/index.php?rest_route=\/wp\/v2\/users\/1"}],"replies":[{"embeddable":true,"href":"https:\/\/dekkbi.com\/index.php?rest_route=%2Fwp%2Fv2%2Fcomments&post=8662"}],"version-history":[{"count":2,"href":"https:\/\/dekkbi.com\/index.php?rest_route=\/wp\/v2\/posts\/8662\/revisions"}],"predecessor-version":[{"id":8693,"href":"https:\/\/dekkbi.com\/index.php?rest_route=\/wp\/v2\/posts\/8662\/revisions\/8693"}],"wp:featuredmedia":[{"embeddable":true,"href":"https:\/\/dekkbi.com\/index.php?rest_route=\/wp\/v2\/media\/8663"}],"wp:attachment":[{"href":"https:\/\/dekkbi.com\/index.php?rest_route=%2Fwp%2Fv2%2Fmedia&parent=8662"}],"wp:term":[{"taxonomy":"category","embeddable":true,"href":"https:\/\/dekkbi.com\/index.php?rest_route=%2Fwp%2Fv2%2Fcategories&post=8662"},{"taxonomy":"post_tag","embeddable":true,"href":"https:\/\/dekkbi.com\/index.php?rest_route=%2Fwp%2Fv2%2Ftags&post=8662"}],"curies":[{"name":"wp","href":"https:\/\/api.w.org\/{rel}","templated":true}]}}