{"id":8657,"date":"2023-03-15T10:10:50","date_gmt":"2023-03-15T10:10:50","guid":{"rendered":"https:\/\/dekkbi.com\/?p=8657"},"modified":"2023-03-15T12:17:25","modified_gmt":"2023-03-15T12:17:25","slug":"mega-meeting-aux-parcelles-assainies-yewwi-en-demonstration-de-force","status":"publish","type":"post","link":"https:\/\/dekkbi.com\/?p=8657","title":{"rendered":"M\u00e9ga meeting aux parcelles assainies : Yewwi en d\u00e9monstration de force"},"content":{"rendered":"\n<p><strong>La coalition Yewwi Askan Wi a r\u00e9ussi le pari de la mobilisation hier, mardi 14 mars, au terrain ACAPES des Parcelles assainies. Tour \u00e0 tour, les responsables de l\u2019opposition ont appel\u00e9 les militants \u00e0 la r\u00e9sistance pour faire au Pr\u00e9sident Macky Sall, l\u2019emp\u00eacher de \u00ab&nbsp;forcer&nbsp;\u00bb une 3<sup>e<\/sup>&nbsp;candidature et s\u2019inscrire sur les listes \u00e9lectorales. Non sans leur demander de venir massivement le jeudi 16 mars au tribunal de Dakar soutenir le leader du Pastef Ousmane Sonko lors de son proc\u00e8s l\u2019opposant au ministre du Tourisme Mame Mbaye Niang.<\/strong><\/p>\n\n\n\n<p>La chaleur n\u2019y est pour rien. En d\u00e9but d\u2019apr\u00e8s-midi, sous le chaud soleil, ils \u00e9taient nombreux \u00e0 converger vers le lieu de rassemblement. Au fil du temps, ce mardi 14 mars, le terrain ACAPES des Parcelles assainies est devenu exigu pour contenir la foule. Des manifestants sont venus de partout pour r\u00e9pondre \u00e0 l\u2019appel de la coalition Yewwi Askan Wi pour protester contre le r\u00e9gime du Pr\u00e9sident Macky Sall. Certains \u00e9taient en T-shirts ou casquettes aux couleurs de la coalition de l\u2019opposition ou encore \u00e0 l\u2019effigie d\u2019Ousmane Sonko&nbsp;; alors que d\u2019autres avaient des pancartes en mains o\u00f9 on pouvait par exemple lire \u00ab&nbsp;Focus 2024&nbsp;\u00bb. Des drapeaux aux couleurs du S\u00e9n\u00e9gal s\u2019agitent. Les sifflets et les vuvuzelas r\u00e9sonnent au rythme des chants et danses. L\u2019ambiance est bon enfant. Le tout, devant un impressionnant dispositif policier afin d\u2019\u00e9viter tout d\u00e9bordement. D\u2019autres personnes qui n\u2019ont rien voulu rater de la manifestation, suivaient \u00e0 partir de leurs balcons ou terrasses en face du terrain.<\/p>\n\n\n\n<p>Accompagn\u00e9 d\u2019une foule immense acquise \u00e0 sa cause depuis chez lui, le leader du parti Pastef, Ousmane Sonko est accueilli apr\u00e8s 18heures sous les vivats sur la place. En tribune, se trouvaient les responsables de la coalition Yewwi Askan Wi d\u00e9j\u00e0 bien install\u00e9s. Le coup d\u2019envoi de la manifestation est donn\u00e9 \u00e0 19 heures avec l\u2019hymne national du S\u00e9n\u00e9gal. Tout d\u2019abord, c\u2019est Malick K\u00e9b\u00e9 adjoint du maire des Parcelles assainies, Ababacar Djamil San\u00e9, qui a d\u00e9livr\u00e9 le message. \u00ab&nbsp;Les populations des Parcelles assainies sont avec vous et sont plus que jamais d\u00e9termin\u00e9s dans le combat de la d\u00e9mocratie, du respect des libert\u00e9s d\u2019expression et des libert\u00e9s individuelles. Oui \u00e0 la r\u00e9sistance et non \u00e0 l\u2019oppression et \u00e0 la manipulation&nbsp;\u00bb, a d\u00e9clar\u00e9 Malick K\u00e9b\u00e9.<\/p>\n\n\n\n<p>Ainsi, tour \u00e0 tour, les responsables de la coalition Yewwi Askan Wi ont pris la parole sous les acclamations du public. Ils ont s\u00e9v\u00e8rement critiqu\u00e9 la gestion du pouvoir en place, d\u00e9nonc\u00e9 les multiples arrestations des militants de l\u2019opposition, la violation des libert\u00e9s et ont appel\u00e9 \u00e0 lutter contre une 3<sup>e<\/sup>&nbsp;candidature du Pr\u00e9sident Macky Sall en 2024. Ils ont par ailleurs invit\u00e9 les militants \u00e0 aller s\u2019inscrire sur les listes \u00e9lectorales et \u00e0 venir nombreux ce jeudi 16 mars au tribunal de Dakar soutenir le leader du Pastef, Ousmane Sonko, lors de son proc\u00e8s pour \u00ab&nbsp;diffamation&nbsp;\u00bb&nbsp;l\u2019opposant au ministre du Tourisme et des Loisirs Mame Mbaye Niang.<\/p>\n\n\n\n<p><strong>Mariame DJIGO<\/strong><\/p>\n\n\n\n<p><strong>REACTIONS RASSEMBLEES PAR Mariame DJIGO<\/strong><\/p>\n\n\n\n<p>SUDQUOTIDIEN<\/p>\n","protected":false},"excerpt":{"rendered":"<p>La coalition Yewwi Askan Wi a r\u00e9ussi le pari de la mobilisation hier, mardi 14 mars, au terrain ACAPES des<\/p>\n","protected":false},"author":1,"featured_media":8685,"comment_status":"open","ping_status":"open","sticky":false,"template":"","format":"standard","meta":{"footnotes":""},"categories":[6],"tags":[],"class_list":["post-8657","post","type-post","status-publish","format-standard","has-post-thumbnail","hentry","category-politics"],"_links":{"self":[{"href":"https:\/\/dekkbi.com\/index.php?rest_route=\/wp\/v2\/posts\/8657","targetHints":{"allow":["GET"]}}],"collection":[{"href":"https:\/\/dekkbi.com\/index.php?rest_route=\/wp\/v2\/posts"}],"about":[{"href":"https:\/\/dekkbi.com\/index.php?rest_route=\/wp\/v2\/types\/post"}],"author":[{"embeddable":true,"href":"https:\/\/dekkbi.com\/index.php?rest_route=\/wp\/v2\/users\/1"}],"replies":[{"embeddable":true,"href":"https:\/\/dekkbi.com\/index.php?rest_route=%2Fwp%2Fv2%2Fcomments&post=8657"}],"version-history":[{"count":1,"href":"https:\/\/dekkbi.com\/index.php?rest_route=\/wp\/v2\/posts\/8657\/revisions"}],"predecessor-version":[{"id":8658,"href":"https:\/\/dekkbi.com\/index.php?rest_route=\/wp\/v2\/posts\/8657\/revisions\/8658"}],"wp:featuredmedia":[{"embeddable":true,"href":"https:\/\/dekkbi.com\/index.php?rest_route=\/wp\/v2\/media\/8685"}],"wp:attachment":[{"href":"https:\/\/dekkbi.com\/index.php?rest_route=%2Fwp%2Fv2%2Fmedia&parent=8657"}],"wp:term":[{"taxonomy":"category","embeddable":true,"href":"https:\/\/dekkbi.com\/index.php?rest_route=%2Fwp%2Fv2%2Fcategories&post=8657"},{"taxonomy":"post_tag","embeddable":true,"href":"https:\/\/dekkbi.com\/index.php?rest_route=%2Fwp%2Fv2%2Ftags&post=8657"}],"curies":[{"name":"wp","href":"https:\/\/api.w.org\/{rel}","templated":true}]}}