{"id":8653,"date":"2023-03-15T09:45:45","date_gmt":"2023-03-15T09:45:45","guid":{"rendered":"https:\/\/dekkbi.com\/?p=8653"},"modified":"2023-03-15T09:45:46","modified_gmt":"2023-03-15T09:45:46","slug":"affaires-le-canada-et-la-republique-democratique-du-congo-encouragent-la-collaboration-de-leurs-secteurs-prives-respectifs","status":"publish","type":"post","link":"https:\/\/dekkbi.com\/?p=8653","title":{"rendered":"Affaires : Le Canada et la R\u00e9publique d\u00e9mocratique du Congo encouragent la collaboration de leurs secteurs priv\u00e9s respectifs"},"content":{"rendered":"\n<figure class=\"wp-block-table\"><table><tbody><tr><td><strong>Le Canada et la R\u00e9publique d\u00e9mocratique du Congo encouragent la collaboration de leurs secteurs priv\u00e9s respectifs<\/strong><\/td><\/tr><tr><td><strong><em>Les entreprises de toutes tailles et de tous secteurs sont invit\u00e9es \u00e0 profiter des opportunit\u00e9s offertes par la R\u00e9publique D\u00e9mocratique du Congo, en plus des importants investissements d\u00e9j\u00e0 en cours<\/em><\/strong><\/td><\/tr><tr><td><br><\/td><\/tr><tr><td>TORONTO, Canada, 15 mars 2023\/ &#8212; \u00c0 l&rsquo;occasion de la r\u00e9ception\u00a0VIP de la Chambre de commerce Canada-Afrique (www.CanadaAfrica.ca), l&rsquo;ARSP (https:\/\/apo-opa.info\/3TcpIBA)\u00a0\u2013 l&rsquo;Autorit\u00e9 congolaise de R\u00e9gulation de la Sous-traitance dans le secteur Priv\u00e9\u00a0\u2013 a soulign\u00e9 les opportunit\u00e9s majeures que repr\u00e9sentent les solutions de march\u00e9 pilot\u00e9es par le secteur priv\u00e9 canadien. Cette r\u00e9ception s&rsquo;est tenue pendant la convention annuelle de la PDAC (Association canadienne des prospecteurs et entrepreneurs) \u00e0 Toronto, qui a r\u00e9uni environ 24\u00a0000\u00a0d\u00e9l\u00e9gu\u00e9s de l&rsquo;industrie mini\u00e8re.Prudence\u00a0Djamboleka\u00a0\u2013 fondatrice et directrice du Salon annuel congolais de la sous\u2011traitance et des PME\u00a0\u2013 a d\u00e9clar\u00e9 \u00e0 cette occasion\u00a0: \u00ab\u00a0L&rsquo;Autorit\u00e9 de R\u00e9gularisation a pour mission strat\u00e9gique de promouvoir les petites et moyennes entreprises (PME) congolaises, et les entreprises de toutes tailles et de tous secteurs sont invit\u00e9es \u00e0 profiter des opportunit\u00e9s offertes par la R\u00e9publique d\u00e9mocratique du Congo, outre les investissements importants d\u00e9j\u00e0 en cours et parall\u00e8lement aux opportunit\u00e9s commerciales majeures.<br><br>S&rsquo;exprimant au nom de la d\u00e9l\u00e9gation de la RDC, Mme\u00a0Djamboleka a ajout\u00e9 que le programme d&rsquo;investissement et l&rsquo;agenda commercial du secteur priv\u00e9 \u00ab\u00a0est align\u00e9 sur le message de M.\u00a0le Pr\u00e9sident F\u00e9lix\u00a0Antoine\u00a0Tshisekedi sur la n\u00e9cessit\u00e9 de cr\u00e9er une classe moyenne en R\u00e9publique d\u00e9mocratique du Congo\u00a0\u00bb.Les repr\u00e9sentants de la Pr\u00e9sidence et des chefs d&rsquo;entreprise de RDC ont \u00e9t\u00e9 accueillis par des dirigeants et des investisseurs canadiens. La situation de la RDC a \u00e9t\u00e9 pr\u00e9sent\u00e9e par M.\u00a0Rock\u00a0Bashala\u00a0Kubindia, de l&rsquo;Unit\u00e9 Climat des affaires de la Pr\u00e9sidence, ainsi que par M.\u00a0Denis\u00a0Lecouturier, nouveau directeur g\u00e9n\u00e9ral du Conseil Congolais de la Batterie (CCB) du pr\u00e9sident F\u00e9lix\u00a0Tshisekedi.\u00ab\u00a0Consid\u00e9rant les richesses naturelles du pays, il n&rsquo;est pas surprenant que le sujet du discours inaugural du plus grand \u00e9v\u00e9nement minier au monde ax\u00e9 sur l&rsquo;Afrique ait \u00e9t\u00e9 la RDC\u00a0\u00bb, a d\u00e9clar\u00e9 Bruce\u00a0Shapiro, fondateur de MineAfrica\u00a0Inc. et pr\u00e9sident \u00e9m\u00e9rite de la Chambre de commerce Canada-Afrique, qui a accueilli le 24<sup>e<\/sup>\u00a0petit-d\u00e9jeuner minier africain annuel organis\u00e9 un peu avant la r\u00e9ception\u00a0VIP. \u00ab\u00a0Au fil du temps, nous avons pu constater, avec l&rsquo;exemple d&rsquo;Ivanhoe\u00a0Mines,\u00a0 comment la pr\u00e9sence et les partenariats d&rsquo;une entreprise canadienne en RDC peuvent b\u00e9n\u00e9ficier \u00e0 tous\u00a0\u00bb, a\u2011t\u2011il ajout\u00e9.M.\u00a0Garreth Bloor, pr\u00e9sident de la Chambre de commerce Canada-Afrique, a f\u00e9licit\u00e9 en ces termes les entreprises du Canada et de la RDC\u00a0: \u00ab\u00a0Cette \u00e9dition de la PDAC a fait l&rsquo;objet d&rsquo;une large diffusion publique en direct, assur\u00e9e par 6ix.com. La RDC y a tenu une tr\u00e8s large place et j&rsquo;applaudis et j&rsquo;encourage les centaines de personnes qui \u00e9taient pr\u00e9sentes, ainsi que tous les investisseurs qui ont assist\u00e9 \u00e0 la diffusion en direct.\u00a0\u00bb Goodmans\u00a0LLP, un cabinet d&rsquo;avocats de premier plan qui soutient la Chambre de commerce Canada-Afrique, a organis\u00e9 la r\u00e9ception dans ses bureaux au c\u0153ur du quartier financier de Toronto. Randy\u00a0McAuley, responsable du droit des affaires et associ\u00e9 chez Goodmans\u00a0LLP, a d\u00e9clar\u00e9 \u00eatre fier de cette association entre le cabinet et la Chambre de commerce, qui dure depuis pr\u00e8s de 30\u00a0ans et qui soutient et acc\u00e9l\u00e8re le commerce et l&rsquo;investissement \u00e0 travers le monde. \u00ab\u00a0Je me r\u00e9jouis de l&rsquo;avenir long et fructueux qui nous attend, riche en \u00e9v\u00e9nements haut de gamme de r\u00e9seautage et de partage d&rsquo;informations\u00a0\u00bb, a-t-il soulign\u00e9.<br><br><strong>Prochain rendez-vous\u00a0: en octobre, rejoignez-nous \u00e0 l&rsquo;\u00ab\u00a0Africa Accelerating\u00a0\u00bb<\/strong><br><br>Du 10 au 12\u00a0octobre 2023, la Chambre de commerce Canada-Afrique aura le plaisir d&rsquo;accueillir \u00e0 nouveau des leaders du monde des affaires et des entrepreneurs africains au Canada.Cette ann\u00e9e, la soci\u00e9t\u00e9 congolaise Elephant\u00a0Trade, qui fournit un soutien technique en ing\u00e9nierie, construction et maintenance, sera le principal sponsor de ce forum annuel de 3\u00a0jours, qui offre aux dirigeants africains des secteurs priv\u00e9 et public et aux dirigeants d&rsquo;entreprises canadiennes l&rsquo;occasion de se rencontrer. Ces derni\u00e8res ann\u00e9es, l&rsquo;Africa Accelerating a \u00e9t\u00e9 inaugur\u00e9 par M.\u00a0Justin\u00a0Trudeau, Premier ministre canadien.Cliquez ici pour plus d&rsquo;informations et pour vous joindre \u00e0 nous en octobre prochain (<a rel=\"noreferrer noopener\" href=\"https:\/\/r.news.africa-wire.com\/mk\/cl\/f\/0G7_7xuWp3315DQ1cgyG8QdTYGHCzrYClrAX7gG1NAeB1CEiXuaXR5lgIyu7Cz29Lk6rLk_IQHOOZwvoHjERHPMSpI0YV57Om0AOZT9x33NG4WyVk7cK49V6Yl2kbaoBn6Yl-UDWd8GjlJB_TjkzfjukCWl8iw0n-7Y30vOH-H9WJ6fafW3H5NIbszwwxsre-HAQKrzx3MLZi_w\" target=\"_blank\">https:\/\/apo-opa.info\/3ZPxdAP<\/a>).<br><br><em>Distribu\u00e9 par APO Group pour The Canada-Africa Chamber of Business.<\/em><strong>SOURCE<\/strong><br>The Canada-Africa Chamber of Business<\/td><\/tr><\/tbody><\/table><\/figure>\n","protected":false},"excerpt":{"rendered":"<p>Le Canada et la R\u00e9publique d\u00e9mocratique du Congo encouragent la collaboration de leurs secteurs priv\u00e9s respectifs Les entreprises de toutes<\/p>\n","protected":false},"author":1,"featured_media":8655,"comment_status":"open","ping_status":"open","sticky":false,"template":"","format":"standard","meta":{"footnotes":""},"categories":[3],"tags":[],"class_list":["post-8653","post","type-post","status-publish","format-standard","has-post-thumbnail","hentry","category-event-more-news"],"_links":{"self":[{"href":"https:\/\/dekkbi.com\/index.php?rest_route=\/wp\/v2\/posts\/8653","targetHints":{"allow":["GET"]}}],"collection":[{"href":"https:\/\/dekkbi.com\/index.php?rest_route=\/wp\/v2\/posts"}],"about":[{"href":"https:\/\/dekkbi.com\/index.php?rest_route=\/wp\/v2\/types\/post"}],"author":[{"embeddable":true,"href":"https:\/\/dekkbi.com\/index.php?rest_route=\/wp\/v2\/users\/1"}],"replies":[{"embeddable":true,"href":"https:\/\/dekkbi.com\/index.php?rest_route=%2Fwp%2Fv2%2Fcomments&post=8653"}],"version-history":[{"count":1,"href":"https:\/\/dekkbi.com\/index.php?rest_route=\/wp\/v2\/posts\/8653\/revisions"}],"predecessor-version":[{"id":8656,"href":"https:\/\/dekkbi.com\/index.php?rest_route=\/wp\/v2\/posts\/8653\/revisions\/8656"}],"wp:featuredmedia":[{"embeddable":true,"href":"https:\/\/dekkbi.com\/index.php?rest_route=\/wp\/v2\/media\/8655"}],"wp:attachment":[{"href":"https:\/\/dekkbi.com\/index.php?rest_route=%2Fwp%2Fv2%2Fmedia&parent=8653"}],"wp:term":[{"taxonomy":"category","embeddable":true,"href":"https:\/\/dekkbi.com\/index.php?rest_route=%2Fwp%2Fv2%2Fcategories&post=8653"},{"taxonomy":"post_tag","embeddable":true,"href":"https:\/\/dekkbi.com\/index.php?rest_route=%2Fwp%2Fv2%2Ftags&post=8653"}],"curies":[{"name":"wp","href":"https:\/\/api.w.org\/{rel}","templated":true}]}}