{"id":8626,"date":"2023-03-14T14:09:33","date_gmt":"2023-03-14T14:09:33","guid":{"rendered":"https:\/\/dekkbi.com\/?p=8626"},"modified":"2023-03-14T14:10:34","modified_gmt":"2023-03-14T14:10:34","slug":"allemagne-larmee-manque-de-tout-dit-la-commissaire-parlementaire-a-la-defense-au-bundestag","status":"publish","type":"post","link":"https:\/\/dekkbi.com\/?p=8626","title":{"rendered":"Allemagne: l&rsquo;arm\u00e9e manque de \u00abtout\u00bb, dit la commissaire parlementaire \u00e0 la D\u00e9fense au Bundestag"},"content":{"rendered":"\n<p><strong>L&rsquo;arm\u00e9e allemande continue \u00e0 manquer de \u00ab&nbsp;<\/strong><em>tout&nbsp;<\/em><strong>\u00bb malgr\u00e9 l&rsquo;engagement du chancelier Olaf Scholz d&rsquo;investir massivement apr\u00e8s l&rsquo;attaque russe de l&rsquo;Ukraine, a regrett\u00e9, mardi 14 mars, la commissaire \u00e0 la D\u00e9fense au Bundestag.<\/strong><\/p>\n\n\n\n<p>\u00ab<em>&nbsp;La Bundeswehr manque de tout, et elle en a encore moins depuis le 24 f\u00e9vrier 2022<\/em>&nbsp;\u00bb, date de l&rsquo;attaque russe, a d\u00e9plor\u00e9&nbsp;<strong>Eva H\u00f6gl<\/strong>, la commissaire parlementaire allemande aux Forces arm\u00e9es, lors de la pr\u00e9sentation de son rapport annuel sur la&nbsp;<strong>Bundeswehr<\/strong>. \u00ab&nbsp;<em>Cela concerne la formation, les exercices et aussi l&rsquo;\u00e9quipement en op\u00e9ration&nbsp;<\/em>\u00bb, a d\u00e9plor\u00e9 la commissaire, pour qui l&rsquo;arm\u00e9e allemande \u00ab&nbsp;<em>n&rsquo;est pas enti\u00e8rement op\u00e9rationnelle&nbsp;<\/em>\u00bb.<\/p>\n\n\n\n<h2 class=\"wp-block-heading\">\u00ab&nbsp;<em>Pas assez de chars<\/em>&nbsp;\u00bb<\/h2>\n\n\n\n<p>\u00ab&nbsp;<em>Nous n&rsquo;avons pas assez de chars pour pouvoir former, pour pouvoir nous entra\u00eener et pour avoir ensuite les moyens n\u00e9cessaires lors d&rsquo;un engagement, il manque des bateaux et des navires, il manque des avions<\/em>&nbsp;\u00bb, a \u00e9num\u00e9r\u00e9 Mme H\u00f6gl. Elle a rappel\u00e9 que le chancelier allemand Olaf Scholz avait annonc\u00e9 un investissement de 100 milliards d&rsquo;euros quelques jours apr\u00e8s l&rsquo;attaque russe mais en 2022,&nbsp;<strong>\u00ab&nbsp;<em>pas un euro ni un centime de ce fonds sp\u00e9cial n&rsquo;a encore \u00e9t\u00e9 d\u00e9pens\u00e9<\/em>&nbsp;\u00bb<\/strong>.<\/p>\n\n\n\n<p>\u00ab&nbsp;<em>C&rsquo;est pourquoi je demande que cet argent important pour la Bundeswehr parvienne rapidement aux troupes et que cette ann\u00e9e, certaines choses soient acquises de mani\u00e8re tangible<\/em>&nbsp;\u00bb, a pr\u00e9conis\u00e9 Mme H\u00f6gl. Celle-ci a notamment demand\u00e9 \u00e0 ce que le gouvernement passe rapidement des commandes pour combler les \u00ab&nbsp;<em>lacunes<\/em>&nbsp;\u00bb en mat\u00e9riel, accentu\u00e9es par les livraisons de chars, de v\u00e9hicules blind\u00e9s ou encore de munitions \u00e0 l&rsquo;Ukraine.<\/p>\n\n\n\n<p>L&rsquo;\u00e9tat des casernes reste aussi \u00ab<em>&nbsp;lamentable&nbsp;<\/em>\u00bb, a encore point\u00e9 Mme H\u00f6gl. \u00ab&nbsp;<em>Il manque des logements, des toilettes qui fonctionnent, des douches propres, des casiers, des installations sportives couvertes, des cuisines pour les troupes, des installations d&rsquo;encadrement, des d\u00e9p\u00f4ts de munitions et des armureries, sans oublier le wifi&nbsp;<\/em>\u00bb, a-t-elle d\u00e9taill\u00e9, chiffrant \u00ab&nbsp;<em>l&rsquo;\u00e9norme besoin d&rsquo;investissement<\/em>&nbsp;\u00bb \u00e0 \u00ab<em>&nbsp;50 milliards d&rsquo;euros&nbsp;<\/em>\u00bb.<\/p>\n\n\n\n<h2 class=\"wp-block-heading\">T\u00e2che titanesque<\/h2>\n\n\n\n<p>Ces investissements sont d&rsquo;autant plus n\u00e9cessaires, selon elle, que les effectifs ont augment\u00e9 de 12% l&rsquo;an dernier, pour passer la barre des 180&nbsp;000. Le taux d&rsquo;abandon au cours des six premiers mois reste toutefois \u00ab&nbsp;<em>trop \u00e9lev\u00e9&nbsp;<\/em>\u00bb, atteignant 21% dans certains secteurs de l&rsquo;arm\u00e9e. Olaf Scholz avait affirm\u00e9 fin septembre vouloir que l&rsquo;Allemagne dispose de la \u00ab<em>&nbsp;force arm\u00e9e la mieux \u00e9quip\u00e9e d&rsquo;Europe<\/em>&nbsp;\u00bb. Mais plusieurs d\u00e9cennies de sous-investissements dans la d\u00e9fense ont rendu la t\u00e2che titanesque. Le ministre de la D\u00e9fense, Boris Pistorius, a chiffr\u00e9 \u00e0 10 milliards d&rsquo;euros suppl\u00e9mentaires chaque ann\u00e9e les besoins budg\u00e9taires de la Bundeswehr.<\/p>\n\n\n\n<p>(<em>Avec<\/em>&nbsp;AFP)<\/p>\n","protected":false},"excerpt":{"rendered":"<p>L&rsquo;arm\u00e9e allemande continue \u00e0 manquer de \u00ab&nbsp;tout&nbsp;\u00bb malgr\u00e9 l&rsquo;engagement du chancelier Olaf Scholz d&rsquo;investir massivement apr\u00e8s l&rsquo;attaque russe de l&rsquo;Ukraine,<\/p>\n","protected":false},"author":1,"featured_media":8628,"comment_status":"open","ping_status":"open","sticky":false,"template":"","format":"standard","meta":{"footnotes":""},"categories":[51],"tags":[],"class_list":["post-8626","post","type-post","status-publish","format-standard","has-post-thumbnail","hentry","category-general"],"_links":{"self":[{"href":"https:\/\/dekkbi.com\/index.php?rest_route=\/wp\/v2\/posts\/8626","targetHints":{"allow":["GET"]}}],"collection":[{"href":"https:\/\/dekkbi.com\/index.php?rest_route=\/wp\/v2\/posts"}],"about":[{"href":"https:\/\/dekkbi.com\/index.php?rest_route=\/wp\/v2\/types\/post"}],"author":[{"embeddable":true,"href":"https:\/\/dekkbi.com\/index.php?rest_route=\/wp\/v2\/users\/1"}],"replies":[{"embeddable":true,"href":"https:\/\/dekkbi.com\/index.php?rest_route=%2Fwp%2Fv2%2Fcomments&post=8626"}],"version-history":[{"count":2,"href":"https:\/\/dekkbi.com\/index.php?rest_route=\/wp\/v2\/posts\/8626\/revisions"}],"predecessor-version":[{"id":8630,"href":"https:\/\/dekkbi.com\/index.php?rest_route=\/wp\/v2\/posts\/8626\/revisions\/8630"}],"wp:featuredmedia":[{"embeddable":true,"href":"https:\/\/dekkbi.com\/index.php?rest_route=\/wp\/v2\/media\/8628"}],"wp:attachment":[{"href":"https:\/\/dekkbi.com\/index.php?rest_route=%2Fwp%2Fv2%2Fmedia&parent=8626"}],"wp:term":[{"taxonomy":"category","embeddable":true,"href":"https:\/\/dekkbi.com\/index.php?rest_route=%2Fwp%2Fv2%2Fcategories&post=8626"},{"taxonomy":"post_tag","embeddable":true,"href":"https:\/\/dekkbi.com\/index.php?rest_route=%2Fwp%2Fv2%2Ftags&post=8626"}],"curies":[{"name":"wp","href":"https:\/\/api.w.org\/{rel}","templated":true}]}}