{"id":8623,"date":"2023-03-14T13:55:06","date_gmt":"2023-03-14T13:55:06","guid":{"rendered":"https:\/\/dekkbi.com\/?p=8623"},"modified":"2023-03-14T13:55:08","modified_gmt":"2023-03-14T13:55:08","slug":"en-pologne-licone-jean-paul-ii-ebrechee-par-deux-enquetes-journalistiques","status":"publish","type":"post","link":"https:\/\/dekkbi.com\/?p=8623","title":{"rendered":"En Pologne, l&rsquo;ic\u00f4ne Jean-Paul II \u00e9br\u00e9ch\u00e9e par deux enqu\u00eates journalistiques"},"content":{"rendered":"\n<p><strong>La communaut\u00e9 catholique polonaise est secou\u00e9e depuis quelques jours par deux enqu\u00eates journalistiques sorties simultan\u00e9ment, selon lesquelles le futur pape Jean-Paul II aurait cach\u00e9 des crimes p\u00e9dophiles commis par des pr\u00eatres. L&rsquo;affaire a rapidement pris un tour politique.<\/strong><\/p>\n\n\n\n<p><em>De notre correspondant \u00e0 Varsovie,&nbsp;<\/em><\/p>\n\n\n\n<p>Dans son pays natal, l\u2019image de Jean-Paul II est aujourd&rsquo;hui s\u00e9rieusement \u00e9corn\u00e9e. La faute \u00e0 deux enqu\u00eates journalistiques sorties en moins d\u2019une semaine. L\u2019une, sur la cha\u00eene de t\u00e9l\u00e9vision priv\u00e9e TVN24 ; l\u2019autre, dans un livre \u00e9crit par le journaliste n\u00e9erlandais Ekke Overbeek \u2013&nbsp;<em>Maxima Culpa. Jean-Paul II savait<\/em>. Bas\u00e9es sur des t\u00e9moignages de victimes et des documents in\u00e9dits, elles r\u00e9v\u00e8lent que le futur pape, alors archev\u00eaque de Cracovie, aurait contribu\u00e9 \u00e0 dissimuler des crimes p\u00e9dophiles commis par des pr\u00eatres, en les changeant de paroisses.&nbsp;&nbsp;<\/p>\n\n\n\n<p>Certains en viennent d\u00e9sormais \u00e0 remettre en question la saintet\u00e9 de celui qui fut canonis\u00e9 en 2014, trois ans seulement apr\u00e8s sa b\u00e9atification. Au sein de la communaut\u00e9 catholique, les r\u00e9actions sont partag\u00e9es. Il y a ceux qui appellent \u00e0 faire toute la lumi\u00e8re sur ces accusations. C\u2019est le cas de certains pr\u00eatres, derri\u00e8re lesquels se rangent les catholiques lib\u00e9raux. Comme la philosophe Anna Karon-Ostrowska, ancienne \u00e9l\u00e8ve et amie de Jean-Paul&nbsp;II, interrog\u00e9e dans l\u2019enqu\u00eate de TVN24, qui qualifie ces r\u00e9v\u00e9lations de \u00ab&nbsp;<em>terriblement douloureuses<\/em>\u2009\u00bb. \u00ab&nbsp;<em>Pour beaucoup, c\u2019est un v\u00e9ritable choc&nbsp;<\/em>\u00bb<em>,<strong>&nbsp;<\/strong><\/em>observe l\u2019historien et th\u00e9ologien Stanis\u0142aw Obirek, professeur \u00e0 l\u2019universit\u00e9 de Varsovie.<\/p>\n\n\n\n<p>Et pour cause : Jean-Paul II est une ic\u00f4ne en Pologne. C\u2019est encore plus vrai \u00e0 Cracovie, qui l\u2019a vu gravir un \u00e0 un les \u00e9chelons de la hi\u00e9rarchie eccl\u00e9siastique, o\u00f9 des portraits \u00e0 son effigie ornent les rues. Ici, les visiteurs se pressent pour marcher sur les traces de celui qui a dirig\u00e9 l\u2019\u00c9glise catholique pendant plus de vingt-six ans, entre 1978 et 2005. Le choc est d\u2019autant plus grand que le pass\u00e9 du pape d\u00e9funt n\u2019avait jusque-l\u00e0 fait l\u2019objet d\u2019aucune enqu\u00eate. \u00ab<em>&nbsp;<\/em><em>Le premier \u00e0 publier un livre proposant une analyse critique de l\u2019ancien pape polonais est l\u2019ancien dominicain Tadeusz Bartos en 2007\u2009!&nbsp;<\/em>\u00bb, rel\u00e8ve Stanis\u0142aw Obirek.<\/p>\n\n\n\n<h2 class=\"wp-block-heading\">Croisade parlementaire<\/h2>\n\n\n\n<p>Mais il y a ceux aussi qui rejettent les accusations en bloc. \u00ab\u2009<em>Les politiciens de droite, certains journalistes et la plupart des membres du clerg\u00e9 refusent cat\u00e9goriquement d\u2019admettre l\u2019existence d\u2019un tel syst\u00e8me de dissimulation\u2009<\/em>\u00bb,<strong>\u00a0<\/strong>constate le th\u00e9ologien. Leurs critiques se cristallisent autour des documents r\u00e9colt\u00e9s par les auteurs des enqu\u00eates, dont les m\u00e9dias catholiques et les chercheurs associ\u00e9s \u00e0 l\u2019Institut de la m\u00e9moire nationale polonaise ont imm\u00e9diatement mis en doute la cr\u00e9dibilit\u00e9. Parce qu\u2019ils proviennent des archives des services secrets communistes, qui \u00e0 l\u2019\u00e9poque combattaient l\u2019\u00c9glise, ces documents sont par nature faux et orient\u00e9s, affirment-ils.\u00a0<\/p>\n\n\n\n<p>L\u2019\u00c9glise polonaise \u2013 qui a refus\u00e9 l\u2019acc\u00e8s de ses archives aux journalistes \u2013 d\u00e9nonce quant \u00e0 elle une attaque m\u00e9diatico-politique&nbsp;contre les traditions et les valeurs de la religion et de la nation polonaise. Ses propos ont rapidement trouv\u00e9 un large \u00e9cho \u00e0 la Chambre basse du Parlement, domin\u00e9e par le parti Droit et Justice (PiS). Qualifiant Jean-Paul II de \u00ab&nbsp;<em>plus grand Polonais de l\u2019histoire&nbsp;et&nbsp;le plus grand des p\u00e8res de l\u2019ind\u00e9pendance de la Pologne&nbsp;<\/em>\u00bb, le parti ultranationaliste et conservateur, au pouvoir depuis 2015, est parti en croisade pour \u00ab&nbsp;<em>d\u00e9fendre la m\u00e9moire<\/em>\u2009\u00bb de l\u2019ancien pape.&nbsp;<\/p>\n\n\n\n<p>Le Premier ministre Mateusz Morawiecki et son gouvernement vantent notamment l\u2019attitude de Jean-Paul&nbsp;II contre l\u2019Union sovi\u00e9tique et le r\u00e9gime satellite polonais.&nbsp;\u00ab<em>\u2009Nous ne permettrons pas que soit d\u00e9truite l\u2019image d\u2019un homme que tout le monde libre consid\u00e8re comme un pilier de la victoire sur l\u2019empire du mal\u2009<\/em>\u00bb<em>,<strong>&nbsp;<\/strong><\/em>a \u00e9crit le parti dans la r\u00e9solution vot\u00e9e par le Parlement pour prot\u00e9ger l\u2019image de Jean-Paul&nbsp;II. Portrait de l\u2019ancien pape \u00e0 la main, les d\u00e9put\u00e9s du PiS ont vot\u00e9 comme un seul homme en faveur du texte. L\u2019opposition, elle, n\u2019a pu que s\u2019abstenir. Voter contre, c\u2019\u00e9tait risquer de passer pour pro-sovi\u00e9tique. Ce qui, dans ce contexte de guerre en Ukraine, o\u00f9 la Russie est le plus grand ennemi de la Pologne, revenait \u00e0 se tirer une balle dans le pied.<\/p>\n\n\n\n<h2 class=\"wp-block-heading\">Une strat\u00e9gie \u00e9lectorale<\/h2>\n\n\n\n<p>\u00ab<em>&nbsp;Le PiS se pr\u00e9sente comme le seul parti politique capable de garantir l\u2019identit\u00e9 catholique de la Pologne et de d\u00e9fendre l\u2019h\u00e9ritage de Jean-Paul&nbsp;II dans son discours&nbsp;<\/em>\u00bb, confirme le th\u00e9ologien et historien Stanis\u0142aw Obirek<em>.&nbsp;<\/em>Un discours qui fait mouche aupr\u00e8s d\u2019un \u00e9lectorat encore tr\u00e8s conservateur et traditionaliste. En Pologne, \u00eatre catholique est principalement une position politique. C\u2019est \u00eatre oppos\u00e9 \u00e0 l\u2019avortement ou se battre contre une soi-disant \u00ab id\u00e9ologie LGBT\u2009\u00bb, par exemple. \u00ab<em>\u2009La situation est similaire \u00e0 celle de l\u2019Iran et d\u2019Isra\u00ebl, o\u00f9 les autorit\u00e9s religieuses savent comment utiliser la politique \u00e0 leur profit\u2026&nbsp;<\/em>\u00bb<em>,&nbsp;<\/em>analyse Stanis\u0142aw Obirek. \u00c0 quelques mois des \u00e9lections l\u00e9gislatives, le PiS&nbsp;entend donc bien capitaliser sur la m\u00e9moire de Jean-Paul&nbsp;II.<\/p>\n\n\n\n<p>L\u2019affaire a m\u00eame fini par prendre un tour diplomatique. Car TVN24 est d\u00e9tenue par le groupe am\u00e9ricain Warner Brothers Discovery. Le ministre des Affaires \u00e9trang\u00e8res a \u00ab\u2009<em>invit\u00e9<\/em>&nbsp;\u00bb l\u2019ambassadeur des \u00c9tats-Unis, pourtant grand alli\u00e9 de la Pologne, afin de discuter de cette cha\u00eene que le gouvernement accuse d\u2019\u00eatre impliqu\u00e9e dans ce qu\u2019il appelle d\u00e9sormais une \u00ab\u2009<em>guerre hybride visant \u00e0 conduire \u00e0 des divisions dans la soci\u00e9t\u00e9 polonaise&nbsp;<\/em>\u00bb<em>.<\/em><\/p>\n","protected":false},"excerpt":{"rendered":"<p>La communaut\u00e9 catholique polonaise est secou\u00e9e depuis quelques jours par deux enqu\u00eates journalistiques sorties simultan\u00e9ment, selon lesquelles le futur pape<\/p>\n","protected":false},"author":1,"featured_media":8624,"comment_status":"open","ping_status":"open","sticky":false,"template":"","format":"standard","meta":{"footnotes":""},"categories":[51],"tags":[],"class_list":["post-8623","post","type-post","status-publish","format-standard","has-post-thumbnail","hentry","category-general"],"_links":{"self":[{"href":"https:\/\/dekkbi.com\/index.php?rest_route=\/wp\/v2\/posts\/8623","targetHints":{"allow":["GET"]}}],"collection":[{"href":"https:\/\/dekkbi.com\/index.php?rest_route=\/wp\/v2\/posts"}],"about":[{"href":"https:\/\/dekkbi.com\/index.php?rest_route=\/wp\/v2\/types\/post"}],"author":[{"embeddable":true,"href":"https:\/\/dekkbi.com\/index.php?rest_route=\/wp\/v2\/users\/1"}],"replies":[{"embeddable":true,"href":"https:\/\/dekkbi.com\/index.php?rest_route=%2Fwp%2Fv2%2Fcomments&post=8623"}],"version-history":[{"count":1,"href":"https:\/\/dekkbi.com\/index.php?rest_route=\/wp\/v2\/posts\/8623\/revisions"}],"predecessor-version":[{"id":8625,"href":"https:\/\/dekkbi.com\/index.php?rest_route=\/wp\/v2\/posts\/8623\/revisions\/8625"}],"wp:featuredmedia":[{"embeddable":true,"href":"https:\/\/dekkbi.com\/index.php?rest_route=\/wp\/v2\/media\/8624"}],"wp:attachment":[{"href":"https:\/\/dekkbi.com\/index.php?rest_route=%2Fwp%2Fv2%2Fmedia&parent=8623"}],"wp:term":[{"taxonomy":"category","embeddable":true,"href":"https:\/\/dekkbi.com\/index.php?rest_route=%2Fwp%2Fv2%2Fcategories&post=8623"},{"taxonomy":"post_tag","embeddable":true,"href":"https:\/\/dekkbi.com\/index.php?rest_route=%2Fwp%2Fv2%2Ftags&post=8623"}],"curies":[{"name":"wp","href":"https:\/\/api.w.org\/{rel}","templated":true}]}}