{"id":8561,"date":"2023-03-13T16:31:04","date_gmt":"2023-03-13T16:31:04","guid":{"rendered":"https:\/\/dekkbi.com\/?p=8561"},"modified":"2023-03-13T16:31:06","modified_gmt":"2023-03-13T16:31:06","slug":"la-bbc-reintegre-son-presentateur-star-gary-lineker-apres-le-tolle-provoque-par-sa-suspension","status":"publish","type":"post","link":"https:\/\/dekkbi.com\/?p=8561","title":{"rendered":"La BBC r\u00e9int\u00e8gre son pr\u00e9sentateur star Gary Lineker apr\u00e8s le toll\u00e9 provoqu\u00e9 par sa suspension"},"content":{"rendered":"\n<p><strong>La BBC a annonc\u00e9 lundi 13 mars le retour \u00e0 l&rsquo;antenne de l&rsquo;ex-footballeur Gary Lineker, l&rsquo;un des plus c\u00e9l\u00e8bres pr\u00e9sentateurs du groupe, dont la suspension vendredi apr\u00e8s un tweet contre le gouvernement a provoqu\u00e9 un toll\u00e9.<\/strong><\/p>\n\n\n\n<p><em>Avec notre correspondante \u00e0 Londres,&nbsp;<\/em><\/p>\n\n\n\n<p>\u00ab\u00a0<em>Gary est un \u00e9l\u00e9ment important de la BBC et je sais \u00e0 quel point la BBC compte pour lui, et je me r\u00e9jouis qu&rsquo;il pr\u00e9sente notre \u00e9mission le week-end prochain\u00a0<\/em>\u00bb, a d\u00e9clar\u00e9 le directeur-g\u00e9n\u00e9ral de la BBC, Tim Davie dans un communiqu\u00e9. Depuis la semaine derni\u00e8re, la\u00a0cha\u00eene publique \u00e9tait accus\u00e9e d\u2019avoir c\u00e9d\u00e9 \u00e0 la pression du gouvernement apr\u00e8s\u00a0<strong>la suspension de son pr\u00e9sentateur vedette Gary Lineker<\/strong>.<\/p>\n\n\n\n<p><strong>L&rsquo;ex-footballeur\u00a0avait \u00e9t\u00e9 mis \u00e0 pied apr\u00e8s avoir critiqu\u00e9 sur Twitter un projet de loi du gouvernement<\/strong>\u00a0conservateur sur l&rsquo;immigration. Son \u00e9mission, Match Of The Day, diffus\u00e9 tous les samedis soir, est un monument de la t\u00e9l\u00e9vision anglaise.<\/p>\n\n\n\n<p>Tout \u00e7a est parti d\u2019un tweet de l\u2019ancien international dans lequel&nbsp;il d\u00e9non\u00e7ait sur son compte \u00ab&nbsp;<em>une politique cruelle \u00e0 destination des plus vuln\u00e9rables, dans un langage qui n&rsquo;est pas sans rappeler celui utilis\u00e9 par l&rsquo;Allemagne dans les ann\u00e9es 1930&nbsp;<\/em>\u00bb. Ce qui a fait r\u00e9agir les conservateurs, qui ont demand\u00e9 \u00e0 la BBC de sanctionner son pr\u00e9sentateur.&nbsp;<\/p>\n\n\n\n<h2 class=\"wp-block-heading\">Soutiens tous azimuts<\/h2>\n\n\n\n<p>Apr\u00e8s discussion avec la cha\u00eene, Gary Lineker a \u00e9t\u00e9 suspendu de son \u00e9mission temporairement \u00ab<em>&nbsp;jusqu&rsquo;\u00e0 ce que nous ayons une position claire et convenue sur son utilisation des m\u00e9dias sociaux&nbsp;<\/em>\u00bb, a pr\u00e9cis\u00e9 le la BBC.&nbsp;Sauf que c\u2019\u00e9tait sans compter le soutien de la communaut\u00e9 sportive. Boycott du personnel, \u00e9missions sportives diffus\u00e9es le week-end sur les diff\u00e9rentes cha\u00eenes de la BBC annul\u00e9es en cons\u00e9quence.<\/p>\n\n\n\n<p><\/p>\n\n\n\n<p>L\u2019\u00e9mission de Gary Lineker qui existe depuis bient\u00f4t 60 ans et qu\u2019il pr\u00e9sente depuis presque 25 ans a quand m\u00eame eu lieu&nbsp;mais dans un format r\u00e9duit \u2013 20 minutes \u00e0 la place d&rsquo;une heure&nbsp;\u2013 et surtout sans son, sans expert, sans personne pour commenter. Pas d\u2019interviews de footballeurs non plus. Ils ont tous eux aussi refus\u00e9 de participer, il y a juste eu quelques r\u00e9sum\u00e9s des matchs du jour.&nbsp;&nbsp;<\/p>\n\n\n\n<p>Certains membres du personnel reprochent \u00e0 la direction d\u2019avoir fait preuve de l\u00e2chet\u00e9. Pour le syndicat national des journalistes, la position de la BBC est dangereuse.&nbsp;Elle c\u00e8de \u00e0 la pression du gouvernement.&nbsp;Car Gary Lineker donne r\u00e9guli\u00e8rement son avis sur les r\u00e9seaux sociaux. Il y a 6 ans, il \u00e9crivait que les conservateurs traitaient les demandeurs d\u2019asile d\u2019une mani\u00e8re \u00ab<em>&nbsp;affreusement raciste et totalement sans c\u0153ur<\/em>&nbsp;\u00bb.<\/p>\n\n\n\n<h2 class=\"wp-block-heading\">Deux poids, deux mesures<\/h2>\n\n\n\n<p>\u00c0 l\u2019\u00e9poque, la BBC d\u00e9fendait son pr\u00e9sentateur arguant qu\u2019il s\u2019agissait de son compte Twitter priv\u00e9, que les r\u00e8gles strictes pour les journalistes ne s\u2019appliquaient pas aux animateurs sportifs.&nbsp;Entre-temps, la politique de la cha\u00eene sur l\u2019impartialit\u00e9 s\u2019est durcie.&nbsp;Selon un ancien directeur g\u00e9n\u00e9ral, l\u2019ancien buteur a \u00ab&nbsp;<em>techniquement enfreint les directives de la BBC en mati\u00e8re d\u2019impartialit\u00e9&nbsp;<\/em>\u00bb.&nbsp;<\/p>\n\n\n\n<p>La cha\u00eene d\u2019audiovisuelle publique fait r\u00e9guli\u00e8rement l\u2019objet de discussions sur son ind\u00e9pendance \u00e9ditoriale. Selon les soutiens de Lineker, la BBC a deux poids deux mesures lorsqu\u2019il s\u2019agit d\u2019impartialit\u00e9. Cette affaire a relanc\u00e9 le sujet sur&nbsp;Richard Sharp, son pr\u00e9sident. Il n\u2019a pas de r\u00f4le \u00e9ditorial, mais il est tout de m\u00eame accus\u00e9 de conflit d&rsquo;int\u00e9r\u00eat pendant le mandat de Boris Johnson. On lui reproche d\u2019avoir conseill\u00e9 l\u2019ancien Premier ministre pour acc\u00e9der \u00e0 un pr\u00eat bancaire de 900 000 euros alors que Richard Sharp briguait le poste de pr\u00e9sident de la BBC et qu\u2019il a par la suite \u00e9t\u00e9 nomm\u00e9 par Boris Johnson.&nbsp;Il nie tout conflit d\u2019int\u00e9r\u00eat mais depuis sa d\u00e9signation fait l&rsquo;objet d&rsquo;une enqu\u00eate d\u2019un office ind\u00e9pendant des nominations publiques.&nbsp;Le parti d\u2019opposition des lib\u00e9raux d\u00e9mocrates a appel\u00e9 ce week-end \u00e0 sa d\u00e9mission.<\/p>\n\n\n\n<p>Avec la r\u00e9int\u00e9gration du pr\u00e9sentateur, tout devrait revenir \u00e0 la normale samedi pour l&rsquo;\u00e9mission. La cha\u00eene va revoir ses directives sur l&rsquo;utilisation des r\u00e9seaux sociaux. Le pr\u00e9sentateur en contrepartie devra faire plus attention \u00e0 ses tweets.&nbsp;Mais selon son fils, George Lineker, qui a r\u00e9pondu \u00e0 une interview, son p\u00e8re ne s\u2019excusera jamais pour son tweet.<\/p>\n","protected":false},"excerpt":{"rendered":"<p>La BBC a annonc\u00e9 lundi 13 mars le retour \u00e0 l&rsquo;antenne de l&rsquo;ex-footballeur Gary Lineker, l&rsquo;un des plus c\u00e9l\u00e8bres pr\u00e9sentateurs<\/p>\n","protected":false},"author":1,"featured_media":8562,"comment_status":"open","ping_status":"open","sticky":false,"template":"","format":"standard","meta":{"footnotes":""},"categories":[46],"tags":[],"class_list":["post-8561","post","type-post","status-publish","format-standard","has-post-thumbnail","hentry","category-technology"],"_links":{"self":[{"href":"https:\/\/dekkbi.com\/index.php?rest_route=\/wp\/v2\/posts\/8561","targetHints":{"allow":["GET"]}}],"collection":[{"href":"https:\/\/dekkbi.com\/index.php?rest_route=\/wp\/v2\/posts"}],"about":[{"href":"https:\/\/dekkbi.com\/index.php?rest_route=\/wp\/v2\/types\/post"}],"author":[{"embeddable":true,"href":"https:\/\/dekkbi.com\/index.php?rest_route=\/wp\/v2\/users\/1"}],"replies":[{"embeddable":true,"href":"https:\/\/dekkbi.com\/index.php?rest_route=%2Fwp%2Fv2%2Fcomments&post=8561"}],"version-history":[{"count":1,"href":"https:\/\/dekkbi.com\/index.php?rest_route=\/wp\/v2\/posts\/8561\/revisions"}],"predecessor-version":[{"id":8563,"href":"https:\/\/dekkbi.com\/index.php?rest_route=\/wp\/v2\/posts\/8561\/revisions\/8563"}],"wp:featuredmedia":[{"embeddable":true,"href":"https:\/\/dekkbi.com\/index.php?rest_route=\/wp\/v2\/media\/8562"}],"wp:attachment":[{"href":"https:\/\/dekkbi.com\/index.php?rest_route=%2Fwp%2Fv2%2Fmedia&parent=8561"}],"wp:term":[{"taxonomy":"category","embeddable":true,"href":"https:\/\/dekkbi.com\/index.php?rest_route=%2Fwp%2Fv2%2Fcategories&post=8561"},{"taxonomy":"post_tag","embeddable":true,"href":"https:\/\/dekkbi.com\/index.php?rest_route=%2Fwp%2Fv2%2Ftags&post=8561"}],"curies":[{"name":"wp","href":"https:\/\/api.w.org\/{rel}","templated":true}]}}