{"id":8522,"date":"2023-03-13T13:42:53","date_gmt":"2023-03-13T13:42:53","guid":{"rendered":"https:\/\/dekkbi.com\/?p=8522"},"modified":"2023-03-13T13:46:45","modified_gmt":"2023-03-13T13:46:45","slug":"mimi-toure-en-azerbaidjan-ils-manquent-juste-des-leaders-africains-a-la-hauteur","status":"publish","type":"post","link":"https:\/\/dekkbi.com\/?p=8522","title":{"rendered":"Mimi Tour\u00e9 en Azerba\u00efdjan : \u00ab\u00a0Ils manquent juste des leaders africains \u00e0 la hauteur\u2026\u00a0\u00bb"},"content":{"rendered":"\n<p>Par Ankou SODJAGO<\/p>\n\n\n\n<p><strong>L\u2019ancienne Premiere ministre, Aminara Tour\u00e9, a pris part \u00e0 la 10e \u00e9dition du Forum global de Bakou en Azerba\u00efdjan. Le Forum global de Bakou, d\u00e9but le 09 mars dernier, avait pour th\u00e8me \u00ab Le monde d\u2019aujourd\u2019hui : d\u00e9fis et espoirs \u00bb.<\/strong><\/p>\n\n\n\n<p><\/p>\n\n\n\n<p>Il a \u00e9t\u00e9 organis\u00e9 par le Centre international Nizami Gandjavi, sous les auspices du pr\u00e9sident de la R\u00e9publique d\u2019Azerba\u00efdjan. Ce dernier a, d\u2019ailleurs pris part \u00e0 la c\u00e9r\u00e9monie d\u2019ouverture. Mimi Tour\u00e9, qui a annonc\u00e9 avoir particip\u00e9 \u00e0 ce forum, pense que<em>&nbsp;\u00ab&nbsp;la jeunesse et les femmes africaines sont les meilleurs atouts du continent. Mais le seul probl\u00e8me est qu\u2019ils manquent juste des leaders africains \u00e0 la hauteur des ambitions de la jeunesse africaine.&nbsp;\u00bb<\/em><\/p>\n\n\n\n<p><em>\u00ab&nbsp;En prenant part au Global Forum de Baku en Azerba\u00efdjan, qui a enregistr\u00e9 la participation d\u2019une cinquantaine d\u2019anciens et d\u2019actuels Pr\u00e9sidents et Premiers ministres de l\u2019Europe de l\u2019Est et de l\u2019Asie centrale, nous sommes intervenues sur les d\u00e9fis et opportunit\u00e9s du continent africain. Nous en avons profit\u00e9 pour rappeler que malgr\u00e9 toutes les brutalit\u00e9s auxquelles l\u2019Afrique a fait face tout au long de son histoire, elle a eu le m\u00e9rite de r\u00e9sister et de continuer \u00e0 se battre contre le racisme et les discriminations de toute sorte&nbsp;\u00bb,<\/em>&nbsp;a dit l\u2019ancienne cheffe du Gouvernement s\u00e9n\u00e9galais.<\/p>\n\n\n\n<p>Et d\u2019ajouter :&nbsp;<em>\u00ab&nbsp;En effet, notre conviction est que la jeunesse et les femmes africaines sont les meilleurs atouts du continent, par leur dynamisme, leur cr\u00e9ativit\u00e9 et leur r\u00e9silience. Ses derniers peuvent transformer radicalement l\u2019Afrique mais le seul probl\u00e8me est qu\u2019ils manquent juste des leaders africains \u00e0 la hauteur des ambitions de la jeunesse africaine&nbsp;\u00bb.<\/em><\/p>\n\n\n\n<p><\/p>\n\n\n\n<p>SOURCE SENEGO<\/p>\n","protected":false},"excerpt":{"rendered":"<p>Par Ankou SODJAGO L\u2019ancienne Premiere ministre, Aminara Tour\u00e9, a pris part \u00e0 la 10e \u00e9dition du Forum global de Bakou<\/p>\n","protected":false},"author":1,"featured_media":8523,"comment_status":"open","ping_status":"open","sticky":false,"template":"","format":"standard","meta":{"footnotes":""},"categories":[6],"tags":[],"class_list":["post-8522","post","type-post","status-publish","format-standard","has-post-thumbnail","hentry","category-politics"],"_links":{"self":[{"href":"https:\/\/dekkbi.com\/index.php?rest_route=\/wp\/v2\/posts\/8522","targetHints":{"allow":["GET"]}}],"collection":[{"href":"https:\/\/dekkbi.com\/index.php?rest_route=\/wp\/v2\/posts"}],"about":[{"href":"https:\/\/dekkbi.com\/index.php?rest_route=\/wp\/v2\/types\/post"}],"author":[{"embeddable":true,"href":"https:\/\/dekkbi.com\/index.php?rest_route=\/wp\/v2\/users\/1"}],"replies":[{"embeddable":true,"href":"https:\/\/dekkbi.com\/index.php?rest_route=%2Fwp%2Fv2%2Fcomments&post=8522"}],"version-history":[{"count":2,"href":"https:\/\/dekkbi.com\/index.php?rest_route=\/wp\/v2\/posts\/8522\/revisions"}],"predecessor-version":[{"id":8528,"href":"https:\/\/dekkbi.com\/index.php?rest_route=\/wp\/v2\/posts\/8522\/revisions\/8528"}],"wp:featuredmedia":[{"embeddable":true,"href":"https:\/\/dekkbi.com\/index.php?rest_route=\/wp\/v2\/media\/8523"}],"wp:attachment":[{"href":"https:\/\/dekkbi.com\/index.php?rest_route=%2Fwp%2Fv2%2Fmedia&parent=8522"}],"wp:term":[{"taxonomy":"category","embeddable":true,"href":"https:\/\/dekkbi.com\/index.php?rest_route=%2Fwp%2Fv2%2Fcategories&post=8522"},{"taxonomy":"post_tag","embeddable":true,"href":"https:\/\/dekkbi.com\/index.php?rest_route=%2Fwp%2Fv2%2Ftags&post=8522"}],"curies":[{"name":"wp","href":"https:\/\/api.w.org\/{rel}","templated":true}]}}