{"id":8495,"date":"2023-03-13T12:23:09","date_gmt":"2023-03-13T12:23:09","guid":{"rendered":"https:\/\/dekkbi.com\/?p=8495"},"modified":"2023-03-13T12:23:11","modified_gmt":"2023-03-13T12:23:11","slug":"discours-va-t-en-guerre-de-ousmane-sonko-a-la-jeunesse-la-cojer-previent-et-appelle-a-la-mobilisation-dans-les-quartiers-et-communes-pour-proteger-les-biens-des-senegalais","status":"publish","type":"post","link":"https:\/\/dekkbi.com\/?p=8495","title":{"rendered":"Discours va-t-en guerre de Ousmane Sonko \u00e0 la jeunesse: La Cojer pr\u00e9vient et appelle \u00e0 la mobilisation dans les quartiers et communes pour prot\u00e9ger les biens des S\u00e9n\u00e9galais"},"content":{"rendered":"\n<h3 class=\"wp-block-heading\">L\u2019opposition a appel\u00e9 \u00e0 une manifestation avec ou sans autorisation les 14 et 15 mars 2023. Le pr\u00e9sident de Pastef est all\u00e9 plus loin, en demandant aux jeunes de descendre dans la rue. La Convergence des jeunesses r\u00e9publicaines (Cojer) qui a r\u00e9agi, a appel\u00e9 l\u2019Etat \u00e0 travers sa force l\u00e9gitime. Elle a surtout insist\u00e9 sur mobilisation politique de la mouvance pr\u00e9sidentielle.<\/h3>\n\n\n\n<p>\u00ab<em>Suite \u00e0 l\u2019appel fait par Ousmane Sonko, tout ce qui se produira cette semaine sera rang\u00e9 dans le compte de l\u2019opposition irresponsable. Tout le monde a entendu l\u2019appel de Ousmane Sonko et ni la soci\u00e9t\u00e9 civile ni les responsables de l\u2019opposition n\u2019ont tent\u00e9 de freiner le leader de Pastef dans ses d\u00e9clarations intempestives de va-t-en guerre et d\u2019appel \u00e0 l\u2019insurrection<\/em>\u00bb, pr\u00e9vient Moussa Sow, coordonnateur de la Cojer.<\/p>\n\n\n\n<p>Selon lui, \u00ab<em>en lieu et place de former cette jeunesse pour qu\u2019elle ait un esprit d\u2019entrepreneuriat, il (Ousmane Sonko: ndlr) les appelle \u00e0 la violence, pour d\u00e9truire ce que d\u2019honn\u00eates citoyens ont b\u00e2ti \u00e0 la sueur de leur front<\/em>\u00bb.<\/p>\n\n\n\n<p>\u00ab<em>Les responsables de l\u2019opposition comme Khalifa Sall, Habib Sy&#8230; sont plus exp\u00e9riment\u00e9s que Ousmane Sonko. Ils ne doivent pas se laisser emporter par l\u2019agenda personnel de Ousmane Sonko. Il a deux probl\u00e8mes qu\u2019il doit r\u00e9soudre devant la justice : une affaire de diffamation l\u2019opposant \u00e0 Mame Mbaye Niang et le dossier de viol avec la dame Adji Sarr<\/em>\u00bb, laisse entendre le coordonnateur de la Cojer, qui estime que dans ces affaires, \u00ab<em>l\u2019Etat du S\u00e9n\u00e9gal \u00e0 travers son gouvernement, n\u2019est nullement concern\u00e9<\/em>\u00bb.<\/p>\n\n\n\n<p>Pour couper court, il a appel\u00e9 \u00e0 davantage de mobilisations de la part des jeunes de la coalition pr\u00e9sidentielle. \u00ab&nbsp;<em>Nous avons alert\u00e9 tous nos jeunes \u00e0 rester vigilants pour d\u00e9fendre les int\u00e9r\u00eats des S\u00e9n\u00e9galais. Quand le Pr\u00e9sident Macky Sall construit et nous fait beaucoup de r\u00e9alisations, l\u2019obligation est \u00e0 nous de les prot\u00e9ger contre les malfaiteurs, les casseurs et les ennemis du pays. Nous avons pr\u00e9vu des mobilisations partout dans les d\u00e9partements, pour aider les S\u00e9n\u00e9galais \u00e0 prot\u00e9ger leurs biens<\/em>.\u00bb<\/p>\n\n\n\n<p>Inutile maintenant de dire que l\u2019Etat \u00e0 travers les forces de d\u00e9fense et de s\u00e9curit\u00e9, jouera pleinement ses responsabilit\u00e9s pour pr\u00e9server la paix, la s\u00e9curit\u00e9 et la tranquillit\u00e9. Devant les journalistes le week-end dernier, les leaders de la coalition Yewwi Askan Wi ont annonc\u00e9 qu\u2019ils tiendront, avec ou sans autorisation, un grand rassemblement \u00e0 Dakar, les 14 et le 15 mars 2023, des marches dans les 46 d\u00e9partements du pays. Ils veulent d\u00e9noncer l\u2019\u00ab<em>instrumentation de la Justice<\/em>\u00bb et les \u00ab<em>arrestations arbitraires<\/em>\u00bb.<\/p>\n\n\n\n<p>Plus virulent, Ousmane Sonko lan\u00e7ait : \u00ab<em>Je donne l\u2019autorisation \u00e0 mes partisans de manifester, avec ou sans autorisation. S\u2019ils ont \u00e0 arr\u00eater quelqu\u2019un, ils n\u2019ont qu\u2019\u00e0 venir m\u2019arr\u00eater. Parce que, dans la Constitution, il est stipul\u00e9 qu\u2019on a le droit de marcher ou de manifester. Personne ne va demander une autorisation<\/em>\u00bb.<br><\/p>\n\n\n\n<p>Ousmane Wade<\/p>\n","protected":false},"excerpt":{"rendered":"<p>L\u2019opposition a appel\u00e9 \u00e0 une manifestation avec ou sans autorisation les 14 et 15 mars 2023. Le pr\u00e9sident de Pastef<\/p>\n","protected":false},"author":1,"featured_media":8496,"comment_status":"open","ping_status":"open","sticky":false,"template":"","format":"standard","meta":{"footnotes":""},"categories":[21],"tags":[],"class_list":["post-8495","post","type-post","status-publish","format-standard","has-post-thumbnail","hentry","category-societe"],"_links":{"self":[{"href":"https:\/\/dekkbi.com\/index.php?rest_route=\/wp\/v2\/posts\/8495","targetHints":{"allow":["GET"]}}],"collection":[{"href":"https:\/\/dekkbi.com\/index.php?rest_route=\/wp\/v2\/posts"}],"about":[{"href":"https:\/\/dekkbi.com\/index.php?rest_route=\/wp\/v2\/types\/post"}],"author":[{"embeddable":true,"href":"https:\/\/dekkbi.com\/index.php?rest_route=\/wp\/v2\/users\/1"}],"replies":[{"embeddable":true,"href":"https:\/\/dekkbi.com\/index.php?rest_route=%2Fwp%2Fv2%2Fcomments&post=8495"}],"version-history":[{"count":1,"href":"https:\/\/dekkbi.com\/index.php?rest_route=\/wp\/v2\/posts\/8495\/revisions"}],"predecessor-version":[{"id":8497,"href":"https:\/\/dekkbi.com\/index.php?rest_route=\/wp\/v2\/posts\/8495\/revisions\/8497"}],"wp:featuredmedia":[{"embeddable":true,"href":"https:\/\/dekkbi.com\/index.php?rest_route=\/wp\/v2\/media\/8496"}],"wp:attachment":[{"href":"https:\/\/dekkbi.com\/index.php?rest_route=%2Fwp%2Fv2%2Fmedia&parent=8495"}],"wp:term":[{"taxonomy":"category","embeddable":true,"href":"https:\/\/dekkbi.com\/index.php?rest_route=%2Fwp%2Fv2%2Fcategories&post=8495"},{"taxonomy":"post_tag","embeddable":true,"href":"https:\/\/dekkbi.com\/index.php?rest_route=%2Fwp%2Fv2%2Ftags&post=8495"}],"curies":[{"name":"wp","href":"https:\/\/api.w.org\/{rel}","templated":true}]}}