{"id":8454,"date":"2023-03-10T13:49:35","date_gmt":"2023-03-10T13:49:35","guid":{"rendered":"https:\/\/dekkbi.com\/?p=8454"},"modified":"2023-03-10T13:49:36","modified_gmt":"2023-03-10T13:49:36","slug":"pays-bas-la-jeune-fille-a-la-perle-version-ia-fait-debat","status":"publish","type":"post","link":"https:\/\/dekkbi.com\/?p=8454","title":{"rendered":"Pays-Bas: \u00ab\u00a0La Jeune Fille \u00e0 la perle\u00a0\u00bb version IA fait d\u00e9bat"},"content":{"rendered":"\n<p><a href=\"https:\/\/www.addthis.com\/bookmark.php?v=300\"><\/a><a href=\"https:\/\/www.addthis.com\/bookmark.php?v=300\"><\/a><a rel=\"noreferrer noopener\" href=\"https:\/\/www.addthis.com\/bookmark.php?v=300\" target=\"_blank\"><\/a><a rel=\"noreferrer noopener\" href=\"https:\/\/www.addthis.com\/bookmark.php?v=300\" target=\"_blank\"><\/a>Une version r\u00e9alis\u00e9e \u00e0 l&rsquo;aide de l&rsquo;intelligence artificielle d&rsquo;une des \u0153uvres les plus illustres de l&rsquo;histoire de la peinture, \u00ab\u00a0La Jeune Fille \u00e0 la perle\u00a0\u00bb de Vermeer, suscitait la controverse vendredi dans un mus\u00e9e n\u00e9erlandais.<\/p>\n\n\n\n<p>\u00c0 premi\u00e8re vue, on retrouve la luminosit\u00e9 si caract\u00e9ristique du tableau original et le regard embl\u00e9matique de la jeune fille mais \u00e0 y regarder de plus pr\u00e8s, des d\u00e9tails \u00e9tranges sautent aux yeux.<\/p>\n\n\n\n<p>Cette jeune fille n&rsquo;a pas qu&rsquo;une boucle d&rsquo;oreille mais deux, une \u00e0 chaque c\u00f4t\u00e9, \u00e9tincelantes, et des t\u00e2ches de rousseur d&rsquo;une nuance de rouge un peu inhumaine jonchent son visage.<\/p>\n\n\n\n<p>L&rsquo;oeuvre version intelligence artificielle (IA) fait partie d&rsquo;une exposition au mus\u00e9e Mauritshuis de La Haye, rassemblant des reproductions de fans de \u00ab\u00a0La Jeune Fille \u00e0 la perle\u00a0\u00bb de Vermeer (1665), actuellement pr\u00eat\u00e9e au Rijksmuseum d&rsquo;Amsterdam pour une r\u00e9trospective \u00e9v\u00e9nement sur le peintre n\u00e9erlandais.<\/p>\n\n\n\n<p>La d\u00e9cision de l&rsquo;exposer a suscit\u00e9 la controverse aux Pays-Bas et sur les r\u00e9seaux sociaux : l&rsquo;IA a-t-elle sa place dans un mus\u00e9e comme le Mauritshuis, qui rassemble notamment des oeuvres classiques de Vermeer et de Rembrandt?<\/p>\n\n\n\n<p>\u00ab\u00a0C&rsquo;est controvers\u00e9, donc les gens sont pour ou contre\u00a0\u00bb, observe Boris de Munnick, attach\u00e9 de presse du Mauritshuis.<\/p>\n\n\n\n<p>\u00ab\u00a0Les gens qui ont s\u00e9lectionn\u00e9 l&rsquo;oeuvre, ils l&rsquo;ont aim\u00e9e, ils savaient que c&rsquo;\u00e9tait de l&rsquo;IA mais nous avons aim\u00e9 la cr\u00e9ation, alors nous l&rsquo;avons choisie, et nous l&rsquo;avons accroch\u00e9e\u00a0\u00bb au mur, explique-t-il \u00e0 l&rsquo;AFP.<\/p>\n\n\n\n<p>&#8211; \u00ab\u00a0Incroyable insulte\u00a0\u00bb &#8211;<\/p>\n\n\n\n<p>Julian van Dieken, cr\u00e9ateur num\u00e9rique bas\u00e9 \u00e0 Berlin, a r\u00e9alis\u00e9 l&rsquo;image pour le concours \u00ab\u00a0Ma fille \u00e0 la perle\u00a0\u00bb du Mauritshuis, appelant les gens \u00e0 envoyer leur version du c\u00e9l\u00e8bre tableau.<\/p>\n\n\n\n<p>Il a utilis\u00e9 l&rsquo;outil d&rsquo;IA Midjourney, capable de g\u00e9n\u00e9rer des images complexes \u00e0 l&rsquo;aide de millions d&rsquo;images provenant d&rsquo;Internet, et Photoshop.<\/p>\n\n\n\n<p>Elle a \u00e9t\u00e9 s\u00e9lectionn\u00e9e parmi l&rsquo;une des cinq cr\u00e9ations &#8211; sur les 3.482 soumises &#8211; expos\u00e9es dans la pi\u00e8ce o\u00f9 tr\u00f4ne habituellement la vraie \u00ab\u00a0Jeune Fille \u00e0 la perle\u00a0\u00bb.<\/p>\n\n\n\n<p>\u00ab\u00a0C&rsquo;est surr\u00e9aliste de la voir dans un mus\u00e9e\u00a0\u00bb, a \u00e9crit Julian van Dieken sur Instagram.<\/p>\n\n\n\n<p>Les participants au concours, \u00e2g\u00e9s de trois \u00e0 94 ans, ont utilis\u00e9 toutes sortes d&rsquo;outils et d&rsquo;objets tels que des crayons, de la peinture, du textile et m\u00eame de la salade et des fleurs.<\/p>\n\n\n\n<p>La s\u00e9lection d&rsquo;une image g\u00e9n\u00e9r\u00e9e par l&rsquo;IA a fait des remous. Un artiste a d\u00e9clar\u00e9 sur la page Instagram de l&rsquo;exposition du mus\u00e9e que c&rsquo;\u00e9tait \u00ab\u00a0une honte et une insulte incroyable\u00a0\u00bb, un avis partag\u00e9 par des dizaines d&rsquo;autres internautes.<\/p>\n\n\n\n<p>Ils estiment que les outils d&rsquo;IA peuvent violer le droit d&rsquo;auteur d&rsquo;autres artistes en utilisant leurs \u0153uvres comme base pour g\u00e9n\u00e9rer des images artificiellement.<\/p>\n\n\n\n<p>Il s&rsquo;agit d&rsquo;une \u00ab\u00a0technologie contraire \u00e0 l&rsquo;\u00e9thique\u00a0\u00bb, estime l&rsquo;artiste Eva Toorenent, qui oeuvre pour la r\u00e9gulation de l&rsquo;IA.<\/p>\n\n\n\n<p>\u00ab\u00a0Sans le travail d&rsquo;artistes humains, ce programme ne pourrait tout simplement pas g\u00e9n\u00e9rer d&rsquo;\u0153uvres\u00a0\u00bb, a-t-elle d\u00e9clar\u00e9, cit\u00e9e par le quotidien n\u00e9erlandais De Volkskrant.<\/p>\n\n\n\n<p>&#8211; Art ou pas ? &#8211;<\/p>\n\n\n\n<p>\u00ab\u00a0C&rsquo;est une question si difficile, qu&rsquo;est-ce qui est de l&rsquo;art et qu&rsquo;est-ce qui ne l&rsquo;est pas?\u00a0\u00bb, s&rsquo;interroge Boris de Munnick, ajoutant que le Mauritshuis n&rsquo;avait pas d\u00e9lib\u00e9r\u00e9ment cherch\u00e9 \u00e0 ouvrir le d\u00e9bat.<\/p>\n\n\n\n<p>\u00ab\u00a0Nous pensons que c&rsquo;est une belle image, nous pensons que c&rsquo;est un processus cr\u00e9atif\u00a0\u00bb, et \u00ab\u00a0nous ne sommes pas le (genre de) mus\u00e9e pour discuter si l&rsquo;IA \u00e0 sa place dans un mus\u00e9e d&rsquo;art\u00a0\u00bb, ajoute-t-il.<\/p>\n\n\n\n<p>Quant aux t\u00e2ches de rousseur sur la version IA de \u00ab\u00a0La Jeune Fille \u00e0 la perle\u00a0\u00bb, elles sont, vu \u00ab\u00a0de pr\u00e8s\u00a0\u00bb, \u00ab\u00a0un peu effrayantes\u00a0\u00bb, admet-il.<\/p>\n\n\n\n<p>Les visiteurs sont divis\u00e9s, selon lui : \u00ab\u00a0Les plus jeunes ont tendance \u00e0 dire, c&rsquo;est de l&rsquo;intelligence artificielle, rien de nouveau\u00a0\u00bb, tandis que les personnes \u00e2g\u00e9es pr\u00e9f\u00e8rent plut\u00f4t \u00ab\u00a0les peintures plus traditionnelles\u00a0\u00bb.<\/p>\n\n\n\n<p>Par Danny KEMP<\/p>\n\n\n\n<p>AFP<\/p>\n\n\n\n<p>\u00a9 2023 AFP<\/p>\n","protected":false},"excerpt":{"rendered":"<p>Une version r\u00e9alis\u00e9e \u00e0 l&rsquo;aide de l&rsquo;intelligence artificielle d&rsquo;une des \u0153uvres les plus illustres de l&rsquo;histoire de la peinture, \u00ab\u00a0La<\/p>\n","protected":false},"author":1,"featured_media":8455,"comment_status":"open","ping_status":"open","sticky":false,"template":"","format":"standard","meta":{"footnotes":""},"categories":[46],"tags":[],"class_list":["post-8454","post","type-post","status-publish","format-standard","has-post-thumbnail","hentry","category-technology"],"_links":{"self":[{"href":"https:\/\/dekkbi.com\/index.php?rest_route=\/wp\/v2\/posts\/8454","targetHints":{"allow":["GET"]}}],"collection":[{"href":"https:\/\/dekkbi.com\/index.php?rest_route=\/wp\/v2\/posts"}],"about":[{"href":"https:\/\/dekkbi.com\/index.php?rest_route=\/wp\/v2\/types\/post"}],"author":[{"embeddable":true,"href":"https:\/\/dekkbi.com\/index.php?rest_route=\/wp\/v2\/users\/1"}],"replies":[{"embeddable":true,"href":"https:\/\/dekkbi.com\/index.php?rest_route=%2Fwp%2Fv2%2Fcomments&post=8454"}],"version-history":[{"count":1,"href":"https:\/\/dekkbi.com\/index.php?rest_route=\/wp\/v2\/posts\/8454\/revisions"}],"predecessor-version":[{"id":8456,"href":"https:\/\/dekkbi.com\/index.php?rest_route=\/wp\/v2\/posts\/8454\/revisions\/8456"}],"wp:featuredmedia":[{"embeddable":true,"href":"https:\/\/dekkbi.com\/index.php?rest_route=\/wp\/v2\/media\/8455"}],"wp:attachment":[{"href":"https:\/\/dekkbi.com\/index.php?rest_route=%2Fwp%2Fv2%2Fmedia&parent=8454"}],"wp:term":[{"taxonomy":"category","embeddable":true,"href":"https:\/\/dekkbi.com\/index.php?rest_route=%2Fwp%2Fv2%2Fcategories&post=8454"},{"taxonomy":"post_tag","embeddable":true,"href":"https:\/\/dekkbi.com\/index.php?rest_route=%2Fwp%2Fv2%2Ftags&post=8454"}],"curies":[{"name":"wp","href":"https:\/\/api.w.org\/{rel}","templated":true}]}}