{"id":8428,"date":"2023-03-10T12:02:20","date_gmt":"2023-03-10T12:02:20","guid":{"rendered":"https:\/\/dekkbi.com\/?p=8428"},"modified":"2023-03-10T12:02:21","modified_gmt":"2023-03-10T12:02:21","slug":"allemagne-huit-morts-dans-la-fusillade-contre-des-temoins-de-jehovah","status":"publish","type":"post","link":"https:\/\/dekkbi.com\/?p=8428","title":{"rendered":"Allemagne: huit morts dans la fusillade contre des T\u00e9moins de J\u00e9hovah"},"content":{"rendered":"\n<p><a href=\"https:\/\/www.addthis.com\/bookmark.php?v=300\"><\/a><a href=\"https:\/\/www.addthis.com\/bookmark.php?v=300\"><\/a><a rel=\"noreferrer noopener\" href=\"https:\/\/www.addthis.com\/bookmark.php?v=300\" target=\"_blank\"><\/a><a rel=\"noreferrer noopener\" href=\"https:\/\/www.addthis.com\/bookmark.php?v=300\" target=\"_blank\"><\/a>La police allemande a fait \u00e9tat vendredi d&rsquo;un bilan de huit morts dans la fusillade visant un office des T\u00e9moins de Jehovah, dont \u00ab\u00a0manifestement\u00a0\u00bb l&rsquo;auteur pr\u00e9sum\u00e9 de la tuerie, un ancien membre de cette communaut\u00e9 selon la presse.<\/p>\n\n\n\n<p>Ce dernier a \u00ab\u00a0tir\u00e9 sur les participants \u00e0 une manifestation\u00a0\u00bb de pri\u00e8res organis\u00e9e jeudi soir par la communaut\u00e9 dans un de ses centres de Hambourg, dans le nord du pays, a pr\u00e9cis\u00e9 la police.<\/p>\n\n\n\n<p>D&rsquo;autres personnes ont \u00e9t\u00e9 bless\u00e9es, \u00ab\u00a0pour certaines d&rsquo;entre-elles gri\u00e8vement\u00a0\u00bb, a-t-elle ajout\u00e9, en renvoyant pour plus de d\u00e9tails \u00e0 une conf\u00e9rence de presse pr\u00e9vue en milieu de journ\u00e9e.<\/p>\n\n\n\n<p>Plusieurs m\u00e9dias allemands parlent de huit bless\u00e9s graves.<\/p>\n\n\n\n<p>Selon le magazine Der Spiegel, l&rsquo;auteur pr\u00e9sum\u00e9 des coups de feu est un ancien membre des T\u00e9moins de J\u00e9hovah, \u00e2g\u00e9 d&rsquo;une trentaine d&rsquo;ann\u00e9es, et il \u00e9tait arm\u00e9 d&rsquo;un pistolet.<\/p>\n\n\n\n<p>&#8211; Passage en force &#8211;<\/p>\n\n\n\n<p>Il est entr\u00e9 de force dans le b\u00e2timent de trois \u00e9tages situ\u00e9 au bord d&rsquo;une grande art\u00e8re de circulation face \u00e0 un ensemble r\u00e9sidentiel et un parc. Une cinquantaine de personnes selon Der Spiegel \u00e9taient alors r\u00e9unies pour la s\u00e9ance de pri\u00e8re.<\/p>\n\n\n\n<p>\u00ab\u00a0Notre fils a tout film\u00e9, par hasard, il a pu bien voir depuis la fen\u00eatre \u00e0 l&rsquo;\u00e9tage de notre maison, \u00e0 environ 50 m\u00e8tres\u00a0\u00bb du centre, indique \u00e0 l&rsquo;AFP Bernd Mibache.<\/p>\n\n\n\n<p>\u00ab\u00a0Sur la vid\u00e9o, on voit quelqu&rsquo;un casser une vitre, on entend des coups de feu et on voit quelqu&rsquo;un p\u00e9n\u00e9trer\u00a0\u00bb sur les lieux, d\u00e9crit l&rsquo;entrepreneur de 66 ans qui n&rsquo;\u00e9tait pas chez lui au moment des faits.<\/p>\n\n\n\n<p>Les T\u00e9moins de J\u00e9hovah se sont dits dans un communiqu\u00e9 \u00ab\u00a0boulevers\u00e9s\u00a0\u00bb par \u00ab\u00a0l&rsquo;attaque horrible\u00a0\u00bb contre certains de leurs membres, survenue \u00ab\u00a0apr\u00e8s un service religieux\u00a0\u00bb.<\/p>\n\n\n\n<p>Les forces de l&rsquo;ordre ont indiqu\u00e9 privil\u00e9gier la piste d&rsquo;un seul tireur.<\/p>\n\n\n\n<p>Elles \u00ab\u00a0ont \u00e9t\u00e9 appel\u00e9es vers 21H15 (20h15 GMT) pour des coups de feu tir\u00e9s\u00a0\u00bb dans le b\u00e2timent situ\u00e9 dans le quartier de Gross Borstel, a indiqu\u00e9 un porte-parole de la police.<\/p>\n\n\n\n<p>Les forces d&rsquo;intervention ont \u00ab\u00a0p\u00e9n\u00e9tr\u00e9 tr\u00e8s rapidement dans l&rsquo;immeuble et y ont trouv\u00e9 des morts et des bless\u00e9s graves\u00a0\u00bb, selon ce porte-parole.<\/p>\n\n\n\n<p>A l&rsquo;int\u00e9rieur, les agents ont \u00e9galement entendu un coup de feu \u00ab\u00a0provenant de la partie sup\u00e9rieure de l&rsquo;immeuble\u00a0\u00bb et ont trouv\u00e9 une autre personne, a poursuivi le porte-parole. Il s&rsquo;agissait manifestement du tireur.<\/p>\n\n\n\n<p>\u00ab\u00a0J&rsquo;ai entendu des coups de feu, je les ai tout de suite reconnus car je viens d&rsquo;un pays en guerre\u00a0\u00bb, a racont\u00e9 \u00e0 l&rsquo;AFP une femme d&rsquo;une quarantaine d&rsquo;ann\u00e9e souhaitant garder l&rsquo;anonymat, r\u00e9sidant \u00e0 proximit\u00e9 du centre.<\/p>\n\n\n\n<p>\u00ab\u00a0Cela a dur\u00e9 plusieurs minutes, des coups de feu puis une pause, et de nouveau des coups de feu, et de nouveau une pause\u00a0\u00bb, d\u00e9crit-elle.<\/p>\n\n\n\n<p>\u00ab\u00a0La police est arriv\u00e9e tr\u00e8s vite, peut \u00eatre 4 \u00e0 5 minutes apr\u00e8s les coups de feu\u00a0\u00bb, raconte de son c\u00f4t\u00e9 Anetta, une habitante du quartier rencontr\u00e9e par l&rsquo;AFP alors qu&rsquo;elle promenait son chien.<\/p>\n\n\n\n<p>&#8211; \u00ab\u00a0Terrible acte de violence\u00a0\u00bb<\/p>\n\n\n\n<p>Le chancelier allemand Olaf Scholz a adress\u00e9 vendredi ses \u00ab\u00a0pens\u00e9es\u00a0\u00bb aux victimes de la fusillade et \u00e0 leurs proches, d\u00e9plorant dans un tweet \u00ab\u00a0un acte de violence brutal\u00a0\u00bb.<\/p>\n\n\n\n<p>La ministre de l&rsquo;Int\u00e9rieur Nancy Faeser a \u00e9galement r\u00e9agi sur Twitter se disant \u00ab\u00a0boulevers\u00e9e par le terrible acte de violence perp\u00e9tr\u00e9 dans une communaut\u00e9 de T\u00e9moins de J\u00e9hovah \u00e0 Hambourg\u00a0\u00bb.<\/p>\n\n\n\n<p>Fond\u00e9s au XIXe si\u00e8cle aux Etats-Unis, les T\u00e9moins de J\u00e9hovah se consid\u00e8rent comme les h\u00e9ritiers du christianisme primitif et font constamment et uniquement r\u00e9f\u00e9rence \u00e0 la Bible.<\/p>\n\n\n\n<p>Le statut de l&rsquo;organisation varie d&rsquo;un pays \u00e0 l&rsquo;autre: ils sont consid\u00e9r\u00e9s sur le plan juridique au m\u00eame titre que les \u00ab\u00a0grandes\u00a0\u00bb religions en Autriche et en Allemagne, qui compte un peu plus de 170.000 membres de cette confession, dont 3.800 \u00e0 Hambourg, selon le site des T\u00e9moins.<\/p>\n\n\n\n<p>En France, nombre de leurs branches locales ont le statut d'\u00a0\u00bbassociation cultuelle\u00a0\u00bb, et ce mouvement rigoriste est r\u00e9guli\u00e8rement accus\u00e9 de d\u00e9rives sectaires.<\/p>\n\n\n\n<p>Par Sophie MAKRIS<\/p>\n\n\n\n<p><a href=\"https:\/\/information.tv5monde.com\/auteur\/afp\">AF<\/a><\/p>\n","protected":false},"excerpt":{"rendered":"<p>La police allemande a fait \u00e9tat vendredi d&rsquo;un bilan de huit morts dans la fusillade visant un office des T\u00e9moins<\/p>\n","protected":false},"author":1,"featured_media":8429,"comment_status":"open","ping_status":"open","sticky":false,"template":"","format":"standard","meta":{"footnotes":""},"categories":[51],"tags":[],"class_list":["post-8428","post","type-post","status-publish","format-standard","has-post-thumbnail","hentry","category-general"],"_links":{"self":[{"href":"https:\/\/dekkbi.com\/index.php?rest_route=\/wp\/v2\/posts\/8428","targetHints":{"allow":["GET"]}}],"collection":[{"href":"https:\/\/dekkbi.com\/index.php?rest_route=\/wp\/v2\/posts"}],"about":[{"href":"https:\/\/dekkbi.com\/index.php?rest_route=\/wp\/v2\/types\/post"}],"author":[{"embeddable":true,"href":"https:\/\/dekkbi.com\/index.php?rest_route=\/wp\/v2\/users\/1"}],"replies":[{"embeddable":true,"href":"https:\/\/dekkbi.com\/index.php?rest_route=%2Fwp%2Fv2%2Fcomments&post=8428"}],"version-history":[{"count":1,"href":"https:\/\/dekkbi.com\/index.php?rest_route=\/wp\/v2\/posts\/8428\/revisions"}],"predecessor-version":[{"id":8430,"href":"https:\/\/dekkbi.com\/index.php?rest_route=\/wp\/v2\/posts\/8428\/revisions\/8430"}],"wp:featuredmedia":[{"embeddable":true,"href":"https:\/\/dekkbi.com\/index.php?rest_route=\/wp\/v2\/media\/8429"}],"wp:attachment":[{"href":"https:\/\/dekkbi.com\/index.php?rest_route=%2Fwp%2Fv2%2Fmedia&parent=8428"}],"wp:term":[{"taxonomy":"category","embeddable":true,"href":"https:\/\/dekkbi.com\/index.php?rest_route=%2Fwp%2Fv2%2Fcategories&post=8428"},{"taxonomy":"post_tag","embeddable":true,"href":"https:\/\/dekkbi.com\/index.php?rest_route=%2Fwp%2Fv2%2Ftags&post=8428"}],"curies":[{"name":"wp","href":"https:\/\/api.w.org\/{rel}","templated":true}]}}