{"id":8413,"date":"2023-03-10T11:05:58","date_gmt":"2023-03-10T11:05:58","guid":{"rendered":"https:\/\/dekkbi.com\/?p=8413"},"modified":"2023-03-10T13:09:58","modified_gmt":"2023-03-10T13:09:58","slug":"saint-louis-visite-de-maires-africains-et-dexperts-fonciers-a-diama-et-keur-momar-sarr-la-gestion-du-foncier-et-la-prevention-des-conflits-fonciers-au-menu","status":"publish","type":"post","link":"https:\/\/dekkbi.com\/?p=8413","title":{"rendered":"Saint-Louis \u2013 visite de maires africains et d\u2019experts fonciers \u00e0 Diama et Keur Momar Sarr"},"content":{"rendered":"\n<p><strong>Deux collectivit\u00e9s territoriales de la r\u00e9gion Nord \u00e0 savoir les communes de Diama et de Keur Momar Sarr ont re\u00e7u la visite de maires africains et d\u2019experts fonciers. Cette activit\u00e9 s\u2019inscrit dans le cadre du s\u00e9minaire r\u00e9gional sur la gestion fonci\u00e8re locale d\u00e9marr\u00e9 lundi dernier \u00e0 Saint-Louis, sur initiative du Comit\u00e9 technique&nbsp;<em>\u00abFoncier et D\u00e9veloppement\u00bb,<\/em>&nbsp;Groupe de r\u00e9flexion strat\u00e9gique sur les politiques fonci\u00e8res.<\/strong><\/p>\n\n\n\n<p><em>\u00abNous avons initi\u00e9 ces visites pour donner l\u2019opportunit\u00e9 aux participants venus de divers pays d\u2019Afrique et d\u2019Europe de pouvoir discuter et \u00e9changer avec des \u00e9lus locaux et des acteurs \u00e0 la base qui vivent au quotidien les questions fonci\u00e8res et de pouvoir faire des analyses crois\u00e9es par rapport aux diff\u00e9rentes situations qu\u2019ils vivent dans leurs pays. Qu\u2019on soit au Niger, au B\u00e9nin ou en Guin\u00e9e, c\u2019est toujours int\u00e9ressant quand on vient dans un pays comme le S\u00e9n\u00e9gal, de pouvoir aller voir ce qui se fait en termes de gestion d\u00e9centralis\u00e9e du foncier au niveau des communes\u00bb<\/em>, a d\u00e9clar\u00e9 Iba Mar Faye, Repr\u00e9sentant Pays du GRET au S\u00e9n\u00e9gal &nbsp;et membre du Secr\u00e9tariat du Comit\u00e9 technique&nbsp;<em>\u00abFoncier et D\u00e9veloppement\u00bb.<\/em><\/p>\n\n\n\n<p>Il a rappel\u00e9 que l\u2019objectif de ces visites, c\u2019est de leur permettre de pouvoir \u00e9changer avec les \u00e9lus locaux et les diff\u00e9rents acteurs les pratiques fonci\u00e8res qui existent au niveau de leurs zones ; des modes d\u2019organisation qui permettent d\u2019avoir une gouvernance d\u00e9centralis\u00e9e des conflits fonciers au niveau de ces communes ; des outils de gestion fonci\u00e8re qui existent dans ces communes et \u00e9galement les difficult\u00e9s rencontr\u00e9es dans la gestion du foncier.<\/p>\n\n\n\n<p>A la commune de Keur Momar Sarr, le maire, en l\u2019occurrence Dioumoru K\u00e2, agent des collectivit\u00e9s territoriales depuis 1976 et maire depuis 1985, est revenu largement sur la mani\u00e8re dont le foncier est g\u00e9r\u00e9 dans sa commune.&nbsp;<em>\u00abIl n\u2019y a jamais eu de litiges ou conflits fonciers \u00e0 Keur Momar Sarr parce que la gestion a toujours \u00e9t\u00e9 transparente et elle est confi\u00e9e \u00e0 une Commission domaniale\u00bb,<\/em>&nbsp;a-t-il fait savoir.<\/p>\n\n\n\n<p>Keur Momar Sarr, a-t-il rappel\u00e9, compte 8 zones compos\u00e9es chacune de tous les acteurs de tous bords. D\u2019apr\u00e8s toujours l\u2019\u00e9dile de cette localit\u00e9, la cl\u00e9 de cette stabilit\u00e9 qui r\u00e8gne dans la commune de Keur Momar Sarr, c\u2019est la concertation et le dialogue qui sont au c\u0153ur de la gestion de cette collectivit\u00e9 locale. Cette commune est compos\u00e9e de 96 villages, avec une population estim\u00e9e \u00e0 environ 35.000 habitants. Le maire compte 3 adjoints et le bureau municipal est compos\u00e9 de 14 Commissions dont celle en charge des affaires domaniales.<\/p>\n\n\n\n<p><strong>YVES TENDENG&nbsp;<\/strong> SUDQUOTIDIEN<\/p>\n","protected":false},"excerpt":{"rendered":"<p>Deux collectivit\u00e9s territoriales de la r\u00e9gion Nord \u00e0 savoir les communes de Diama et de Keur Momar Sarr ont re\u00e7u<\/p>\n","protected":false},"author":1,"featured_media":8414,"comment_status":"open","ping_status":"open","sticky":false,"template":"","format":"standard","meta":{"footnotes":""},"categories":[21],"tags":[],"class_list":["post-8413","post","type-post","status-publish","format-standard","has-post-thumbnail","hentry","category-societe"],"_links":{"self":[{"href":"https:\/\/dekkbi.com\/index.php?rest_route=\/wp\/v2\/posts\/8413","targetHints":{"allow":["GET"]}}],"collection":[{"href":"https:\/\/dekkbi.com\/index.php?rest_route=\/wp\/v2\/posts"}],"about":[{"href":"https:\/\/dekkbi.com\/index.php?rest_route=\/wp\/v2\/types\/post"}],"author":[{"embeddable":true,"href":"https:\/\/dekkbi.com\/index.php?rest_route=\/wp\/v2\/users\/1"}],"replies":[{"embeddable":true,"href":"https:\/\/dekkbi.com\/index.php?rest_route=%2Fwp%2Fv2%2Fcomments&post=8413"}],"version-history":[{"count":2,"href":"https:\/\/dekkbi.com\/index.php?rest_route=\/wp\/v2\/posts\/8413\/revisions"}],"predecessor-version":[{"id":8436,"href":"https:\/\/dekkbi.com\/index.php?rest_route=\/wp\/v2\/posts\/8413\/revisions\/8436"}],"wp:featuredmedia":[{"embeddable":true,"href":"https:\/\/dekkbi.com\/index.php?rest_route=\/wp\/v2\/media\/8414"}],"wp:attachment":[{"href":"https:\/\/dekkbi.com\/index.php?rest_route=%2Fwp%2Fv2%2Fmedia&parent=8413"}],"wp:term":[{"taxonomy":"category","embeddable":true,"href":"https:\/\/dekkbi.com\/index.php?rest_route=%2Fwp%2Fv2%2Fcategories&post=8413"},{"taxonomy":"post_tag","embeddable":true,"href":"https:\/\/dekkbi.com\/index.php?rest_route=%2Fwp%2Fv2%2Ftags&post=8413"}],"curies":[{"name":"wp","href":"https:\/\/api.w.org\/{rel}","templated":true}]}}