{"id":8410,"date":"2023-03-10T11:02:11","date_gmt":"2023-03-10T11:02:11","guid":{"rendered":"https:\/\/dekkbi.com\/?p=8410"},"modified":"2023-03-10T11:02:12","modified_gmt":"2023-03-10T11:02:12","slug":"cheikh-ahmadou-bamba-ndaw-directeur-du-commerce-interieur-dici-la-fin-de-la-semaine-la-situation-va-revenir-a-la-normale","status":"publish","type":"post","link":"https:\/\/dekkbi.com\/?p=8410","title":{"rendered":"Cheikh Ahmadou Bamba Ndaw, directeur du commerce int\u00e9rieur : \u00ab D\u2019ici la fin de la semaine, la situation va revenir \u00e0 la normale \u00bb"},"content":{"rendered":"\n<p><strong>Le sucre en poudre est introuvable au niveau des boutiques de certains quartiers de Dakar. Une situation qui inqui\u00e8te les consommateurs. Interrog\u00e9 par la r\u00e9daction de Sud Quotidien, le Directeur du commerce int\u00e9rieur soutient que les choses vont revenir \u00e0 la normale d\u2019ici la fin de la semaine.<\/strong><\/p>\n\n\n\n<p>Depuis un certain temps&nbsp; \u00e0 Dakar, on note encore une p\u00e9nurie&nbsp; du sucre en poudre dans les boutiques de quartiers. Le produit est m\u00eame introuvable dans certaines localit\u00e9s de la capitale. Une situation&nbsp; qui pr\u00e9occupe les consommateurs&nbsp; surtout en cette p\u00e9riode de car\u00eame&nbsp; et avec le Ramadan qui s\u2019approche \u00e0 grands pas. Interpell\u00e9 sur la question, le Directeur&nbsp; du commerce int\u00e9rieur Bamba Ndao&nbsp; qui reconnait que des disfonctionnements ont \u00e9t\u00e9 not\u00e9s dans l\u2019approvisionnement du march\u00e9 en sucre assure que la situation va bient\u00f4t revenir \u00e0 la normale. \u00ab&nbsp;<em>Des disfonctionnements&nbsp; sont not\u00e9s au niveau de l\u2019approvisionnement, mais nous sommes en train de r\u00e9gler \u00e7a. &nbsp;D\u2019ici la fin de la semaine, la situation va revenir &nbsp;\u00e0 la normale. C\u2019est vrai que par endroits, on note des manquements de sucre. Nous sommes en train de r\u00e9gler ces perturbations avec la Compagnie sucri\u00e8re s\u00e9n\u00e9galaise<\/em>&nbsp; (Css)\u00bb, indique-t-il. Par ailleurs, M Ndao rassure les consommateurs&nbsp; que les prix qui ont \u00e9t\u00e9 fix\u00e9s par l\u2019Etat&nbsp; vont rester stables. \u00ab&nbsp;&nbsp;<em>Par rapport au prix, si le produit est disponible, le prix reste stable.&nbsp; C\u2019est quand le produit se fait rare qu\u2019il y a des disfonctionnements au niveau du prix. Quand il y a un bon niveau d\u2019approvisionnement, on peut vous garantir qu\u2019il&nbsp; n\u2019y aura pas une hausse des prix. On est en train de tout mettre en \u0153uvre pour que le sucre soit disponible sur le march\u00e9 en cette p\u00e9riode de Car\u00eame et pour le Ramadan qui sont des moments de tr\u00e8s forte demande. Nous tenons vraiment \u00e0 rassurer les populations qu\u2019on peut esp\u00e9rer avoir un Ramadan sans difficult\u00e9<\/em>&nbsp;\u00bb, soutient-il. Le minist\u00e8re du Commerce est en train de poursuivre les op\u00e9rations de contr\u00f4le au niveau des march\u00e9s et des boutiques de quartiers&nbsp; pour veiller \u00e0 l\u2019application stricte de la baisse des prix des denr\u00e9es de premi\u00e8res n\u00e9cessit\u00e9s. \u00ab&nbsp;&nbsp;<em>Ce ne sont pas des op\u00e9rations p\u00e9riodiques que nous menons. Nous sommes sur le terrain de mani\u00e8re r\u00e9guli\u00e8re. C\u2019est notre c\u0153ur de m\u00e9tier. On est pr\u00e9sent sur le terrain pour &nbsp;essayer d\u2019amener au moins les gens \u00e0 respecter la mesure<\/em>&nbsp;\u00bb, a laiss\u00e9&nbsp; entendre le Directeur du commerce int\u00e9rieur.<\/p>\n\n\n\n<p><strong>NDEYE AMINATA CISSE<\/strong><\/p>\n","protected":false},"excerpt":{"rendered":"<p>Le sucre en poudre est introuvable au niveau des boutiques de certains quartiers de Dakar. Une situation qui inqui\u00e8te les<\/p>\n","protected":false},"author":1,"featured_media":8411,"comment_status":"open","ping_status":"open","sticky":false,"template":"","format":"standard","meta":{"footnotes":""},"categories":[3],"tags":[],"class_list":["post-8410","post","type-post","status-publish","format-standard","has-post-thumbnail","hentry","category-event-more-news"],"_links":{"self":[{"href":"https:\/\/dekkbi.com\/index.php?rest_route=\/wp\/v2\/posts\/8410","targetHints":{"allow":["GET"]}}],"collection":[{"href":"https:\/\/dekkbi.com\/index.php?rest_route=\/wp\/v2\/posts"}],"about":[{"href":"https:\/\/dekkbi.com\/index.php?rest_route=\/wp\/v2\/types\/post"}],"author":[{"embeddable":true,"href":"https:\/\/dekkbi.com\/index.php?rest_route=\/wp\/v2\/users\/1"}],"replies":[{"embeddable":true,"href":"https:\/\/dekkbi.com\/index.php?rest_route=%2Fwp%2Fv2%2Fcomments&post=8410"}],"version-history":[{"count":1,"href":"https:\/\/dekkbi.com\/index.php?rest_route=\/wp\/v2\/posts\/8410\/revisions"}],"predecessor-version":[{"id":8412,"href":"https:\/\/dekkbi.com\/index.php?rest_route=\/wp\/v2\/posts\/8410\/revisions\/8412"}],"wp:featuredmedia":[{"embeddable":true,"href":"https:\/\/dekkbi.com\/index.php?rest_route=\/wp\/v2\/media\/8411"}],"wp:attachment":[{"href":"https:\/\/dekkbi.com\/index.php?rest_route=%2Fwp%2Fv2%2Fmedia&parent=8410"}],"wp:term":[{"taxonomy":"category","embeddable":true,"href":"https:\/\/dekkbi.com\/index.php?rest_route=%2Fwp%2Fv2%2Fcategories&post=8410"},{"taxonomy":"post_tag","embeddable":true,"href":"https:\/\/dekkbi.com\/index.php?rest_route=%2Fwp%2Fv2%2Ftags&post=8410"}],"curies":[{"name":"wp","href":"https:\/\/api.w.org\/{rel}","templated":true}]}}