{"id":8406,"date":"2023-03-10T10:51:12","date_gmt":"2023-03-10T10:51:12","guid":{"rendered":"https:\/\/dekkbi.com\/?p=8406"},"modified":"2023-03-10T10:51:14","modified_gmt":"2023-03-10T10:51:14","slug":"formation-professionnelle-realisation-de-projets-au-titre-de-la-loi-ppp-mariama-sarr-ouvre-le-bal","status":"publish","type":"post","link":"https:\/\/dekkbi.com\/?p=8406","title":{"rendered":"Formation professionnelle \u2013 R\u00e9alisation de projets au titre de la loi Ppp : Mariama Sarr ouvre le bal"},"content":{"rendered":"\n<p><\/p>\n\n\n\n<p><strong>Le minist\u00e8re de la Formation professionnelle, de l\u2019apprentissage et de l\u2019insertion et Planet One ont sign\u00e9 hier un contrat de Partenariat public priv\u00e9 (Ppp) pour la construction de 15 centres de formation professionnelle. Il s\u2019agit du premier contrat sign\u00e9 au titre de la nouvelle loi Ppp 2021 et son d\u00e9cret d\u2019application.<\/strong><\/p>\n\n\n\n<p><strong>Par Dialigu\u00e9 FAYE \u2013&nbsp;<\/strong>Dans le cadre de sa mission de faciliter l\u2019acquisition de savoir professionnel par l\u2019ensemble des S\u00e9n\u00e9galais et de veiller \u00e0 la qualit\u00e9 de la formation continue dans toutes les fili\u00e8res, le minist\u00e8re de la Formation professionnelle, de l\u2019apprentissage et de l\u2019insertion a pris l\u2019engagement de mettre en place des centres de formation professionnelle dot\u00e9s d\u2019\u00e9quipements de derni\u00e8re g\u00e9n\u00e9ration. Pour concr\u00e9tiser ce projet, Mariama Sarr, patronne de ce d\u00e9partement, et ses collaborateurs ont opt\u00e9, sous l\u2019accompagnement du minist\u00e8re de l\u2019Economie, du plan et de la coop\u00e9ration, via l\u2019Unit\u00e9 nationale d\u2019appui aux partenariats public-priv\u00e9 (Unappp), pour un Ppp.<\/p>\n\n\n\n<p>C\u2019est ainsi qu\u2019ils ont sign\u00e9 hier un contrat de Partenariat public priv\u00e9 (Ppp) pour la construction de 15 centres de formation professionnelle dans les r\u00e9gions de K\u00e9dougou, Kaffrine, Thi\u00e8s, entre autres, pour un co\u00fbt global (construction et \u00e9quipement compris) de 113, 50 milliards de francs Cfa. Les fili\u00e8res cibl\u00e9es sont, entre autres, l\u2019agriculture, l\u2019\u00e9levage, l\u2019industrie alimentaire, les mines et les nouvelles technologies.<\/p>\n\n\n\n<p>Il s\u2019agit du premier contrat sign\u00e9 au titre de la nouvelle loi Ppp 2021 et son d\u00e9cret d\u2019application.<\/p>\n\n\n\n<p>Ainsi s\u2019est r\u00e9jouie la ministre de la Formation professionnelle, de l\u2019apprentissage et de l\u2019insertion, de l\u2019honneur qui revient \u00e0 son d\u00e9partement de b\u00e9n\u00e9ficier du premier contrat Ppp, apr\u00e8s la promulgation de la loi n\u00b02021-23 du 2 mars 2021 relative aux contrats Ppp.<\/p>\n\n\n\n<p>La ministre de l\u2019Economie, du plan et de la coop\u00e9ration, qui a pris part \u00e0 la c\u00e9r\u00e9monie de signature, a pr\u00e9cis\u00e9 que \u00abce contrat de partenariat vis\u00e9 sera \u00e0 paiement public, avec des objectifs de disponi\u00adbilit\u00e9\/performance des b\u00e2timents et \u00e9quipements fix\u00e9s au priv\u00e9 pendant la p\u00e9riode des huit ans et demi de gestion\u00bb. En effet, explique Oulimata Sarr, \u00able priv\u00e9 s\u2019endette pour financer et d\u00e9livrer le projet, mais surtout prend le risque de se r\u00e9mun\u00e9rer sur la dur\u00e9e sur la base de la disponibilit\u00e9 des infrastructures et des services. Donc il y a un alignement d\u2019int\u00e9r\u00eat entre le priv\u00e9 avec l\u2019Etat pour avoir des services de qualit\u00e9 dans la dur\u00e9e\u00bb. Et de rassurer que \u00able contrat est issu d\u2019une offre d\u2019initiative priv\u00e9e qui a fait l\u2019objet de toutes les \u00e9tapes de contr\u00f4le et de validation des int\u00e9r\u00eats du S\u00e9n\u00e9gal en conformit\u00e9 avec la nouvelle loi\u00bb.<\/p>\n\n\n\n<p>Pour rappel, ce nouveau cadre l\u00e9gal relatif aux Ppp vise \u00e0 renforcer l\u2019implication accrue du secteur priv\u00e9 dans la dynamique d\u2019\u00e9mergence du S\u00e9n\u00e9gal.<\/p>\n\n\n\n<p>Avec ce projet de construction de nouveaux centres \u00e0 travers les d\u00e9partements du S\u00e9n\u00e9gal, une augmentation de la capacit\u00e9 de formation professionnelle est attendue.<\/p>\n\n\n\n<p>Planet One Group, en charge de la construction des 15 premiers centres de formation professionnelle, s\u2019engage \u00e0 mener \u00e0 bien le projet et \u00e0 bonne date.<\/p>\n\n\n\n<p><br><strong>dialigue@lequotidien.sn<\/strong><\/p>\n","protected":false},"excerpt":{"rendered":"<p>Le minist\u00e8re de la Formation professionnelle, de l\u2019apprentissage et de l\u2019insertion et Planet One ont sign\u00e9 hier un contrat de<\/p>\n","protected":false},"author":1,"featured_media":2767,"comment_status":"open","ping_status":"open","sticky":false,"template":"","format":"standard","meta":{"footnotes":""},"categories":[3],"tags":[],"class_list":["post-8406","post","type-post","status-publish","format-standard","has-post-thumbnail","hentry","category-event-more-news"],"_links":{"self":[{"href":"https:\/\/dekkbi.com\/index.php?rest_route=\/wp\/v2\/posts\/8406","targetHints":{"allow":["GET"]}}],"collection":[{"href":"https:\/\/dekkbi.com\/index.php?rest_route=\/wp\/v2\/posts"}],"about":[{"href":"https:\/\/dekkbi.com\/index.php?rest_route=\/wp\/v2\/types\/post"}],"author":[{"embeddable":true,"href":"https:\/\/dekkbi.com\/index.php?rest_route=\/wp\/v2\/users\/1"}],"replies":[{"embeddable":true,"href":"https:\/\/dekkbi.com\/index.php?rest_route=%2Fwp%2Fv2%2Fcomments&post=8406"}],"version-history":[{"count":1,"href":"https:\/\/dekkbi.com\/index.php?rest_route=\/wp\/v2\/posts\/8406\/revisions"}],"predecessor-version":[{"id":8407,"href":"https:\/\/dekkbi.com\/index.php?rest_route=\/wp\/v2\/posts\/8406\/revisions\/8407"}],"wp:featuredmedia":[{"embeddable":true,"href":"https:\/\/dekkbi.com\/index.php?rest_route=\/wp\/v2\/media\/2767"}],"wp:attachment":[{"href":"https:\/\/dekkbi.com\/index.php?rest_route=%2Fwp%2Fv2%2Fmedia&parent=8406"}],"wp:term":[{"taxonomy":"category","embeddable":true,"href":"https:\/\/dekkbi.com\/index.php?rest_route=%2Fwp%2Fv2%2Fcategories&post=8406"},{"taxonomy":"post_tag","embeddable":true,"href":"https:\/\/dekkbi.com\/index.php?rest_route=%2Fwp%2Fv2%2Ftags&post=8406"}],"curies":[{"name":"wp","href":"https:\/\/api.w.org\/{rel}","templated":true}]}}