{"id":8400,"date":"2023-03-10T10:43:41","date_gmt":"2023-03-10T10:43:41","guid":{"rendered":"https:\/\/dekkbi.com\/?p=8400"},"modified":"2023-03-10T10:43:42","modified_gmt":"2023-03-10T10:43:42","slug":"ouverture-du-senegal-a-linvestissement-etranger-le-prive-national-engage-avec-des-conditions","status":"publish","type":"post","link":"https:\/\/dekkbi.com\/?p=8400","title":{"rendered":"Ouverture du S\u00e9n\u00e9gal \u00e0 l\u2019investissement \u00e9tranger : Le priv\u00e9 national engag\u00e9 avec des conditions"},"content":{"rendered":"\n<p><strong>Le priv\u00e9 national est dispos\u00e9 \u00e0 assumer pleinement son r\u00f4le dans l\u2019essor du pays. Mais cela a une condition. Il souhaite \u00eatre la porte d\u2019entr\u00e9e de tout investisseur \u00e9tranger. Une requ\u00eate qui a \u00e9t\u00e9 bien entendue par la ministre de l\u2019Economie, du plan et de la coop\u00e9ration, Oulimata Sarr.<\/strong><\/p>\n\n\n\n<p><strong>Par Malick GAYE \u2013<\/strong>&nbsp;Le S\u00e9n\u00e9gal souhaite avoir un secteur priv\u00e9 national fort et dynamique, pouvant jouer pleinement son r\u00f4le dans le d\u00e9veloppement \u00e9conomique du pays. Une ambition qui va \u00eatre mat\u00e9rialis\u00e9e dans le Pap3. Pour cela, il faut des pr\u00e9alables. Hier, lors de la c\u00e9r\u00e9monie de lancement de la campagne de mobilisation des partenaires du Forum Invest in S\u00e9n\u00e9gal, Ba\u00efdy Agne, le pr\u00e9sident du Conseil national du patronat (Cnp), a esquiss\u00e9 les attentes du priv\u00e9 national. \u00abFaut-il s\u2019ouvrir davantage pour capter plus de flux de capitaux et d\u2019investissements \u00e9trangers ? Je dirais oui, si l\u2019on veut plus de croissance \u00e9conomique, plus de progr\u00e8s social et d\u2019emplois durables. Je dirais oui, car on ne saurait rester passif dans une Afrique de plus en plus courtis\u00e9e aujourd\u2019hui, et o\u00f9 chaque pays de notre continent se pr\u00e9sente comme \u00e9tant la destination la plus attractive, incitative et s\u00e9curisante\u00bb, a-t-il dit, pour marquer l\u2019adh\u00e9sion du patronat au Invest in S\u00e9n\u00e9gal. Pour lui, la r\u00e9ussite de ce forum repose sur ceci : \u00abMobiliser davantage nos \u00e9nergies nationales productrices de richesse, examiner la nature des projets pouvant \u00eatre r\u00e9alis\u00e9s (partiellement ou totalement) par des priv\u00e9s nationaux et ne n\u00e9cessitant pas, pour diverses raisons, l\u2019Investissement direct \u00e9tranger (Ide), d\u00e9finir la pr\u00e9f\u00e9rence-pays de Pide (par projet ou groupe de projets) la plus avantageuse durable pour le S\u00e9n\u00e9gal : et hi\u00e9rarchiser nos priorit\u00e9s et centres d\u2019int\u00e9r\u00eats nationaux.\u00bb A cet effet, Ba\u00efdy Agne ajoute qu\u2019il faut d\u00e9finir l\u2019offre de projets n\u00e9cessitant une contractualisation avec les investisseurs \u00e9trangers au regard des exigences financi\u00e8res et techniques. Et ensuite, \u00abfavoriser autant que possible la contractualisation entre le priv\u00e9 national et le priv\u00e9 \u00e9tranger, plut\u00f4t que des engagements et ententes directs liant notre Etat au priv\u00e9 \u00e9tranger. Je dis souvent qu\u2019entre priv\u00e9s, on se comprend toujours mieux, tout en prenant aussi toutes les s\u00fbret\u00e9s requises. Et enfin, d\u2019organiser les relations de co-investissements, de co-traitance, de transferts de technologies et de comp\u00e9tences\u00bb. Pour le patron du patronat, l\u2019ouverture contr\u00f4l\u00e9e est la meilleure option pour le S\u00e9n\u00e9gal. Ainsi, pour Ba\u00efdy Agne, cette ouverture doit s\u2019organiser autour de 3 objectifs que sont un \u00ab\u00e9cosyst\u00e8me productif national performant et durable, la circonscription de toute d\u00e9pendance ext\u00e9rieure et une pr\u00e9sence plus significative sur les march\u00e9s de capitaux en Afrique en \u00e9tant un acteur majeur de l\u2019int\u00e9gration financi\u00e8re africaine&nbsp;(\u2026) Ce qui sera bon pour le secteur priv\u00e9 national, sera ce qu\u2019il y a de meilleur pour le S\u00e9n\u00e9gal\u00bb.<\/p>\n\n\n\n<p>Un discours qui n\u2019est pas tomb\u00e9 dans l\u2019oreille d\u2019un sourd. En effet, la ministre de l\u2019Economie, du plan et de la coop\u00e9ration a pris bonne note et a rappel\u00e9 les efforts d\u00e9ploy\u00e9s par le gouvernement pour doter le S\u00e9n\u00e9gal d\u2019un priv\u00e9 national dynamique.<\/p>\n\n\n\n<p>Il faut noter qu\u2019Invest in S\u00e9n\u00e9gal sera organis\u00e9 au mois de juillet prochain. 2 \u00e0 3 mille personnes y sont attendues. Ce forum se veut p\u00e9renne et sera organis\u00e9 tous les deux ans.<\/p>\n\n\n\n<p><br><strong>mgaye@lequotidien.sn<\/strong><\/p>\n","protected":false},"excerpt":{"rendered":"<p>Le priv\u00e9 national est dispos\u00e9 \u00e0 assumer pleinement son r\u00f4le dans l\u2019essor du pays. Mais cela a une condition. Il<\/p>\n","protected":false},"author":1,"featured_media":8401,"comment_status":"open","ping_status":"open","sticky":false,"template":"","format":"standard","meta":{"footnotes":""},"categories":[3],"tags":[],"class_list":["post-8400","post","type-post","status-publish","format-standard","has-post-thumbnail","hentry","category-event-more-news"],"_links":{"self":[{"href":"https:\/\/dekkbi.com\/index.php?rest_route=\/wp\/v2\/posts\/8400","targetHints":{"allow":["GET"]}}],"collection":[{"href":"https:\/\/dekkbi.com\/index.php?rest_route=\/wp\/v2\/posts"}],"about":[{"href":"https:\/\/dekkbi.com\/index.php?rest_route=\/wp\/v2\/types\/post"}],"author":[{"embeddable":true,"href":"https:\/\/dekkbi.com\/index.php?rest_route=\/wp\/v2\/users\/1"}],"replies":[{"embeddable":true,"href":"https:\/\/dekkbi.com\/index.php?rest_route=%2Fwp%2Fv2%2Fcomments&post=8400"}],"version-history":[{"count":1,"href":"https:\/\/dekkbi.com\/index.php?rest_route=\/wp\/v2\/posts\/8400\/revisions"}],"predecessor-version":[{"id":8402,"href":"https:\/\/dekkbi.com\/index.php?rest_route=\/wp\/v2\/posts\/8400\/revisions\/8402"}],"wp:featuredmedia":[{"embeddable":true,"href":"https:\/\/dekkbi.com\/index.php?rest_route=\/wp\/v2\/media\/8401"}],"wp:attachment":[{"href":"https:\/\/dekkbi.com\/index.php?rest_route=%2Fwp%2Fv2%2Fmedia&parent=8400"}],"wp:term":[{"taxonomy":"category","embeddable":true,"href":"https:\/\/dekkbi.com\/index.php?rest_route=%2Fwp%2Fv2%2Fcategories&post=8400"},{"taxonomy":"post_tag","embeddable":true,"href":"https:\/\/dekkbi.com\/index.php?rest_route=%2Fwp%2Fv2%2Ftags&post=8400"}],"curies":[{"name":"wp","href":"https:\/\/api.w.org\/{rel}","templated":true}]}}