{"id":8394,"date":"2023-03-10T10:34:43","date_gmt":"2023-03-10T10:34:43","guid":{"rendered":"https:\/\/dekkbi.com\/?p=8394"},"modified":"2023-03-10T10:34:44","modified_gmt":"2023-03-10T10:34:44","slug":"son-absence-de-la-scene-politique-troisieme-mandat-opposition-me-nafissatou-diop-cisse-brise-le-silence","status":"publish","type":"post","link":"https:\/\/dekkbi.com\/?p=8394","title":{"rendered":"Son absence de la sc\u00e8ne politique-Troisi\u00e8me mandat- opposition: Me Nafissatou Diop Ciss\u00e9 brise le silence\u2026"},"content":{"rendered":"\n<h3 class=\"wp-block-heading\">Longuement absente de l\u2019espace public, Me Nafissatou Ciss\u00e9 brise, enfin le silence. Les deux \u00e9ch\u00e9ances \u00e9lectorales (Locales et L\u00e9gislatives) que nous venons de traverser explique son \u00ab retrait \u00bb du champ politique. Mais, elle se f\u00e9licite de l\u2019irruption sur la sc\u00e8ne politique de jeunes leaders parfaitement \u00e0 la hauteur et refuse de se prononcer sur la possibilit\u00e9 pour Macky Sall de briguer un troisi\u00e8me mandat. \u00ab C\u2019est au Conseil constitutionnel d\u2019en d\u00e9cider \u00bb, mart\u00e8le-telle tout en brocardant les \u00ab agitateurs \u00bb de la soci\u00e9t\u00e9 civile et de l\u2019opposition.<\/h3>\n\n\n\n<p><\/p>\n\n\n\n<p>En politique, les silences sont souvent aussi importants que les discours. On vient de sortir de deux \u00e9lections (locales et l\u00e9gislatives), nous devions faire le bilan afin de mieux nous projeter dans l\u2019avenir par rapport aux \u00e9ch\u00e9ances qui sont devant nous, notamment la prochaine \u00e9lection pr\u00e9sidentielle.<\/p>\n\n\n\n<p><strong>Comme vous parlez de bilan, qu\u2019en est-il, aujourd\u2019hui, de l\u2019APR et de Benno Bokk Yaakaar \u00e0 Kaolack ?<\/strong><\/p>\n\n\n\n<p>Vous me donnez ici l\u2019occasion de rendre un vibrant hommage \u00e0 Di\u00e8ne Farba Sarr qui a implant\u00e9 l\u2019APR \u00e0 Kaolack. Il s\u2019est battu pour le parti et son rayonnement dans le Saloum. Cela dit, je salue les actes pos\u00e9s par certains leaders comme Mohamed Ndiaye Rahma qui fait actuellement tout son possible pour rassembler tout le monde autour du Pr\u00e9sident Macky Sall, dans l\u2019int\u00e9r\u00eat g\u00e9n\u00e9ral de l\u2019APR et de Benno Bokk Yaakaar.<\/p>\n\n\n\n<p>Mais \u00e9galement, je constate la mont\u00e9e en puissance de jeunes leaders qui sont tr\u00e8s repr\u00e9sentatifs sur le terrain. Je peux citer celle qui incarne de plus en plus le leadership dans le d\u00e9partement de Kaolack. Il s\u2019agit d\u2019A\u00efssatou Ndiaye qui est une femme, maire (de Ndiaffate) et d\u00e9put\u00e9e \u00e0 l\u2019Assembl\u00e9e nationale o\u00f9 elle est d\u2019ailleurs Secr\u00e9taire \u00e9lue. Je crois que le Pr\u00e9sident Macky Sall doit beaucoup compter sur de jeunes leaders comme elle qui constituent l\u2019avenir de l\u2019APR surtout \u00e0 Kaolack. Je peux \u00e9galement citer le pr\u00e9sident du Conseil d\u00e9partemental, Ahmed Youssouf Bengeloune, Ousmane No\u00ebl Dieng, r\u00e9put\u00e9 pour ses actions sociales et tant d\u2019autres qui font un travail extraordinaire \u00e0 la base pour soutenir le pr\u00e9sident de la R\u00e9publique dans son combat pour l\u2019\u00e9mergence.<\/p>\n\n\n\n<p>C\u2019est le cas, par ailleurs, du maire de Kolda, et tout nouveau Directeur g\u00e9n\u00e9ral de la Caisse des D\u00e9p\u00f4ts et Consignations (CDC), Mame Boye Diao, que je f\u00e9licite au passage, du DG de Dakar Dem Dikk, Ousmane Sylla, non moins maire de la ville de K\u00e9dougou, de Galo B\u00e2, ministre de la Fonction publique et de la Transformation du Secteur public. Il y a \u00e9galement Abdou Karim Fofana, ministre du Commerce, de la Consommation et des PME, \u00e9galement porte-parole du gouvernement, de Doudou Ka, des transports a\u00e9riens et du D\u00e9veloppement des Infrastructures a\u00e9roportuaires, du maire de Kaffrine, Abdoulaye Seydou Sow, ministre de l\u2019Urbanisme, du Logement et de l\u2019Hygi\u00e8ne publique, etc. Ils sont nombreux. Ces jeunes leaders qui font un travail appr\u00e9ciable dans l\u2019appareil d\u2019\u00c9tat mais aussi m\u00e8nent toujours des actions pour rassembler les jeunes et les femmes au-del\u00e0 m\u00eame des instances du parti et de la coalition pr\u00e9sidentielle. Ils sont pr\u00eats \u00e0 accompagner le Pr\u00e9sident Macky Sall jusqu\u2019au bout.<\/p>\n\n\n\n<p><strong>Quand vous d\u00eetes \u00ab jusqu\u2019au bout \u00bb, cela signifie-t-il que vous pensez que le Pr\u00e9sident Macky Sall va briguer un 3e mandat ?<br><\/strong><br>Personne n\u2019est encore candidat ! Jusqu\u2019ici, il n\u2019y a que des d\u00e9clarations d\u2019intention. Pour \u00eatre candidat, il faut obligatoirement que le Conseil constitutionnel valide votre dossier. Donc, on ne peut obliger, tout de suite et maintenant, le Pr\u00e9sident Macky Sall \u00e0 dire s\u2019il est candidat ou pas. Ce n\u2019est pas le moment. L\u2019heure est au travail, pas \u00e0 la politique politicienne. Le chef de l\u2019\u00c9tat est pr\u00e9occup\u00e9 par le co\u00fbt de la vie pour soulager les S\u00e9n\u00e9galais qui subissent les affres du contexte \u00e9conomique mondial avec le COVID qui a affect\u00e9 le monde entier et, aujourd\u2019hui, la guerre entre la Russie et l\u2019Ukraine. Malgr\u00e9 tout, vous constatez avec moi que le Pr\u00e9sident Macky Sall a pris des mesures importantes concernant la baisse de certains produits de consommation courante, le loyer, etc. Sans compter toutes les infrastructures (les routes, les ponts, les h\u00f4pitaux\u2026) qu\u2019il est en train d\u2019inaugurer \u00e0 l\u2019int\u00e9rieur du pays.<\/p>\n\n\n\n<p><strong>Toujours \u00e0 propos de la pr\u00e9sidentielle de 2024, pensez-vous s\u00e9rieusement que le Pr\u00e9sident Macky Sall a le droit de se pr\u00e9senter ?<\/strong><\/p>\n\n\n\n<p>Vous voulez dire si l\u2019article 27 de la Constitution lui donne le droit de se pr\u00e9senter ? Il faut d\u2019abord savoir que cet article est compos\u00e9 de deux alin\u00e9as. Le premier parle de la dur\u00e9e qui est de 5 ans et le second, du nombre en pr\u00e9cisant que \u00ab Nul ne peut exercer plus de deux mandats cons\u00e9cutifs \u00bb. Les adversaires du Pr\u00e9sident Macky Sall s\u2019agrippent sur ce second alin\u00e9a, en occultant sciemment le premier, pour dire qu\u2019il n\u2019a pas le droit de se pr\u00e9senter. En tant que juriste, je respecte les institutions du pays, notamment le Conseil Constitutionnel qui est en charge de ces questions. Le moment venu, le droit sera dit.<\/p>\n\n\n\n<p>Seulement, j\u2019ai l\u2019impression que l\u2019opposition a peur de la candidature du Pr\u00e9sident Macky Sall. Je les comprends parce que son bilan est imparable. Et puis, en d\u00e9mocratie, aucun citoyen ne peut emp\u00eacher la candidature d\u2019un autre citoyen. Pour barrer la route \u00e0 un candidat, il faut le battre dans les urnes. C\u2019est comme \u00e7a qu\u2019on doit combattre un 3\u00e8me mandat, d\u00e9mocratiquement. Mais je crois que l\u2019opposition est consciente qu\u2019elle ne peut pas battre le Pr\u00e9sident Macky Sall dans les urnes. C\u2019est pourquoi toute cette agitation pour l\u2019emp\u00eacher de se pr\u00e9senter.<\/p>\n\n\n\n<p><strong>Mais c\u2019est le Pr\u00e9sident Macky Sall lui-m\u00eame qui avait dit qu\u2019il avait verrouill\u00e9 le mandat \u00e0 deux.<\/strong><\/p>\n\n\n\n<p>Effectivement, il l\u2019a fait. Depuis 2019, \u00e0 la faveur de la r\u00e9vision constitutionnelle adopt\u00e9e par R\u00e9f\u00e9rendum en 2016, \u00ab Nul ne peut exercer plus de deux mandats cons\u00e9cutifs \u00bb. De 5 ans ! La pr\u00e9cision est importante comme indiqu\u00e9 dans l\u2019alin\u00e9a premier de l\u2019article 27. Pour le reste, comme je l\u2019ai d\u00e9j\u00e0 dit, c\u2019est le Conseil Constitutionnel qui est habilit\u00e9 \u00e0 trancher la question. Certains juristes disent m\u00eame qu\u2019il l\u2019a d\u00e9j\u00e0 fait dans la d\u00e9cision qu\u2019il avait rendu sur la question.<\/p>\n\n\n\n<p><strong>Donc, selon vous, le Pr\u00e9sident Macky Sall a la droit de se pr\u00e9senter pour un 3e mandat.<br><\/strong><br>Un 2e mandat de 5 ans ? Oui. Rien ne l\u2019emp\u00eache. Maintenant, entre pouvoir et vouloir, il y a loin entre la coupe et les l\u00e8vres. Juridiquement, il en a le plein droit. Politiquement, c\u2019est \u00e0 lui d\u2019en d\u00e9cider. Et pour cette seconde option, je crois que les S\u00e9n\u00e9galais vont l\u2019obliger \u00e0 se pr\u00e9senter eu \u00e9gard \u00e0 ses nombreuses r\u00e9alisations dans le pays.<\/p>\n\n\n\n<p><strong>Pourtant le Pr\u00e9sident Macky Sall avait farouchement combattu le 3\u00e8me mandat sous Abdoulaye Wade.<\/strong><\/p>\n\n\n\n<p>Je pr\u00e9cise que le Pr\u00e9sident Macky Sall avait combattu la 3\u00e8me candidature d\u2019Abdoulaye Wade dans la rue avec les autres membres de l\u2019opposition. Mais le 3\u00e8me mandat, il l\u2019a combattu par les urnes. En effet, quand le Conseil constitutionnel a d\u00e9cid\u00e9 que le Pr\u00e9sident Abdoulaye Wade avait le droit de se pr\u00e9senter, il est all\u00e9 battre campagne. Et finalement, il a gagn\u00e9. C\u2019est \u00e7a \u00eatre l\u00e9galiste. Le Pr\u00e9sident Macky Sall est un l\u00e9galiste, contrairement \u00e0 cette opposition et ces membres de la soci\u00e9t\u00e9 civile qui veulent se substituer au Conseil constitutionnel pour valider ou invalider une candidature. \u00c0 ce rythme, on risque d\u2019aller vers un \u00c9tat de non-droit ou la raison du plus bavard, du plus agit\u00e9, fera loi. On serait dans une \u00ab R\u00e9publique des agitateurs \u00bb. C\u2019est un pas dangereux qu\u2019il ne faut pas franchir. D\u00e9j\u00e0 que m\u00eame les juristes, qui sont des sachants du Droit, ne sont pas d\u2019accord sur l\u2019interpr\u00e9tation de l\u2019article 27 de la Constitution. Alors, que chacun garde sa position en respectant celle des autres. Nous n\u2019accepterons pas un terrorisme intellectuel. Nous ferons face \u00e0 ces fossoyeurs de nos institutions.<\/p>\n\n\n\n<p><strong>Le Pr\u00e9sident Macky Sall devra alors faire face \u00e0 l\u2019opposition et \u00e0 la soci\u00e9t\u00e9 civile qui se mobilise pour l\u2019emp\u00eacher de se pr\u00e9senter en 2024.<\/strong><\/p>\n\n\n\n<p>Encore une fois, ce n\u2019est pas \u00e0 la soci\u00e9t\u00e9 civile, ou \u00e0 un groupe de lobbyeurs, d\u2019interdire \u00e0 quelqu\u2019un de se pr\u00e9senter, s\u2019il le souhaite. Je vous ai dit tout \u00e0 l\u2019heure que c\u2019est au Conseil constitutionnel de valider ou d\u2019invalider une candidature. Et personne d\u2019autre !<\/p>\n\n\n\n<p><strong>A vous entendre, vous \u00eates aujourd\u2019hui plus que jamais engag\u00e9e aupr\u00e8s du Pr\u00e9sident Macky Sall bien que n\u2019\u00e9tant pas dans le gouvernement.<\/strong><\/p>\n\n\n\n<p>Plus que jamais ! Notre conception de la politique ne se limite pas \u00e0 des strapontins. Ce qui nous pr\u00e9occupe, c\u2019est le mieux-\u00eatre des S\u00e9n\u00e9galais. Et nous accompagnons le chef de l\u2019\u00c9tat dans cette mission sacerdotale.<\/p>\n\n\n\n<p><strong>Votre ancien mentor Idrissa Seck a propos\u00e9 la candidature plurielle au sein de Benno Bokk Yaakaar pour la prochaine pr\u00e9sidentielle. Qu\u2019en pensez-vous ?<\/strong><\/p>\n\n\n\n<p>J\u2019ai pris la d\u00e9cision de ne plus parler d\u2019Idrissa Seck ou de ses positions politiques. Nous avons de tr\u00e8s bonnes relations de fr\u00e8re et soeur mais moi je suis avec le Pr\u00e9sident Macky Sall. Et je le soutiendrai jusqu\u2019au bout. Comprenez donc que je ne puisse me prononcer sur les positions d\u2019un autre leader de parti. Qui plus est un alli\u00e9 du pr\u00e9sident de la R\u00e9publique. Encore une fois, ce n\u2019est pas \u00e0 la soci\u00e9t\u00e9 civile, ou \u00e0 un groupe de lobbyeurs, d\u2019interdire \u00e0 quelqu\u2019un de se pr\u00e9senter, s\u2019il le souhaite. Je vous ai dit tout \u00e0 l\u2019heure que c\u2019est au Conseil constitutionnel de valider ou d\u2019invalider une candidature. Et personne d\u2019autre !<\/p>\n\n\n\n<p><strong>A vous entendre, vous \u00eates aujourd\u2019hui plus que jamais engag\u00e9e aupr\u00e8s du Pr\u00e9sident Macky Sall bien que n\u2019\u00e9tant pas dans le gouvernement.<\/strong><\/p>\n\n\n\n<p>Plus que jamais ! Vous savez, notre conception de la politique ne se limite pas \u00e0 des strapontins. Ce qui nous pr\u00e9occupe, c\u2019est le mieux-\u00eatre des S\u00e9n\u00e9galais. Et nous accompagnons le chef de l\u2019\u00c9tat dans cette mission sacerdotale.<\/p>\n\n\n\n<p><strong>Votre ancien mentor Idrissa Seck a propos\u00e9 la candidature plurielle au sein de Benno Bokk Yaakaar pour la prochaine pr\u00e9sidentielle. Qu\u2019en pensez-vous ?<\/strong><\/p>\n\n\n\n<p>J\u2019ai pris la d\u00e9cision de ne plus parler d\u2019Idrissa Seck ou de ses positions politiques. Nous avons de tr\u00e8s bonnes relations de fr\u00e8re et s\u0153ur mais moi je suis avec le Pr\u00e9sident Macky Sall. Et je le soutiendrai jusqu\u2019au bout. Comprenez donc que je ne puisse me prononcer sur les positions d\u2019un autre leader de parti. Qui plus est un alli\u00e9 du pr\u00e9sident de la R\u00e9publique.<br>Directnews<\/p>\n","protected":false},"excerpt":{"rendered":"<p>Longuement absente de l\u2019espace public, Me Nafissatou Ciss\u00e9 brise, enfin le silence. Les deux \u00e9ch\u00e9ances \u00e9lectorales (Locales et L\u00e9gislatives) que<\/p>\n","protected":false},"author":1,"featured_media":8395,"comment_status":"open","ping_status":"open","sticky":false,"template":"","format":"standard","meta":{"footnotes":""},"categories":[6],"tags":[],"class_list":["post-8394","post","type-post","status-publish","format-standard","has-post-thumbnail","hentry","category-politics"],"_links":{"self":[{"href":"https:\/\/dekkbi.com\/index.php?rest_route=\/wp\/v2\/posts\/8394","targetHints":{"allow":["GET"]}}],"collection":[{"href":"https:\/\/dekkbi.com\/index.php?rest_route=\/wp\/v2\/posts"}],"about":[{"href":"https:\/\/dekkbi.com\/index.php?rest_route=\/wp\/v2\/types\/post"}],"author":[{"embeddable":true,"href":"https:\/\/dekkbi.com\/index.php?rest_route=\/wp\/v2\/users\/1"}],"replies":[{"embeddable":true,"href":"https:\/\/dekkbi.com\/index.php?rest_route=%2Fwp%2Fv2%2Fcomments&post=8394"}],"version-history":[{"count":1,"href":"https:\/\/dekkbi.com\/index.php?rest_route=\/wp\/v2\/posts\/8394\/revisions"}],"predecessor-version":[{"id":8396,"href":"https:\/\/dekkbi.com\/index.php?rest_route=\/wp\/v2\/posts\/8394\/revisions\/8396"}],"wp:featuredmedia":[{"embeddable":true,"href":"https:\/\/dekkbi.com\/index.php?rest_route=\/wp\/v2\/media\/8395"}],"wp:attachment":[{"href":"https:\/\/dekkbi.com\/index.php?rest_route=%2Fwp%2Fv2%2Fmedia&parent=8394"}],"wp:term":[{"taxonomy":"category","embeddable":true,"href":"https:\/\/dekkbi.com\/index.php?rest_route=%2Fwp%2Fv2%2Fcategories&post=8394"},{"taxonomy":"post_tag","embeddable":true,"href":"https:\/\/dekkbi.com\/index.php?rest_route=%2Fwp%2Fv2%2Ftags&post=8394"}],"curies":[{"name":"wp","href":"https:\/\/api.w.org\/{rel}","templated":true}]}}