{"id":8386,"date":"2023-03-10T09:37:29","date_gmt":"2023-03-10T09:37:29","guid":{"rendered":"https:\/\/dekkbi.com\/?p=8386"},"modified":"2023-03-10T09:37:31","modified_gmt":"2023-03-10T09:37:31","slug":"transport-et-mobilite-urbaine-les-chauffeurs-de-la-gare-routiere-de-yoff-desapprouvent-la-hausse-des-tarifs","status":"publish","type":"post","link":"https:\/\/dekkbi.com\/?p=8386","title":{"rendered":"Transport et mobilit\u00e9 urbaine : Les chauffeurs de la gare routi\u00e8re de Yoff d\u00e9sapprouvent la hausse des tarifs"},"content":{"rendered":"\n<h3 class=\"wp-block-heading\">La hausse des tarifs du transport urbain suscite le d\u00e9bat depuis hier. Les chauffeurs de bus rencontr\u00e9s \u00e0 la gare routi\u00e8re de Yoff trouvent insens\u00e9e cette mesure qui devrait tenir compte de la morosit\u00e9 \u00e9conomique du pays. <\/h3>\n\n\n\n<h3 class=\"wp-block-heading\">Ceci est d&rsquo;autant plus d\u00e9plorable qu&rsquo;aucun communiqu\u00e9 officiel du gouvernement n&rsquo;a \u00e9t\u00e9 fait \u00e0 ce sujet. <\/h3>\n\n\n\n<h3 class=\"wp-block-heading\">Ainsi, ils interpellent leur Minist\u00e8re de tutelle sur leurs p\u00e9nibles conditions de travail.<\/h3>\n\n\n\n<figure class=\"wp-block-embed is-type-rich is-provider-prise-en-charge-des-contenus-embarques wp-block-embed-prise-en-charge-des-contenus-embarques wp-embed-aspect-16-9 wp-has-aspect-ratio\"><div class=\"wp-block-embed__wrapper\">\n<iframe loading=\"lazy\" title=\"Transport:  Les chauffeurs  de la gare routi\u00e8re de Yoff d\u00e9sapprouvent la hausse des tarifs\" width=\"800\" height=\"450\" src=\"https:\/\/www.youtube.com\/embed\/FaMj0nbsEeQ?feature=oembed\" frameborder=\"0\" allow=\"accelerometer; autoplay; clipboard-write; encrypted-media; gyroscope; picture-in-picture; web-share\" allowfullscreen><\/iframe>\n<\/div><\/figure>\n\n\n\n<p>SOURCE LERAL<\/p>\n","protected":false},"excerpt":{"rendered":"<p>La hausse des tarifs du transport urbain suscite le d\u00e9bat depuis hier. Les chauffeurs de bus rencontr\u00e9s \u00e0 la gare<\/p>\n","protected":false},"author":1,"featured_media":8388,"comment_status":"open","ping_status":"open","sticky":false,"template":"","format":"standard","meta":{"footnotes":""},"categories":[3],"tags":[],"class_list":["post-8386","post","type-post","status-publish","format-standard","has-post-thumbnail","hentry","category-event-more-news"],"_links":{"self":[{"href":"https:\/\/dekkbi.com\/index.php?rest_route=\/wp\/v2\/posts\/8386","targetHints":{"allow":["GET"]}}],"collection":[{"href":"https:\/\/dekkbi.com\/index.php?rest_route=\/wp\/v2\/posts"}],"about":[{"href":"https:\/\/dekkbi.com\/index.php?rest_route=\/wp\/v2\/types\/post"}],"author":[{"embeddable":true,"href":"https:\/\/dekkbi.com\/index.php?rest_route=\/wp\/v2\/users\/1"}],"replies":[{"embeddable":true,"href":"https:\/\/dekkbi.com\/index.php?rest_route=%2Fwp%2Fv2%2Fcomments&post=8386"}],"version-history":[{"count":1,"href":"https:\/\/dekkbi.com\/index.php?rest_route=\/wp\/v2\/posts\/8386\/revisions"}],"predecessor-version":[{"id":8389,"href":"https:\/\/dekkbi.com\/index.php?rest_route=\/wp\/v2\/posts\/8386\/revisions\/8389"}],"wp:featuredmedia":[{"embeddable":true,"href":"https:\/\/dekkbi.com\/index.php?rest_route=\/wp\/v2\/media\/8388"}],"wp:attachment":[{"href":"https:\/\/dekkbi.com\/index.php?rest_route=%2Fwp%2Fv2%2Fmedia&parent=8386"}],"wp:term":[{"taxonomy":"category","embeddable":true,"href":"https:\/\/dekkbi.com\/index.php?rest_route=%2Fwp%2Fv2%2Fcategories&post=8386"},{"taxonomy":"post_tag","embeddable":true,"href":"https:\/\/dekkbi.com\/index.php?rest_route=%2Fwp%2Fv2%2Ftags&post=8386"}],"curies":[{"name":"wp","href":"https:\/\/api.w.org\/{rel}","templated":true}]}}