{"id":8340,"date":"2023-03-09T12:32:47","date_gmt":"2023-03-09T12:32:47","guid":{"rendered":"https:\/\/dekkbi.com\/?p=8340"},"modified":"2023-03-09T12:32:48","modified_gmt":"2023-03-09T12:32:48","slug":"ecoulement-des-productions-agricoles-les-productrices-de-sedhiou-pleines-de-far","status":"publish","type":"post","link":"https:\/\/dekkbi.com\/?p=8340","title":{"rendered":"Ecoulement des productions agricoles: Les productrices de S\u00e9dhiou pleines de Far"},"content":{"rendered":"\n<p><strong>Le projet Far (Femmes et agricultures r\u00e9silientes), en collaboration avec l\u2019association les Amazones de S\u00e9dhiou, a r\u00e9fl\u00e9chi sur \u00abl\u2019acc\u00e8s des femmes et des jeunes aux march\u00e9s\u00bb, dans le cadre de la Journ\u00e9e internationale des droits des femmes.<\/strong><\/p>\n\n\n\n<p><strong>Par Seydou Tamba CISSE \u2013<\/strong> Le 8 mars est une date tr\u00e8s symbolique dans le calendrier des femmes. A S\u00e9dhiou, les femmes et les autorit\u00e9s de la ville se sont retrouv\u00e9es au terrain de handball de S\u00e9dhiou. Cette rencontre, au-del\u00e0 de c\u00e9l\u00e9brer la femme, a servi de tribune pour r\u00e9clamer l\u2019accompagnement des autorit\u00e9s, notamment pour leur acc\u00e8s aux march\u00e9s. Elles se sont pos\u00e9 une question pertinente pour coller au th\u00e8me de cette ann\u00e9e\u00a0: \u00abComment le num\u00e9rique peut \u00eatre un moyen efficace pour faciliter l\u2019\u00e9coulement des produits ?\u00bb \u00abL\u2019ann\u00e9e derni\u00e8re, nous avions fait focus sur l\u2019acc\u00e8s aux ressources productives, terre, l\u2019eau, etc. Et nous avons b\u00e9n\u00e9fici\u00e9 de 5 hectares de terre pour 5 Gie et le projet va les accompagner concernant la cl\u00f4ture, la mise en place de syst\u00e8mes d\u2019irrigation, les intrants, etc. Et ce sont des montants qui vont avoisiner les 50 millions F Cfa pour chaque p\u00e9rim\u00e8tre. Donc, avec cet accompagnement, vous allez imaginer la production importante qui va d\u00e9couler de ces investissements, et c\u2019est pourquoi nous avons choisi cette th\u00e9matique de faire le plaidoyer sur l\u2019acc\u00e8s aux march\u00e9s. Il faut d\u2019abord avoir la production, mais \u00e9galement il faut avoir acc\u00e8s aux march\u00e9s pour pouvoir \u00e9couler toute cette production-l\u00e0\u00bb, explique Nd\u00e8ye Soda Mboup, conseill\u00e8re en \u00e9galit\u00e9 femme et homme du projet Far (Femmes et agricultures r\u00e9silientes). Dans le m\u00eame sillage, les autorit\u00e9s de la ville ont demand\u00e9 aux femmes de recourir au num\u00e9rique pour effectuer la vente en ligne de leurs productions, la recherche de partenaires, de march\u00e9s, la promotion de leurs produits.<\/p>\n\n\n\n<p>Nd\u00e8ye Sira Traor\u00e9, pr\u00e9sidente de l\u2019association les Amazones de S\u00e9dhiou, s\u2019est indign\u00e9e contre le difficile acc\u00e8s des femmes aux machines agricoles et \u00e0 la terre. Alors que la r\u00e9gion de S\u00e9dhiou dispose de beaucoup de potentialit\u00e9s agricoles qui attirent les femmes. \u00abC\u2019est une opportunit\u00e9 qui nous est offerte pour montrer que les femmes travaillent dans la r\u00e9gion de S\u00e9dhiou, malgr\u00e9 qu\u2019elles cultivent les rizi\u00e8res mais n\u2019en sont pas propri\u00e9taires. Donc, elles n\u2019ont pas acc\u00e8s \u00e0 la terre, ni aux intrants, ni aux mat\u00e9riels d\u2019all\u00e9gement.\u00bb<\/p>\n","protected":false},"excerpt":{"rendered":"<p>Le projet Far (Femmes et agricultures r\u00e9silientes), en collaboration avec l\u2019association les Amazones de S\u00e9dhiou, a r\u00e9fl\u00e9chi sur \u00abl\u2019acc\u00e8s des<\/p>\n","protected":false},"author":1,"featured_media":8114,"comment_status":"open","ping_status":"open","sticky":false,"template":"","format":"standard","meta":{"footnotes":""},"categories":[3],"tags":[],"class_list":["post-8340","post","type-post","status-publish","format-standard","has-post-thumbnail","hentry","category-event-more-news"],"_links":{"self":[{"href":"https:\/\/dekkbi.com\/index.php?rest_route=\/wp\/v2\/posts\/8340","targetHints":{"allow":["GET"]}}],"collection":[{"href":"https:\/\/dekkbi.com\/index.php?rest_route=\/wp\/v2\/posts"}],"about":[{"href":"https:\/\/dekkbi.com\/index.php?rest_route=\/wp\/v2\/types\/post"}],"author":[{"embeddable":true,"href":"https:\/\/dekkbi.com\/index.php?rest_route=\/wp\/v2\/users\/1"}],"replies":[{"embeddable":true,"href":"https:\/\/dekkbi.com\/index.php?rest_route=%2Fwp%2Fv2%2Fcomments&post=8340"}],"version-history":[{"count":1,"href":"https:\/\/dekkbi.com\/index.php?rest_route=\/wp\/v2\/posts\/8340\/revisions"}],"predecessor-version":[{"id":8341,"href":"https:\/\/dekkbi.com\/index.php?rest_route=\/wp\/v2\/posts\/8340\/revisions\/8341"}],"wp:featuredmedia":[{"embeddable":true,"href":"https:\/\/dekkbi.com\/index.php?rest_route=\/wp\/v2\/media\/8114"}],"wp:attachment":[{"href":"https:\/\/dekkbi.com\/index.php?rest_route=%2Fwp%2Fv2%2Fmedia&parent=8340"}],"wp:term":[{"taxonomy":"category","embeddable":true,"href":"https:\/\/dekkbi.com\/index.php?rest_route=%2Fwp%2Fv2%2Fcategories&post=8340"},{"taxonomy":"post_tag","embeddable":true,"href":"https:\/\/dekkbi.com\/index.php?rest_route=%2Fwp%2Fv2%2Ftags&post=8340"}],"curies":[{"name":"wp","href":"https:\/\/api.w.org\/{rel}","templated":true}]}}