{"id":8338,"date":"2023-03-09T12:26:55","date_gmt":"2023-03-09T12:26:55","guid":{"rendered":"https:\/\/dekkbi.com\/?p=8338"},"modified":"2023-03-09T12:26:56","modified_gmt":"2023-03-09T12:26:56","slug":"communique-du-conseil-des-ministres-de-ce-mercredi-08-mars-2023","status":"publish","type":"post","link":"https:\/\/dekkbi.com\/?p=8338","title":{"rendered":"Communiqu\u00e9 du Conseil des Ministres de ce mercredi 08 mars 2023"},"content":{"rendered":"\n<h3 class=\"wp-block-heading\">Le Conseil des ministres s\u2019est tenu le mercredi 08 mars 2023 au Palais de la R\u00e9publique, sous la pr\u00e9sidence du Chef de l\u2019Etat, son Excellence, Monsieur Macky Sall.<\/h3>\n\n\n\n<p>A l\u2019entame de sa communication, le Pr\u00e9sident de la R\u00e9publique a salu\u00e9 le succ\u00e8s de sa tourn\u00e9e \u00e9conomique effectu\u00e9e du 27 f\u00e9vrier au 04 mars 2023, dans la r\u00e9gion de S\u00e9dhiou.<\/p>\n\n\n\n<p>Appr\u00e9ciant cette visite historique, dans la moyenne Casamance, le Chef de l\u2019Etat a r\u00e9it\u00e9r\u00e9 toutes ses f\u00e9licitations aux populations, aux autorit\u00e9s administratives, aux \u00e9lus, aux chefs religieux et coutumiers et \u00e0 l\u2019ensemble des forces vives de la r\u00e9gion qui s\u2019engagent, aux c\u00f4t\u00e9s de l\u2019Etat, pour la r\u00e9alisation, dans les d\u00e9lais, des d\u00e9cisions pr\u00e9sidentielles traduites dans le Programme d\u2019investissements prioritaires 2023-2025, valid\u00e9 pour un montant de 400 milliards de FCFA.<\/p>\n\n\n\n<p>Le Pr\u00e9sident de la R\u00e9publique a, ensuite, \u00e9voqu\u00e9 sa participation, le samedi 04 mars 2023, \u00e0 la c\u00e9r\u00e9monie d\u2019ouverture de l\u2019\u00e9dition 2023 du Daaka de M\u00e9dina Gounass.<\/p>\n\n\n\n<p>Le Chef de l\u2019Etat a tenu \u00e0 adresser ses vifs remerciements au Khalife, Thierno Amadou Tidiane BA, pour son accueil chaleureux et les pri\u00e8res formul\u00e9es avec les fid\u00e8les pour la paix, la stabilit\u00e9 et le progr\u00e8s \u00e9conomique et social du S\u00e9n\u00e9gal.<\/p>\n\n\n\n<p>Le Pr\u00e9sident de la R\u00e9publique a demand\u00e9 au Gouvernement de poursuivre les efforts consentis en mati\u00e8re d\u2019am\u00e9nagement et d\u2019\u00e9quipement de la commune de M\u00e9dina Gounass, collectivit\u00e9 territoriale qui connait un d\u00e9veloppement urbain acc\u00e9l\u00e9r\u00e9.<\/p>\n\n\n\n<p>Abordant la c\u00e9l\u00e9bration de la journ\u00e9e internationale des droits des femmes, le Pr\u00e9sident de la R\u00e9publique a saisi l\u2019occasion pour rendre un vibrant hommage aux femmes et r\u00e9affirm\u00e9 son attachement au bien-\u00eatre et \u00e0 la promotion des femmes et des jeunes filles.<\/p>\n\n\n\n<p>C\u2019est dans cet esprit de satisfaction et d\u2019encouragement que le Chef de l\u2019Etat a salu\u00e9 l\u2019organisation, le 07 mars 2023, sous sa pr\u00e9sidence, des premi\u00e8res assises nationales de l\u2019Entreprenariat f\u00e9minin et de l\u2019autonomisation \u00e9conomique des femmes.<\/p>\n\n\n\n<p>Le Pr\u00e9sident de la R\u00e9publique a particuli\u00e8rement f\u00e9licit\u00e9 Madame Fatou DIANE GUEYE, Ministre de la Femme, de la Famille et de la Protection des Enfants, et remerci\u00e9 les organisations f\u00e9minines, pour la mobilisation exceptionnelle et le plaidoyer collectif, acc\u00e9l\u00e9rant ainsi la dynamique d\u2019autonomisation \u00e9conomique des femmes.<\/p>\n\n\n\n<p>A cet effet, le Pr\u00e9sident de la R\u00e9publique a demand\u00e9 au Premier Ministre d\u2019examiner, avec diligence, les recommandations formul\u00e9es lors des assises, en vue du d\u00e9ploiement rapide de nouvelles mesures visant \u00e0 renforcer la place de la femme dans l\u2019\u00e9mergence du S\u00e9n\u00e9gal \u00e0 travers la consolidation d\u2019un entreprenariat f\u00e9minin solidaire, cr\u00e9ateur de richesse et d\u2019emplois.<\/p>\n\n\n\n<p>Poursuivant sa communication, le Chef de l\u2019Etat a insist\u00e9 sur la protection des consommateurs et la qualit\u00e9 de la consommation.<\/p>\n\n\n\n<p>A cet \u00e9gard, il a demand\u00e9 au Gouvernement de veiller \u00e0 l\u2019application rigoureuse, sur les march\u00e9s, des prix homologu\u00e9s. Dans le m\u00eame \u00e9lan, le Chef de l\u2019Etat a invit\u00e9 le Premier Ministre \u00e0 pr\u00e9senter une premi\u00e8re \u00e9valuation de la mise en \u0153uvre de la Strat\u00e9gie nationale de lutte contre la vie ch\u00e8re avec les diff\u00e9rentes mesures consensuelles arr\u00eat\u00e9es \u00e0 l\u2019issue des concertations nationales consacr\u00e9es par un Conseil pr\u00e9sidentiel.<\/p>\n\n\n\n<p>Saisissant le contexte du car\u00eame et l\u2019av\u00e8nement prochain du mois du Ramadan, le Pr\u00e9sident de la R\u00e9publique a demand\u00e9 au Gouvernement de veiller \u00e0 l\u2019approvisionnement correct des march\u00e9s en denr\u00e9es et produits essentiels (sucre, lait, riz, farine, huile.), et d\u2019\u00e9viter toute sp\u00e9culation sur les prix.<\/p>\n\n\n\n<p>En perspective de la c\u00e9l\u00e9bration, le 15 mars, de la Journ\u00e9e mondiale des droits des Consommateurs, le Chef de l\u2019Etat f\u00e9licite toutes les associations de consommateurs et magnifie leur contribution d\u00e9terminante \u00e0 la bonne appropriation des politiques publiques.<\/p>\n\n\n\n<p>Abordant le climat social et le suivi des affaires int\u00e9rieures, le Pr\u00e9sident de la R\u00e9publique a insist\u00e9 sur les sujets suivants :<\/p>\n\n\n\n<p>1. la r\u00e9vision exceptionnelle des listes \u00e9lectorales : en demandant au Ministre de l\u2019Int\u00e9rieur, Ministre charg\u00e9 des \u00e9lections, d\u2019accomplir, conform\u00e9ment au d\u00e9cret n\u00b0 2023- 464 du 07 mars 2023, toutes les diligences n\u00e9cessaires au bon d\u00e9roulement de la r\u00e9vision exceptionnelle des listes \u00e9lectorales en vue de l\u2019\u00e9lection pr\u00e9sidentielle du 25 f\u00e9vrier 2024, sur l\u2019\u00e9tendue du territoire national et \u00e0 l\u2019\u00e9tranger pour le vote des s\u00e9n\u00e9galais de l\u2019ext\u00e9rieur;<\/p>\n\n\n\n<p>2. la qualification des Lions U 20 \u00e0 la finale de la Coupe d\u2019Afrique des Nations \u00e9dition 2023 qui se d\u00e9roule en Egypte : en f\u00e9licitant le Ministre des Sports, la F\u00e9d\u00e9ration S\u00e9n\u00e9galaise de Football, les joueurs de l\u2019\u00e9quipe nationale et leur encadrement pour la brillante qualification du S\u00e9n\u00e9gal \u00e0 la phase ultime de cette comp\u00e9tition.<\/p>\n\n\n\n<p>Dans sa communication, le Premier Ministre est revenu sur le suivi de la coordination de l\u2019activit\u00e9 gouvernementale en \u00e9voquant :<br>\u2022 l\u2019\u00e9valuation des recommandations des assises nationales de l\u2019Entreprenariat f\u00e9minin et de l\u2019Autonomisation \u00e9conomique des femmes ;<br>\u2022 l\u2019\u00e9tat d\u2019ex\u00e9cution des engagements issus des Conseils des ministres d\u00e9localis\u00e9s \u00e0 Tambacounda et \u00e0 Thi\u00e8s ;<br>\u2022 la r\u00e9union avec les syndicats de la sant\u00e9.<br><strong><br>AU TITRE DES COMMUNICATIONS DES MINISTRES<\/strong><\/p>\n\n\n\n<p>\u2022 le Ministre des Affaires \u00e9trang\u00e8res et des S\u00e9n\u00e9galais de l\u2019Ext\u00e9rieur a fait une communication sur la situation internationale ;<\/p>\n\n\n\n<p>\u2022 le Ministre de l\u2019Agriculture, de l\u2019Equipement rural et de la Souverainet\u00e9 alimentaire a fait une communication sur la campagne de commercialisation agricole ;<\/p>\n\n\n\n<p>\u2022 le Ministre de la Femme, de la Famille et de la Protection des Enfants a fait une communication sur la journ\u00e9e internationale des droits des femmes et les recommandations des assises nationales de l\u2019Entreprenariat f\u00e9minin et de l\u2019autonomisation \u00e9conomique des femmes.<\/p>\n\n\n\n<p><strong>AU TITRE DES TEXTES LEGISLATIFS ET REGLEMENTAIRES<\/strong><\/p>\n\n\n\n<p>\u2022 le projet de loi portant sur le contr\u00f4le des laboratoires d\u2019essais et d\u2019\u00e9tudes dans le secteur du b\u00e2timent et des travaux publics (BTP) ;<\/p>\n\n\n\n<p>\u2022 le projet de d\u00e9cret fixant les r\u00e8gles d\u2019organisation et de fonctionnement de l\u2019Office national de l\u2019Assainissement du S\u00e9n\u00e9gal (ONAS) ;<\/p>\n\n\n\n<p>\u2022 le projet de d\u00e9cret fixant les r\u00e8gles d\u2019organisation et de fonctionnement de l\u2019Office des Lacs et Cours d\u2019eau (OLAC) ;<\/p>\n\n\n\n<p>\u2022 le projet de d\u00e9cret portant cr\u00e9ation de la Tr\u00e9sorerie Paierie r\u00e9gionale de S\u00e9dhiou ;<br>\u2022 le projet de d\u00e9cret portant cr\u00e9ation de la Tr\u00e9sorerie Paierie r\u00e9gionale de Tambacounda ;<br>\u2022 le projet de d\u00e9cret portant cr\u00e9ation de la Tr\u00e9sorerie Paierie r\u00e9gionale de Matam ;<br>\u2022 le projet de d\u00e9cret portant cr\u00e9ation de la Tr\u00e9sorerie Paierie r\u00e9gionale de Kaffrine.<\/p>\n\n\n\n<p><strong>AU TITRE DES MESURES INDIVIDUELLES<\/strong><\/p>\n\n\n\n<p><strong>Le Pr\u00e9sident de la R\u00e9publique a pris les d\u00e9cisions suivantes :<\/strong><\/p>\n\n\n\n<p><strong>\u2022 Madame Mame Diarra DIOUF,&nbsp;<\/strong>Sp\u00e9cialiste en Marketing et gestion commerciale, est nomm\u00e9e Directeur des Loisirs, en remplacement de Madame Astou BEYE, appel\u00e9e \u00e0 d\u2019autres fonctions ;<\/p>\n\n\n\n<p><strong>\u2022 Madame Nicole Olga Edith MANSIS,<\/strong>&nbsp;Ing\u00e9nieur, pr\u00e9c\u00e9demment Conseiller technique au Cabinet du Ministre de la Microfinance et de l\u2019Economie sociale et solidaire, est nomm\u00e9e Directeur g\u00e9n\u00e9ral du Fonds National de la Microfinance, en remplacement de Monsieur Amadou Boudia GUEYE, appel\u00e9 \u00e0 d\u2019autres fonctions ;<\/p>\n\n\n\n<p><strong>\u2022 Monsieur Mohamet DIOP,<\/strong>&nbsp;Docteur en Economie, est nomm\u00e9 Directeur des Strat\u00e9gies et de la Prospective au Minist\u00e8re de la Microfinance et de l\u2019Economie sociale et solidaire;<\/p>\n\n\n\n<p><strong>\u2022 Monsieur Amadou Aliou SARR<\/strong>, Expert en Microfinance, est nomm\u00e9 Directeur de la Microfinance et de l\u2019Inclusion financi\u00e8re ;<\/p>\n\n\n\n<p><strong>\u2022 Monsieur Ousmane SALL,<\/strong>&nbsp;Enseignant Chercheur, est nomm\u00e9 Professeur titulaire, sp\u00e9cialit\u00e9 informatique : option Web s\u00e9mantique \u00e0 l\u2019Universit\u00e9 num\u00e9rique Cheikh Hamidou KANE.<\/p>\n\n\n\n<p><strong>Fait \u00e0 Dakar, le mercredi 08 mars 2023<br><br>Par le Ministre du Commerce, de la Consommation et<br>des Petites et Moyennes Entreprises, Porte-parole du Gouvernement<br>Abdou Karim FOFANA<\/strong><\/p>\n","protected":false},"excerpt":{"rendered":"<p>Le Conseil des ministres s\u2019est tenu le mercredi 08 mars 2023 au Palais de la R\u00e9publique, sous la pr\u00e9sidence du<\/p>\n","protected":false},"author":1,"featured_media":0,"comment_status":"open","ping_status":"open","sticky":false,"template":"","format":"standard","meta":{"footnotes":""},"categories":[6],"tags":[],"class_list":["post-8338","post","type-post","status-publish","format-standard","hentry","category-politics"],"_links":{"self":[{"href":"https:\/\/dekkbi.com\/index.php?rest_route=\/wp\/v2\/posts\/8338","targetHints":{"allow":["GET"]}}],"collection":[{"href":"https:\/\/dekkbi.com\/index.php?rest_route=\/wp\/v2\/posts"}],"about":[{"href":"https:\/\/dekkbi.com\/index.php?rest_route=\/wp\/v2\/types\/post"}],"author":[{"embeddable":true,"href":"https:\/\/dekkbi.com\/index.php?rest_route=\/wp\/v2\/users\/1"}],"replies":[{"embeddable":true,"href":"https:\/\/dekkbi.com\/index.php?rest_route=%2Fwp%2Fv2%2Fcomments&post=8338"}],"version-history":[{"count":1,"href":"https:\/\/dekkbi.com\/index.php?rest_route=\/wp\/v2\/posts\/8338\/revisions"}],"predecessor-version":[{"id":8339,"href":"https:\/\/dekkbi.com\/index.php?rest_route=\/wp\/v2\/posts\/8338\/revisions\/8339"}],"wp:attachment":[{"href":"https:\/\/dekkbi.com\/index.php?rest_route=%2Fwp%2Fv2%2Fmedia&parent=8338"}],"wp:term":[{"taxonomy":"category","embeddable":true,"href":"https:\/\/dekkbi.com\/index.php?rest_route=%2Fwp%2Fv2%2Fcategories&post=8338"},{"taxonomy":"post_tag","embeddable":true,"href":"https:\/\/dekkbi.com\/index.php?rest_route=%2Fwp%2Fv2%2Ftags&post=8338"}],"curies":[{"name":"wp","href":"https:\/\/api.w.org\/{rel}","templated":true}]}}