{"id":8335,"date":"2023-03-09T12:17:46","date_gmt":"2023-03-09T12:17:46","guid":{"rendered":"https:\/\/dekkbi.com\/?p=8335"},"modified":"2023-03-09T12:17:47","modified_gmt":"2023-03-09T12:17:47","slug":"mesures-contre-la-vie-chere-macky-reclame-un-bilan","status":"publish","type":"post","link":"https:\/\/dekkbi.com\/?p=8335","title":{"rendered":"Mesures contre la vie ch\u00e8re: Macky r\u00e9clame un bilan"},"content":{"rendered":"\n<p><strong>Le Pr\u00e9sident Macky Sall attend du Premier ministre, Amadou Ba, la premi\u00e8re \u00e9valuation de la mise en \u0153uvre de la Strat\u00e9gie nationale de lutte contre la vie ch\u00e8re, avec les diff\u00e9rentes mesures consensuelles arr\u00eat\u00e9es \u00e0 l\u2019issue des concertations nationales consacr\u00e9es par un Conseil pr\u00e9sidentiel.<\/strong><\/p>\n\n\n\n<p><strong>Par D. FAYE<\/strong>\u00a0\u2013 Apr\u00e8s quatre mois de mise en \u0153uvre des mesures consensuelles arr\u00eat\u00e9es contre la vie ch\u00e8re, le chef de l\u2019Etat demande \u00e0 son gouvernement de passer au bilan \u00e0 mi-parcours. En r\u00e9union de Conseil des ministres hier, le Pr\u00e9sident Macky Sall \u00aba invit\u00e9 le Premier ministre \u00e0 pr\u00e9senter une premi\u00e8re \u00e9valuation de la mise en \u0153uvre de la Strat\u00e9gie nationale de lutte contre la vie ch\u00e8re, avec les diff\u00e9rentes mesures consensuelles arr\u00eat\u00e9es \u00e0 l\u2019issue des concertations nationales consacr\u00e9es par un Conseil pr\u00e9sidentiel\u00bb.<br>Le pr\u00e9sident de la R\u00e9publique avait pris 11 d\u00e9cisions applicables en 55 mesures pour all\u00e9ger les souffrances des populations. Ainsi, les prix de beaucoup de denr\u00e9es de premi\u00e8re n\u00e9cessit\u00e9 ont \u00e9t\u00e9 revus \u00e0 la baisse. Par exemple, le kg du riz bris\u00e9 100% indien a connu une baisse de 50 francs Cfa. Le litre d\u2019huile est pass\u00e9 de 1200 francs \u00e0 1100 francs Cfa, soit une baisse de 100 francs Cfa sur le litre. Pour le sucre, le prix du kg est pass\u00e9 de 600 \u00e0 575 francs, soit une baisse de 25 francs.\u00a0Concernant l\u2019oignon local, le prix du kg a \u00e9t\u00e9 ramen\u00e9 \u00e0 400 francs Cfa, contre 500 francs Cfa, soit une baisse de 100 francs, tandis que le prix de l\u2019oignon import\u00e9 a connu une baisse de 200 francs Cfa car le kg est pass\u00e9 de 700 francs \u00e0 500 francs Cfa. Le prix de la pomme de terre locale a enregistr\u00e9 la m\u00eame baisse. De 600 francs, le kilogramme a chut\u00e9 \u00e0 400 francs Cfa. Insistant sur la protection des consommateurs et la qualit\u00e9 de la consommation, Macky Sall a demand\u00e9 au gouvernement de veiller \u00e0 l\u2019application rigoureuse, sur les march\u00e9s, de ces prix homologu\u00e9s. Saisissant le contexte du Car\u00eame et l\u2019av\u00e8nement prochain du mois de Ramadan, le pr\u00e9sident de la R\u00e9publique a demand\u00e9 au gouvernement de veiller \u00e0 l\u2019approvisionnement correct des march\u00e9s en denr\u00e9es et produits essentiels (sucre, lait, riz, farine, huile.), et d\u2019\u00e9viter toute sp\u00e9culation sur les prix. En perspective de la c\u00e9l\u00e9bration, le 15 mars, de la Journ\u00e9e mondiale des droits des consommateurs, il f\u00e9licite toutes les associations de consommateurs et magnifie leur contribution d\u00e9terminante \u00e0 la bonne appropriation des politiques publiques.<\/p>\n\n\n\n<p><br><strong>dialigue@lequotidien.sn<\/strong><\/p>\n","protected":false},"excerpt":{"rendered":"<p>Le Pr\u00e9sident Macky Sall attend du Premier ministre, Amadou Ba, la premi\u00e8re \u00e9valuation de la mise en \u0153uvre de la<\/p>\n","protected":false},"author":1,"featured_media":8336,"comment_status":"open","ping_status":"open","sticky":false,"template":"","format":"standard","meta":{"footnotes":""},"categories":[3],"tags":[],"class_list":["post-8335","post","type-post","status-publish","format-standard","has-post-thumbnail","hentry","category-event-more-news"],"_links":{"self":[{"href":"https:\/\/dekkbi.com\/index.php?rest_route=\/wp\/v2\/posts\/8335","targetHints":{"allow":["GET"]}}],"collection":[{"href":"https:\/\/dekkbi.com\/index.php?rest_route=\/wp\/v2\/posts"}],"about":[{"href":"https:\/\/dekkbi.com\/index.php?rest_route=\/wp\/v2\/types\/post"}],"author":[{"embeddable":true,"href":"https:\/\/dekkbi.com\/index.php?rest_route=\/wp\/v2\/users\/1"}],"replies":[{"embeddable":true,"href":"https:\/\/dekkbi.com\/index.php?rest_route=%2Fwp%2Fv2%2Fcomments&post=8335"}],"version-history":[{"count":1,"href":"https:\/\/dekkbi.com\/index.php?rest_route=\/wp\/v2\/posts\/8335\/revisions"}],"predecessor-version":[{"id":8337,"href":"https:\/\/dekkbi.com\/index.php?rest_route=\/wp\/v2\/posts\/8335\/revisions\/8337"}],"wp:featuredmedia":[{"embeddable":true,"href":"https:\/\/dekkbi.com\/index.php?rest_route=\/wp\/v2\/media\/8336"}],"wp:attachment":[{"href":"https:\/\/dekkbi.com\/index.php?rest_route=%2Fwp%2Fv2%2Fmedia&parent=8335"}],"wp:term":[{"taxonomy":"category","embeddable":true,"href":"https:\/\/dekkbi.com\/index.php?rest_route=%2Fwp%2Fv2%2Fcategories&post=8335"},{"taxonomy":"post_tag","embeddable":true,"href":"https:\/\/dekkbi.com\/index.php?rest_route=%2Fwp%2Fv2%2Ftags&post=8335"}],"curies":[{"name":"wp","href":"https:\/\/api.w.org\/{rel}","templated":true}]}}