{"id":8325,"date":"2023-03-09T11:33:41","date_gmt":"2023-03-09T11:33:41","guid":{"rendered":"https:\/\/dekkbi.com\/?p=8325"},"modified":"2023-03-09T11:33:42","modified_gmt":"2023-03-09T11:33:42","slug":"la-bombe-lachee-par-kylian-mbappe-affole-deja-le-real-madrid-et-lespagne","status":"publish","type":"post","link":"https:\/\/dekkbi.com\/?p=8325","title":{"rendered":"La bombe l\u00e2ch\u00e9e par Kylian Mbapp\u00e9 affole d\u00e9j\u00e0 le Real Madrid et l\u2019Espagne"},"content":{"rendered":"\n<h2 class=\"wp-block-heading\">(Footmercato)- Apr\u00e8s l\u2019\u00e9limination du PSG, l\u2019avenir de Kylian Mbapp\u00e9 est relanc\u00e9. En Espagne, on lui ouvre d\u00e9j\u00e0 la porte.<\/h2>\n\n\n\n<p>Kylian Mbapp\u00e9 \u00e9tait attendu hier soir. Apr\u00e8s sa belle entr\u00e9e au match aller, le Fran\u00e7ais \u00e9tait particuli\u00e8rement craint par les Bavarois. Mais Julian Nagelsmann avait promis qu\u2019il avait un plan pour stopper KM7. Et il a visiblement fonctionn\u00e9 puisque l\u2019attaquant n\u2019a pas vraiment \u00e9t\u00e9 brillant hier soir.\u00a0La R\u00e9daction FM lui a d\u2019ailleurs attribu\u00e9 un 3 pour sa prestation sans saveur il faut le reconna\u00eetre. Pass\u00e9 \u00e0 c\u00f4t\u00e9 de son match, le champion du monde 2018 est ensuite venu s\u2019exprimer face aux journalistes. Et forc\u00e9ment, son avenir a \u00e9t\u00e9 de nouveau \u00e9voqu\u00e9.<\/p>\n\n\n\n<h3 class=\"wp-block-heading\">Un avenir relanc\u00e9 ?<\/h3>\n\n\n\n<p><em>\u00ab Non, non non (il ne reconsid\u00e8re pas son avenir au PSG), je suis tranquille. La seule chose qui m\u2019importe cette saison, c\u2019est de gagner le championnat, et apr\u00e8s on verra.\u00bb<\/em>\u00a0Une d\u00e9claration qui met le feu en Espagne, o\u00f9 son cas est toujours suivi de tr\u00e8s pr\u00e8s depuis qu\u2019il a refus\u00e9 de signer au Real Madrid pour rester au\u00a0PSG\u00a0l\u2019\u00e9t\u00e9 dernier. Ce jeudi, Marca lui r\u00e9serve d\u2019ailleurs sa Une avec le message suivant :\u00a0<em>\u00ab\u00a0si tu veux gagner la Ligue des champions, tu sais d\u00e9j\u00e0\u2026\u00a0\u00bb<\/em>\u00a0Une r\u00e9f\u00e9rence claire et pr\u00e9cise au Real Madrid, habitu\u00e9 \u00e0 aller loin dans cette comp\u00e9tition et \u00e0 la gagner.<\/p>\n\n\n\n<p>Le quotidien espagnol se questionne ensuite : une autre d\u00e9ception en\u00a0Ligue des Champions.\u00a0<em>\u00abJusqu\u2019\u00e0 quand ? (\u2026) En mai dernier,\u00a0Kylian Mbapp\u00e9\u00a0a prolong\u00e9 avec le Paris Saint-Germain en plantant le Real Madrid. Dans ce maillot qu\u2019il portait avec Nasser Al-Khelaifi, l\u2019ann\u00e9e 2025 \u00e9tait marqu\u00e9e. Mais maintenant, l\u2019attaquant fran\u00e7ais doit d\u00e9cider si son contrat se prolonge vraiment jusqu\u2019en 2025 ou non.\u00bb<\/em>\u00a0<em>Sport<\/em>\u00a0a aussi \u00e9voqu\u00e9 le sujet.\u00a0<em>\u00ab\u00a0Mbapp\u00e9 l\u00e2che une bombe : on verra\u00a0\u00bb<\/em>, \u00e9crit le m\u00e9dia catalan avant d\u2019en dire plus.<\/p>\n\n\n\n<h3 class=\"wp-block-heading\">KM7 va devoir trancher<\/h3>\n\n\n\n<p><em>\u00abApr\u00e8s la d\u00e9cevante d\u00e9faite du PSG \u00e0 l\u2019Allianz Arena contre le Bayern 2-0 en huiti\u00e8me de finale retour de Ligue des champions, qui signifie un nouveau flop pour le m\u00e9ga-projet parisien, Mbapp\u00e9 a l\u00e2ch\u00e9 la bombe. Les projecteurs \u00e9taient braqu\u00e9s sur lui et sa r\u00e9action. Et, malgr\u00e9 le fait qu\u2019il y a quelques jours, il a dit qu\u2019il resterait, il a de nouveau entretenu le flou.\u00bb<\/em>&nbsp;<em>Defensa Central<\/em>&nbsp;estime que cette nouvelle d\u00e9sillusion va profiter au Real Madrid, qui n\u2019a jamais ferm\u00e9 la porte au Fran\u00e7ais.<\/p>\n\n\n\n<p>Le m\u00e9dia ib\u00e9rique ajoute :&nbsp;<em>\u00abau Real Madrid, ils n\u2019ont pas quitt\u00e9 des yeux le match de Ligue des champions entre le Bayern et le PSG en raison de la relation importante entre celui-ci et l\u2019avenir de Mbapp\u00e9, toujours li\u00e9 d\u2019une mani\u00e8re ou d\u2019une autre \u00e0 la maison blanche.\u00bb<\/em>&nbsp;Enfin, le cas Mbapp\u00e9 a \u00e9t\u00e9 trait\u00e9 dans l\u2019\u00e9mission&nbsp;<em>El Chiringuito<\/em>. L\u00e0-bas, on estime que le PSG ne le laissera pas s\u2019en aller. Apr\u00e8s cette nouvelle d\u00e9convenue en Ligue des Champions, Kylian Mbapp\u00e9, plac\u00e9 au centre du projet, va devoir une nouvelle fois composer avec les rumeurs entourant son avenir.<\/p>\n","protected":false},"excerpt":{"rendered":"<p>(Footmercato)- Apr\u00e8s l\u2019\u00e9limination du PSG, l\u2019avenir de Kylian Mbapp\u00e9 est relanc\u00e9. En Espagne, on lui ouvre d\u00e9j\u00e0 la porte. Kylian<\/p>\n","protected":false},"author":1,"featured_media":2101,"comment_status":"open","ping_status":"open","sticky":false,"template":"","format":"standard","meta":{"footnotes":""},"categories":[9],"tags":[],"class_list":["post-8325","post","type-post","status-publish","format-standard","has-post-thumbnail","hentry","category-sports"],"_links":{"self":[{"href":"https:\/\/dekkbi.com\/index.php?rest_route=\/wp\/v2\/posts\/8325","targetHints":{"allow":["GET"]}}],"collection":[{"href":"https:\/\/dekkbi.com\/index.php?rest_route=\/wp\/v2\/posts"}],"about":[{"href":"https:\/\/dekkbi.com\/index.php?rest_route=\/wp\/v2\/types\/post"}],"author":[{"embeddable":true,"href":"https:\/\/dekkbi.com\/index.php?rest_route=\/wp\/v2\/users\/1"}],"replies":[{"embeddable":true,"href":"https:\/\/dekkbi.com\/index.php?rest_route=%2Fwp%2Fv2%2Fcomments&post=8325"}],"version-history":[{"count":1,"href":"https:\/\/dekkbi.com\/index.php?rest_route=\/wp\/v2\/posts\/8325\/revisions"}],"predecessor-version":[{"id":8326,"href":"https:\/\/dekkbi.com\/index.php?rest_route=\/wp\/v2\/posts\/8325\/revisions\/8326"}],"wp:featuredmedia":[{"embeddable":true,"href":"https:\/\/dekkbi.com\/index.php?rest_route=\/wp\/v2\/media\/2101"}],"wp:attachment":[{"href":"https:\/\/dekkbi.com\/index.php?rest_route=%2Fwp%2Fv2%2Fmedia&parent=8325"}],"wp:term":[{"taxonomy":"category","embeddable":true,"href":"https:\/\/dekkbi.com\/index.php?rest_route=%2Fwp%2Fv2%2Fcategories&post=8325"},{"taxonomy":"post_tag","embeddable":true,"href":"https:\/\/dekkbi.com\/index.php?rest_route=%2Fwp%2Fv2%2Ftags&post=8325"}],"curies":[{"name":"wp","href":"https:\/\/api.w.org\/{rel}","templated":true}]}}