{"id":8295,"date":"2023-03-08T15:55:14","date_gmt":"2023-03-08T15:55:14","guid":{"rendered":"https:\/\/dekkbi.com\/?p=8295"},"modified":"2023-03-08T15:55:15","modified_gmt":"2023-03-08T15:55:15","slug":"forum-invest-in-senegal-amadou-ba-lance-la-campagne-de-mobilisation","status":"publish","type":"post","link":"https:\/\/dekkbi.com\/?p=8295","title":{"rendered":"Forum Invest in S\u00e9n\u00e9gal: Amadou Ba lance la campagne de mobilisation"},"content":{"rendered":"\n<p>Le Premier ministre Amadou Ba lance ce jeudi une campagne de mobilisation du prochain Forum Invest in S\u00e9n\u00e9gal pr\u00e9vu en juillet. Cet \u00e9v\u00e9nement organis\u00e9 par l\u2019Agence Nationale pour la Promotion des Investissements et des Grands Travaux (APIX-SA) sera un moment pour le Gouvernement d\u2019inciter les investisseurs \u00e0 s\u2019int\u00e9resser aux opportunit\u00e9s offertes par notre pays. \u00ab Investir au S\u00e9n\u00e9gal, c\u2019est pousser les portes de l\u2019Afrique par la pointe la plus occidentale du continent en acc\u00e9dant aux march\u00e9s africains et plus loin, aux march\u00e9s europ\u00e9ens, am\u00e9ricains et asiatiques.<\/p>\n\n\n\n<p>Investir au S\u00e9n\u00e9gal, c\u2019est d\u00e9couvrir une terre d\u2019opportunit\u00e9s car chaque r\u00e9gion rec\u00e8le des richesses, d\u2019hommes et de femmes qualifi\u00e9s qui facilitent l\u2019investissement dans les niches croissantes de l\u2019\u00e9conomie mondiale : agriculture, exploitation mini\u00e8re, gazi\u00e8re et p\u00e9troli\u00e8re, industrie, \u00e9conomie num\u00e9rique, tourisme, transport, p\u00eache, aquaculture\u2026 Investir au S\u00e9n\u00e9gal, c\u2019est rencontrer un peuple accueillant qui garantit la libert\u00e9 d\u2019affaires et la qualit\u00e9 de vie. L\u2019engagement au quotidien du gouvernement sous l\u2019impulsion de S.E.M Macky Sall, Pr\u00e9sident de la R\u00e9publique du S\u00e9n\u00e9gal, est de cr\u00e9er les meilleures conditions d\u2019affaires pour les entreprises et les accompagner dans la r\u00e9alisation de tous leurs projets.<\/p>\n\n\n\n<p>Cette volont\u00e9 de rendre le S\u00e9n\u00e9gal comp\u00e9titif sur le plan international, repose en partie sur l\u2019organisation de lieux de rencontres et d\u2019\u00e9changes entre les acteurs \u00e9conomiques locaux, notamment du secteur priv\u00e9, et les investisseurs nationaux et internationaux \u00bb lit-on dans la note de cadrage des services du Dg de l\u2019Apix, Abdoulaye Bald\u00e9.<\/p>\n\n\n\n<p>Nd\u00e8ye Fatou K\u00e9b\u00e9 &#8211; LERAL<\/p>\n","protected":false},"excerpt":{"rendered":"<p>Le Premier ministre Amadou Ba lance ce jeudi une campagne de mobilisation du prochain Forum Invest in S\u00e9n\u00e9gal pr\u00e9vu en<\/p>\n","protected":false},"author":1,"featured_media":4425,"comment_status":"open","ping_status":"open","sticky":false,"template":"","format":"standard","meta":{"footnotes":""},"categories":[6],"tags":[],"class_list":["post-8295","post","type-post","status-publish","format-standard","has-post-thumbnail","hentry","category-politics"],"_links":{"self":[{"href":"https:\/\/dekkbi.com\/index.php?rest_route=\/wp\/v2\/posts\/8295","targetHints":{"allow":["GET"]}}],"collection":[{"href":"https:\/\/dekkbi.com\/index.php?rest_route=\/wp\/v2\/posts"}],"about":[{"href":"https:\/\/dekkbi.com\/index.php?rest_route=\/wp\/v2\/types\/post"}],"author":[{"embeddable":true,"href":"https:\/\/dekkbi.com\/index.php?rest_route=\/wp\/v2\/users\/1"}],"replies":[{"embeddable":true,"href":"https:\/\/dekkbi.com\/index.php?rest_route=%2Fwp%2Fv2%2Fcomments&post=8295"}],"version-history":[{"count":1,"href":"https:\/\/dekkbi.com\/index.php?rest_route=\/wp\/v2\/posts\/8295\/revisions"}],"predecessor-version":[{"id":8296,"href":"https:\/\/dekkbi.com\/index.php?rest_route=\/wp\/v2\/posts\/8295\/revisions\/8296"}],"wp:featuredmedia":[{"embeddable":true,"href":"https:\/\/dekkbi.com\/index.php?rest_route=\/wp\/v2\/media\/4425"}],"wp:attachment":[{"href":"https:\/\/dekkbi.com\/index.php?rest_route=%2Fwp%2Fv2%2Fmedia&parent=8295"}],"wp:term":[{"taxonomy":"category","embeddable":true,"href":"https:\/\/dekkbi.com\/index.php?rest_route=%2Fwp%2Fv2%2Fcategories&post=8295"},{"taxonomy":"post_tag","embeddable":true,"href":"https:\/\/dekkbi.com\/index.php?rest_route=%2Fwp%2Fv2%2Ftags&post=8295"}],"curies":[{"name":"wp","href":"https:\/\/api.w.org\/{rel}","templated":true}]}}