{"id":8290,"date":"2023-03-08T13:43:11","date_gmt":"2023-03-08T13:43:11","guid":{"rendered":"https:\/\/dekkbi.com\/?p=8290"},"modified":"2023-03-08T13:43:12","modified_gmt":"2023-03-08T13:43:12","slug":"lue-veut-faire-le-plein-dobus-pour-lukraine","status":"publish","type":"post","link":"https:\/\/dekkbi.com\/?p=8290","title":{"rendered":"L&rsquo;UE veut faire le plein d&rsquo;obus pour l&rsquo;Ukraine"},"content":{"rendered":"\n<p><a href=\"https:\/\/www.addthis.com\/bookmark.php?v=300\"><\/a><a href=\"https:\/\/www.addthis.com\/bookmark.php?v=300\"><\/a><a rel=\"noreferrer noopener\" href=\"https:\/\/www.addthis.com\/bookmark.php?v=300\" target=\"_blank\"><\/a><a rel=\"noreferrer noopener\" href=\"https:\/\/www.addthis.com\/bookmark.php?v=300\" target=\"_blank\"><\/a>\u00ab\u00a0Activer le mode \u00e9conomie de guerre\u00a0\u00bb: les ministres de la D\u00e9fense de l&rsquo;Union europ\u00e9enne peaufinent mercredi un plan de livraisons \u00e0 l&rsquo;Ukraine d&rsquo;obus et de munitions, malgr\u00e9 des stocks sous pression, avec un premier volet d&rsquo;urgence \u00e0 un milliard d&rsquo;euros.<\/p>\n\n\n\n<p>L&rsquo;arm\u00e9e ukrainienne, qui en tire des milliers chaque jour pour repousser l&rsquo;envahisseur russe, fait face \u00e0 un manque criant d&rsquo;obus de 155mm pour ses canons, ont mis en garde ces derni\u00e8res semaines Kiev et ses soutiens occidentaux.<\/p>\n\n\n\n<p>Les ministres, r\u00e9unis \u00e0 Stockholm ce mercredi en pr\u00e9sence du secr\u00e9taire g\u00e9n\u00e9ral de l&rsquo;Otan Jens Stoltenberg et de leur homologue ukrainien Oleksi\u00ef Reznikov, doivent plancher sur un plan en trois volets.<\/p>\n\n\n\n<p>\u00ab\u00a0Notre priorit\u00e9 num\u00e9ro un ce sont des syst\u00e8mes de d\u00e9fense a\u00e9rienne, ainsi que des munitions, des munitions, et encore des munitions\u00a0\u00bb, a d\u00e9clar\u00e9 \u00e0 la presse le repr\u00e9sentant de Kiev \u00e0 son arriv\u00e9e.<\/p>\n\n\n\n<p>L&rsquo;objectif est d&rsquo;avancer pour une adoption le 20 mars lors d&rsquo;une r\u00e9union des chefs de la diplomatie europ\u00e9enne, alors que l&rsquo;arm\u00e9e ukrainienne est menac\u00e9e d&rsquo;encerclement sur le point chaud de Bakhmut, dans l&rsquo;Est du pays.<\/p>\n\n\n\n<p>Fond\u00e9 sur des gros achats communs pour rassurer les industriels sur la p\u00e9rennit\u00e9 des commandes, le projet vise \u00e0 la fois \u00e0 r\u00e9pondre aux besoins imm\u00e9diats de Kiev et \u00e0 doper les capacit\u00e9s de l&rsquo;industrie de d\u00e9fense europ\u00e9enne \u00e0 plus long terme.<\/p>\n\n\n\n<p>Le premier volet, con\u00e7u par les diplomates de l&rsquo;UE, vise \u00e0 utiliser un milliard d&rsquo;euros puis\u00e9 dans la Facilit\u00e9 europ\u00e9enne pour la paix (FEP), afin de livrer d&rsquo;ici quelques semaines des obus en stocks dans les arm\u00e9es des Etats membres.<\/p>\n\n\n\n<p>Les alli\u00e9s europ\u00e9ens de l&rsquo;Ukraine ont d\u00e9j\u00e0 abondamment puis\u00e9 dans leurs stocks militaires, avec un soutien chiffr\u00e9 \u00e0 12 milliards d&rsquo;euros dont 3,6 milliards provenant de la FEP.<\/p>\n\n\n\n<p>&#8211; Haute intensit\u00e9 &#8211;<\/p>\n\n\n\n<p>Selon des responsables europ\u00e9ens, il y a encore suffisamment d&rsquo;obus de 155 mm en stock pour ne pas mettre les pays de l&rsquo;UE en danger. Mais les ministres de la d\u00e9fense doivent faire un \u00e9tat des lieux.<\/p>\n\n\n\n<p>\u00ab\u00a0Je ne sais pas quel est le niveau des stocks, c&rsquo;est pour cela que nous sommes ici ensemble\u00a0\u00bb, a \u00e9lud\u00e9 le chef de la diplomatie europ\u00e9enne Josep Borell, sur ce sujet hautement sensible.<\/p>\n\n\n\n<p>Le plan sur la table mercredi pr\u00e9voit \u00e9galement des commandes communes pour les arm\u00e9es de l&rsquo;UE et de l&rsquo;Ukraine, visant \u00e0 inciter les fabricants d&rsquo;obus \u00e0 augmenter leurs capacit\u00e9s.<\/p>\n\n\n\n<p>L&rsquo;Ukraine, soutenue par des pays comme l&rsquo;Estonie, souhaite davantage.<\/p>\n\n\n\n<p>\u00ab\u00a0Ce n&rsquo;est pas assez parce que nous avons besoin d&rsquo;un million d&rsquo;obus, donc environ quatre milliards d&rsquo;euros\u00a0\u00bb, a plaid\u00e9 M. Reznikov. \u00ab\u00a0Il nous faut plus!\u00a0\u00bb.<\/p>\n\n\n\n<p>L&rsquo;UE veut aussi \u00e9viter de voir son plan frein\u00e9 par la bureaucratie.<\/p>\n\n\n\n<p>Une des questions reste de savoir si les commandes doivent \u00eatre pass\u00e9es par l&rsquo;agence de d\u00e9fense de l&rsquo;Union europ\u00e9enne, ou par des Etats membres avec plus d&rsquo;exp\u00e9rience de ce type de contrats.<\/p>\n\n\n\n<p>Autre point de d\u00e9saccord: l&rsquo;hypoth\u00e8se d&rsquo;acheter des obus hors d&rsquo;Europe, fa\u00e7on d&rsquo;aller plus vite selon certains mais sans soutenir le complexe militaro-industriel europ\u00e9en s&rsquo;inqui\u00e8tent d&rsquo;autres.<\/p>\n\n\n\n<p>\u00ab\u00a0S&rsquo;il y a des livraisons possibles d&rsquo;autres pays, je ne crois pas que nous devrions exclure cette possibilit\u00e9\u00a0\u00bb, a estim\u00e9 le ministre su\u00e9dois P\u00e5l Jonson. \u00ab\u00a0Je crois que la priorit\u00e9 doit \u00eatre d&rsquo;aider l&rsquo;Ukraine et de trouver des moyens d&rsquo;y parvenir\u00a0\u00bb.<\/p>\n\n\n\n<p>La consensus r\u00e8gne en revanche au sein des 27 sur le fait qu&rsquo;apr\u00e8s les nombreuses ann\u00e9es de d\u00e9sinvestissement militaire post-guerre froide et de conflits dits asym\u00e9triques, il faut se pr\u00e9parer de nouveau aux conflits entre grandes puissances.<\/p>\n\n\n\n<p>\u00ab\u00a0Nous sommes \u00e0 un moment d\u00e9cisif de notre soutien \u00e0 l&rsquo;Ukraine, et il est absolument imp\u00e9ratif que nous allions vers une forme de mode +\u00e9conomie de guerre+\u00a0\u00bb, a insist\u00e9 le commissaire europ\u00e9en au March\u00e9 int\u00e9rieur, Thierry Breton.<\/p>\n\n\n\n<p>Outre des commandes communes, le commissaire doit notamment plaider aupr\u00e8s des ministres du besoin de d\u00e9bloquer davantage de fonds pour des capacit\u00e9s industrielles et des pr\u00eats favorables.<\/p>\n\n\n\n<p>\u00ab\u00a0Nous devons clairement \u00eatre s\u00fbrs que nous pouvons augmenter drastiquement notre capacit\u00e9 \u00e0 produire davantage en Europe\u00a0\u00bb, a plaid\u00e9 l&rsquo;ancien ministre fran\u00e7ais.<\/p>\n\n\n\n<p>Par Max DELANY<\/p>\n\n\n\n<p><a href=\"https:\/\/information.tv5monde.com\/auteur\/afp\">AF<\/a><\/p>\n","protected":false},"excerpt":{"rendered":"<p>\u00ab\u00a0Activer le mode \u00e9conomie de guerre\u00a0\u00bb: les ministres de la D\u00e9fense de l&rsquo;Union europ\u00e9enne peaufinent mercredi un plan de livraisons<\/p>\n","protected":false},"author":1,"featured_media":8291,"comment_status":"open","ping_status":"open","sticky":false,"template":"","format":"standard","meta":{"footnotes":""},"categories":[51],"tags":[],"class_list":["post-8290","post","type-post","status-publish","format-standard","has-post-thumbnail","hentry","category-general"],"_links":{"self":[{"href":"https:\/\/dekkbi.com\/index.php?rest_route=\/wp\/v2\/posts\/8290","targetHints":{"allow":["GET"]}}],"collection":[{"href":"https:\/\/dekkbi.com\/index.php?rest_route=\/wp\/v2\/posts"}],"about":[{"href":"https:\/\/dekkbi.com\/index.php?rest_route=\/wp\/v2\/types\/post"}],"author":[{"embeddable":true,"href":"https:\/\/dekkbi.com\/index.php?rest_route=\/wp\/v2\/users\/1"}],"replies":[{"embeddable":true,"href":"https:\/\/dekkbi.com\/index.php?rest_route=%2Fwp%2Fv2%2Fcomments&post=8290"}],"version-history":[{"count":1,"href":"https:\/\/dekkbi.com\/index.php?rest_route=\/wp\/v2\/posts\/8290\/revisions"}],"predecessor-version":[{"id":8292,"href":"https:\/\/dekkbi.com\/index.php?rest_route=\/wp\/v2\/posts\/8290\/revisions\/8292"}],"wp:featuredmedia":[{"embeddable":true,"href":"https:\/\/dekkbi.com\/index.php?rest_route=\/wp\/v2\/media\/8291"}],"wp:attachment":[{"href":"https:\/\/dekkbi.com\/index.php?rest_route=%2Fwp%2Fv2%2Fmedia&parent=8290"}],"wp:term":[{"taxonomy":"category","embeddable":true,"href":"https:\/\/dekkbi.com\/index.php?rest_route=%2Fwp%2Fv2%2Fcategories&post=8290"},{"taxonomy":"post_tag","embeddable":true,"href":"https:\/\/dekkbi.com\/index.php?rest_route=%2Fwp%2Fv2%2Ftags&post=8290"}],"curies":[{"name":"wp","href":"https:\/\/api.w.org\/{rel}","templated":true}]}}