{"id":8288,"date":"2023-03-08T13:37:26","date_gmt":"2023-03-08T13:37:26","guid":{"rendered":"https:\/\/dekkbi.com\/?p=8288"},"modified":"2023-03-08T14:30:21","modified_gmt":"2023-03-08T14:30:21","slug":"toute-personne-arrivant-illegalement-dans-notre-pays-sera-renvoyee-le-projet-de-loi-britannique-denonce-par-les-nations-unies","status":"publish","type":"post","link":"https:\/\/dekkbi.com\/?p=8288","title":{"rendered":"\u201cToute personne arrivant ill\u00e9galement dans notre pays sera renvoy\u00e9e\u201d"},"content":{"rendered":"\n<p class=\"has-medium-font-size\">: le projet de loi britannique d\u00e9nonc\u00e9 par les Nations unies<\/p>\n\n\n\n<p>La ministre britannique de l&rsquo;Int\u00e9rieur Suella Braverman a admis mardi, alors qu&rsquo;elle doit pr\u00e9senter son projet \u00e0 la Chambre des communes, que sa nouvelle loi sur l&rsquo;asile \u201crepouss (ait) les limites du droit international\u201d. Cette approche est cependant n\u00e9cessaire selon elle, car le syst\u00e8me est \u201csurcharg\u00e9\u201d et l&rsquo;afflux de r\u00e9fugi\u00e9s traversant la Manche doit cesser, juge-t-elle.<\/p>\n\n\n\n<p>Concr\u00e8tement, toute personne arriv\u00e9e ill\u00e9galement sur le territoire britannique sera d\u00e9tenue dans un centre d&rsquo;accueil tel que des bases militaires ou des maisons \u00e9tudiantes. Ces migrants seront ensuite exp\u00e9di\u00e9s vers le Rwanda ou un autre pays. Le droit de demander l&rsquo;asile leur sera retir\u00e9.<\/p>\n\n\n\n<h2 class=\"wp-block-heading\">\u201cReprendre le contr\u00f4le de nos fronti\u00e8res\u201d<\/h2>\n\n\n\n<p>\u00ab\u00a0Cette loi va envoyer un signal clair: toute personne arrivant ill\u00e9galement dans notre pays sera renvoy\u00e9e\u00a0\u00bb, a comment\u00e9 le Premier ministre conservateur Rishi Sunak dans le quotidien The Sun, qui ambitionne de \u00ab\u00a0reprendre le contr\u00f4le de nos fronti\u00e8res une bonne fois pour toutes\u00a0\u00bb.<\/p>\n\n\n\n<h2 class=\"wp-block-heading\">Des voix critiques s\u2019\u00e9l\u00e8vent contre le projet<\/h2>\n\n\n\n<p>\u00ab\u00a0Le Premier ministre et moi-m\u00eame avons travaill\u00e9 sans rel\u00e2che pour \u00e9laborer une proposition de loi. Nous avons repouss\u00e9 les limites du droit international pour r\u00e9soudre cette crise\u00a0\u00bb, ench\u00e9rit Mme Braverman dans le journal The Telegraph. Des voix critiques s&rsquo;\u00e9l\u00e8vent contre ce projet de loi, jug\u00e9 \u00ab\u00a0irr\u00e9alisable\u00a0\u00bb. Elles soulignent \u00e9galement que des milliers de migrants vont \u00eatre abandonn\u00e9s dans les limbes car ils ne pourront jamais pr\u00e9tendre \u00e0 la nationalit\u00e9 britannique.<\/p>\n\n\n\n<blockquote class=\"wp-block-quote is-layout-flow wp-block-quote-is-layout-flow\">\n<p>\u00ab\u00a0La loi, si elle est adopt\u00e9e, reviendra \u00e0 mettre fin au droit d&rsquo;asile\u201dHaut-Commissariat des Nations unies pour les r\u00e9fugi\u00e9s (UNHCR)<\/p>\n<\/blockquote>\n\n\n\n<p>Pour le Haut-Commissariat des Nations unies pour les r\u00e9fugi\u00e9s, le projet de loi \u00e9quivaut \u00e0 \u00ab\u00a0une interdiction d&rsquo;asile\u00a0\u00bb. \u00ab\u00a0La loi, si elle est adopt\u00e9e, reviendra \u00e0 mettre fin au droit d&rsquo;asile &#8211; privant ceux qui arrivent ill\u00e9galement au Royaume-Uni du droit de chercher la protection accord\u00e9e \u00e0 un r\u00e9fugi\u00e9, quelles que soient l&rsquo;authenticit\u00e9 et l&rsquo;urgence de leur demande\u00a0\u00bb, a d\u00e9clar\u00e9 le Haut-Commissariat aux r\u00e9fugi\u00e9s (UNHCR) dans un communiqu\u00e9.<\/p>\n\n\n\n<h2 class=\"wp-block-heading\">Accord avec le Rwanda<\/h2>\n\n\n\n<p>Le Royaume-Uni a conclu un accord controvers\u00e9 avec le Rwanda, en vertu duquel les r\u00e9fugi\u00e9s arriv\u00e9s clandestinement par la Manche sur l&rsquo;\u00eele pourront \u00eatre envoy\u00e9s vers le pays d&rsquo;Afrique de l&rsquo;Est. En \u00e9change, Londres s&rsquo;est engag\u00e9e \u00e0 payer 140 millions d&rsquo;euros. En juin, un premier vol cens\u00e9 transporter des migrants vers le Rwanda avait \u00e9t\u00e9 annul\u00e9, apr\u00e8s une d\u00e9cision en urgence de la Cour europ\u00e9enne des droits de l&rsquo;homme. Depuis, aucun vol n&rsquo;a eu lieu. La justice britannique a cependant valid\u00e9 le projet en d\u00e9cembre dernier.<\/p>\n","protected":false},"excerpt":{"rendered":"<p>: le projet de loi britannique d\u00e9nonc\u00e9 par les Nations unies La ministre britannique de l&rsquo;Int\u00e9rieur Suella Braverman a admis<\/p>\n","protected":false},"author":1,"featured_media":7717,"comment_status":"open","ping_status":"open","sticky":false,"template":"","format":"standard","meta":{"footnotes":""},"categories":[51],"tags":[],"class_list":["post-8288","post","type-post","status-publish","format-standard","has-post-thumbnail","hentry","category-general"],"_links":{"self":[{"href":"https:\/\/dekkbi.com\/index.php?rest_route=\/wp\/v2\/posts\/8288","targetHints":{"allow":["GET"]}}],"collection":[{"href":"https:\/\/dekkbi.com\/index.php?rest_route=\/wp\/v2\/posts"}],"about":[{"href":"https:\/\/dekkbi.com\/index.php?rest_route=\/wp\/v2\/types\/post"}],"author":[{"embeddable":true,"href":"https:\/\/dekkbi.com\/index.php?rest_route=\/wp\/v2\/users\/1"}],"replies":[{"embeddable":true,"href":"https:\/\/dekkbi.com\/index.php?rest_route=%2Fwp%2Fv2%2Fcomments&post=8288"}],"version-history":[{"count":2,"href":"https:\/\/dekkbi.com\/index.php?rest_route=\/wp\/v2\/posts\/8288\/revisions"}],"predecessor-version":[{"id":8294,"href":"https:\/\/dekkbi.com\/index.php?rest_route=\/wp\/v2\/posts\/8288\/revisions\/8294"}],"wp:featuredmedia":[{"embeddable":true,"href":"https:\/\/dekkbi.com\/index.php?rest_route=\/wp\/v2\/media\/7717"}],"wp:attachment":[{"href":"https:\/\/dekkbi.com\/index.php?rest_route=%2Fwp%2Fv2%2Fmedia&parent=8288"}],"wp:term":[{"taxonomy":"category","embeddable":true,"href":"https:\/\/dekkbi.com\/index.php?rest_route=%2Fwp%2Fv2%2Fcategories&post=8288"},{"taxonomy":"post_tag","embeddable":true,"href":"https:\/\/dekkbi.com\/index.php?rest_route=%2Fwp%2Fv2%2Ftags&post=8288"}],"curies":[{"name":"wp","href":"https:\/\/api.w.org\/{rel}","templated":true}]}}