{"id":8265,"date":"2023-03-08T12:56:17","date_gmt":"2023-03-08T12:56:17","guid":{"rendered":"https:\/\/dekkbi.com\/?p=8265"},"modified":"2023-03-08T12:56:18","modified_gmt":"2023-03-08T12:56:18","slug":"idrissa-seck-agace-par-le-retard-du-decret-de-la-presidence","status":"publish","type":"post","link":"https:\/\/dekkbi.com\/?p=8265","title":{"rendered":"Idrissa Seck agac\u00e9 par le retard du d\u00e9cret de la Pr\u00e9sidence"},"content":{"rendered":"\n<p><strong>La session ordinaire du Conseil \u00e9conomique, social et environnemental (CESE) a \u00e9t\u00e9 retard\u00e9e hier en raison d\u2019un probl\u00e8me administratif concernant les convocations qui n\u2019ont pas \u00e9t\u00e9 envoy\u00e9es \u00e0 temps aux conseillers. Dans de propos rapport\u00e9s par le journal \u2018l\u2019AS, le pr\u00e9sident de l\u2019institution, Idrissa Seck, a exprim\u00e9 son m\u00e9contentement envers ce retard.<\/strong><\/p>\n\n\n\n<p><em>\u00ab&nbsp;Nous aurions d\u00fb proc\u00e9der \u00e0 l\u2019ouverture de la session ce matin, mais en raison de raisons administratives strictes, la secr\u00e9taire g\u00e9n\u00e9rale du CESE attendait le d\u00e9cret physique de convocation de la session qui devait venir de la Pr\u00e9sidence, et qui a \u00e9t\u00e9 retard\u00e9 pour une raison inconnue&nbsp;\u00bb,<\/em>&nbsp;a d\u00e9clar\u00e9 M. Seck.<\/p>\n\n\n\n<p>Le d\u00e9cret est un document officiel qui convoque la session, et sans lui, la session ne peut pas commencer. Le pr\u00e9sident du CESE a d\u00e9clar\u00e9 que<em>&nbsp;\u00ab&nbsp;lorsque le d\u00e9cret a \u00e9t\u00e9 communiqu\u00e9, il a tenu lieu de d\u00e9cret, et il n\u2019est pas n\u00e9cessaire d\u2019attendre le d\u00e9cret physique&nbsp;\u00bb<\/em>. Cependant, il est surprenant que le d\u00e9cret ait \u00e9t\u00e9 retard\u00e9, surtout \u00e9tant donn\u00e9 que le pr\u00e9sident de la R\u00e9publique devait partir en tourn\u00e9e \u00e9conomique \u00e0 S\u00e9dhiou.<\/p>\n\n\n\n<p>M. Seck a d\u00e9clar\u00e9 que lorsqu\u2019il a annonc\u00e9 hier que la session serait report\u00e9e en raison de l\u2019absence du d\u00e9cret, son coll\u00e8gue de la Pr\u00e9sidence ne comprenait pas, car il avait pris toutes les dispositions pour signer le d\u00e9cret avant son d\u00e9part. Ce genre de situation montre selon lui les d\u00e9fauts de l\u2019administration s\u00e9n\u00e9galaise, o\u00f9\u00a0<em>\u00ab\u00a0parfois, l\u2019autorit\u00e9 \u00e9met sa volont\u00e9, mais il peut y avoir du temps pour l\u2019ex\u00e9cution\u00a0\u00bb.<\/em><\/p>\n\n\n\n<p>SOURCE SENEGO<\/p>\n","protected":false},"excerpt":{"rendered":"<p>La session ordinaire du Conseil \u00e9conomique, social et environnemental (CESE) a \u00e9t\u00e9 retard\u00e9e hier en raison d\u2019un probl\u00e8me administratif concernant<\/p>\n","protected":false},"author":1,"featured_media":0,"comment_status":"open","ping_status":"open","sticky":false,"template":"","format":"standard","meta":{"footnotes":""},"categories":[6],"tags":[],"class_list":["post-8265","post","type-post","status-publish","format-standard","hentry","category-politics"],"_links":{"self":[{"href":"https:\/\/dekkbi.com\/index.php?rest_route=\/wp\/v2\/posts\/8265","targetHints":{"allow":["GET"]}}],"collection":[{"href":"https:\/\/dekkbi.com\/index.php?rest_route=\/wp\/v2\/posts"}],"about":[{"href":"https:\/\/dekkbi.com\/index.php?rest_route=\/wp\/v2\/types\/post"}],"author":[{"embeddable":true,"href":"https:\/\/dekkbi.com\/index.php?rest_route=\/wp\/v2\/users\/1"}],"replies":[{"embeddable":true,"href":"https:\/\/dekkbi.com\/index.php?rest_route=%2Fwp%2Fv2%2Fcomments&post=8265"}],"version-history":[{"count":1,"href":"https:\/\/dekkbi.com\/index.php?rest_route=\/wp\/v2\/posts\/8265\/revisions"}],"predecessor-version":[{"id":8266,"href":"https:\/\/dekkbi.com\/index.php?rest_route=\/wp\/v2\/posts\/8265\/revisions\/8266"}],"wp:attachment":[{"href":"https:\/\/dekkbi.com\/index.php?rest_route=%2Fwp%2Fv2%2Fmedia&parent=8265"}],"wp:term":[{"taxonomy":"category","embeddable":true,"href":"https:\/\/dekkbi.com\/index.php?rest_route=%2Fwp%2Fv2%2Fcategories&post=8265"},{"taxonomy":"post_tag","embeddable":true,"href":"https:\/\/dekkbi.com\/index.php?rest_route=%2Fwp%2Fv2%2Ftags&post=8265"}],"curies":[{"name":"wp","href":"https:\/\/api.w.org\/{rel}","templated":true}]}}