{"id":8262,"date":"2023-03-08T12:39:28","date_gmt":"2023-03-08T12:39:28","guid":{"rendered":"https:\/\/dekkbi.com\/?p=8262"},"modified":"2023-03-08T12:39:29","modified_gmt":"2023-03-08T12:39:29","slug":"bleues-diacre-reste-determinee-et-denonce-une-operation-de-destabilisation","status":"publish","type":"post","link":"https:\/\/dekkbi.com\/?p=8262","title":{"rendered":"Bleues: Diacre reste \u00ab\u00a0d\u00e9termin\u00e9e\u00a0\u00bb et d\u00e9nonce une \u00ab\u00a0op\u00e9ration de d\u00e9stabilisation\u00a0\u00bb"},"content":{"rendered":"\n<p><a href=\"https:\/\/www.addthis.com\/bookmark.php?v=300\"><\/a><a href=\"https:\/\/www.addthis.com\/bookmark.php?v=300\"><\/a><a rel=\"noreferrer noopener\" href=\"https:\/\/www.addthis.com\/bookmark.php?v=300\" target=\"_blank\"><\/a><a rel=\"noreferrer noopener\" href=\"https:\/\/www.addthis.com\/bookmark.php?v=300\" target=\"_blank\"><\/a>La s\u00e9lectionneuse Corinne Diacre, critiqu\u00e9e par plusieurs internationales, se dit \u00ab\u00a0pleinement d\u00e9termin\u00e9e \u00e0 mener (sa) mission\u00a0\u00bb au Mondial-2023 avec l&rsquo;\u00e9quipe de France en d\u00e9pit d&rsquo;une \u00ab\u00a0op\u00e9ration de d\u00e9stabilisation\u00a0\u00bb, dans un communiqu\u00e9 transmis mercredi \u00e0 l&rsquo;AFP.<\/p>\n\n\n\n<p>\u00ab\u00a0Au regard du d\u00e9cha\u00eenement m\u00e9diatique honteux de ces derniers jours, je souhaite n\u00e9anmoins r\u00e9affirmer publiquement (&#8230;) que je suis pleinement d\u00e9termin\u00e9e \u00e0 mener ma mission \u00e0 bien et, surtout, \u00e0 faire honneur \u00e0 la France lors de la prochaine Coupe du monde\u00a0\u00bb cet \u00e9t\u00e9 en Australie, affirme la patronne des Bleues \u00e0 la veille d&rsquo;un comit\u00e9 ex\u00e9cutif f\u00e9d\u00e9ral o\u00f9 son avenir sera discut\u00e9.<\/p>\n\n\n\n<p>Diacre, en poste depuis 2017 et sous contrat jusqu&rsquo;\u00e0 l&rsquo;\u00e9t\u00e9 2024, est vis\u00e9e par des critiques de cadres de l&rsquo;\u00e9quipe de France, parmi lesquelles la capitaine Wendie Renard et les attaquantes vedettes Marie-Antoinette Katoto et Kadidiatou Diani, qui ont d\u00e9cid\u00e9 de se mettre en retrait de la s\u00e9lection.<\/p>\n\n\n\n<p>\u00ab\u00a0Depuis plus de dix jours, je fais l&rsquo;objet d&rsquo;une campagne de d\u00e9nigrement qui stup\u00e9fie par sa violence et sa malhonn\u00eatet\u00e9. Mes d\u00e9tracteurs n&rsquo;h\u00e9sitent pas &#8212; sans s&#8217;embarrasser de la v\u00e9rit\u00e9 &#8212; \u00e0 s&rsquo;attaquer \u00e0 mon int\u00e9grit\u00e9 personnelle et professionnelle, \u00e0 quatre mois de la Coupe du monde\u00a0\u00bb, affirme la technicienne dans le communiqu\u00e9 transmis par son avocat, Christophe Ayela.<\/p>\n\n\n\n<p>\u00ab\u00a0Je ne me laisserai pas atteindre par cette op\u00e9ration de d\u00e9stabilisation, qui ne prend pas en compte mon bilan sportif, et qui a pour seul objectif un r\u00e8glement de compte personnel\u00a0\u00bb, ass\u00e8ne l&rsquo;ancienne entra\u00eeneure de l&rsquo;\u00e9quipe masculine de Clermont (L2).<\/p>\n\n\n\n<p>La s\u00e9lectionneuse affirme avoir \u00ab\u00a0d\u00e9cid\u00e9 de ne pas y r\u00e9pondre\u00a0\u00bb dans un premier temps, au nom de \u00ab\u00a0l&rsquo;int\u00e9r\u00eat de l&rsquo;\u00e9quipe nationale\u00a0\u00bb et dit avoir \u00ab\u00a0endur\u00e9, non sans ressentir une grande souffrance, l&rsquo;\u00e9talage des calomnies, des contrev\u00e9rit\u00e9s et des ambitions des uns et des autres\u00a0\u00bb.<\/p>\n\n\n\n<p>Diacre a \u00e9t\u00e9 auditionn\u00e9e mardi, selon son avocat, par les membres de la commission f\u00e9d\u00e9rale dont fait partie Jean-Michel Aulas, le patron de l&rsquo;Olympique lyonnais, lequel a laiss\u00e9 transparaitre son souhait de la voir partir ces derniers jours.<\/p>\n\n\n\n<p>\u00ab\u00a0Je remercie monsieur Jean-Michel Aulas de m&rsquo;avoir, au regard des \u00e9l\u00e9ments d&rsquo;information d&rsquo;ores et d\u00e9j\u00e0 recueillis par la commission, assur\u00e9 qu&rsquo;il \u00e9tait pr\u00eat \u00e0 revenir sur ses propos publics en consid\u00e9rant d\u00e9sormais la situation avec objectivit\u00e9 et impartialit\u00e9\u00a0\u00bb, affirme-t-elle.<\/p>\n\n\n\n<p>Le comit\u00e9 ex\u00e9cutif de la F\u00e9d\u00e9ration fran\u00e7aise de football, o\u00f9 si\u00e8ge M. Aulas, se r\u00e9unit jeudi \u00e0 Paris pour \u00e9voquer notamment l&rsquo;avenir de Diacre \u00e0 la t\u00eate des Bleues.<\/p>\n\n\n\n<p><a href=\"https:\/\/information.tv5monde.com\/auteur\/afp\">AFP<\/a><\/p>\n\n\n\n<p>\u00a9 2023 AFP<\/p>\n\n\n\n<p>Mise \u00e0 jour 08.03.2023 \u00e0 13:0<\/p>\n","protected":false},"excerpt":{"rendered":"<p>La s\u00e9lectionneuse Corinne Diacre, critiqu\u00e9e par plusieurs internationales, se dit \u00ab\u00a0pleinement d\u00e9termin\u00e9e \u00e0 mener (sa) mission\u00a0\u00bb au Mondial-2023 avec l&rsquo;\u00e9quipe<\/p>\n","protected":false},"author":1,"featured_media":8263,"comment_status":"open","ping_status":"open","sticky":false,"template":"","format":"standard","meta":{"footnotes":""},"categories":[9],"tags":[],"class_list":["post-8262","post","type-post","status-publish","format-standard","has-post-thumbnail","hentry","category-sports"],"_links":{"self":[{"href":"https:\/\/dekkbi.com\/index.php?rest_route=\/wp\/v2\/posts\/8262","targetHints":{"allow":["GET"]}}],"collection":[{"href":"https:\/\/dekkbi.com\/index.php?rest_route=\/wp\/v2\/posts"}],"about":[{"href":"https:\/\/dekkbi.com\/index.php?rest_route=\/wp\/v2\/types\/post"}],"author":[{"embeddable":true,"href":"https:\/\/dekkbi.com\/index.php?rest_route=\/wp\/v2\/users\/1"}],"replies":[{"embeddable":true,"href":"https:\/\/dekkbi.com\/index.php?rest_route=%2Fwp%2Fv2%2Fcomments&post=8262"}],"version-history":[{"count":1,"href":"https:\/\/dekkbi.com\/index.php?rest_route=\/wp\/v2\/posts\/8262\/revisions"}],"predecessor-version":[{"id":8264,"href":"https:\/\/dekkbi.com\/index.php?rest_route=\/wp\/v2\/posts\/8262\/revisions\/8264"}],"wp:featuredmedia":[{"embeddable":true,"href":"https:\/\/dekkbi.com\/index.php?rest_route=\/wp\/v2\/media\/8263"}],"wp:attachment":[{"href":"https:\/\/dekkbi.com\/index.php?rest_route=%2Fwp%2Fv2%2Fmedia&parent=8262"}],"wp:term":[{"taxonomy":"category","embeddable":true,"href":"https:\/\/dekkbi.com\/index.php?rest_route=%2Fwp%2Fv2%2Fcategories&post=8262"},{"taxonomy":"post_tag","embeddable":true,"href":"https:\/\/dekkbi.com\/index.php?rest_route=%2Fwp%2Fv2%2Ftags&post=8262"}],"curies":[{"name":"wp","href":"https:\/\/api.w.org\/{rel}","templated":true}]}}