{"id":8246,"date":"2023-03-08T12:06:06","date_gmt":"2023-03-08T12:06:06","guid":{"rendered":"https:\/\/dekkbi.com\/?p=8246"},"modified":"2023-03-08T12:08:20","modified_gmt":"2023-03-08T12:08:20","slug":"hygiene-et-securite-dans-le-milieu-de-la-sante-sept-comites-dhygiene-et-securite-au-travail-chst-formes-et-installes-par-lirtss-dans-la-region","status":"publish","type":"post","link":"https:\/\/dekkbi.com\/?p=8246","title":{"rendered":"Hygi\u00e8ne et s\u00e9curit\u00e9 dans le milieu de la sant\u00e9 : sept CHST form\u00e9s et install\u00e9s par l\u2019IRTSS dans la r\u00e9gion"},"content":{"rendered":"\n<p><strong>Les responsables de l\u2019Inspection R\u00e9gionale du Travail et de la S\u00e9curit\u00e9 Sociale\u00a0(IRTSS) de Saint-Louis\u00a0ont proc\u00e9d\u00e9\u00a0hier,\u00a0mardi\u00a07 Mars,\u00a0\u00e0 l\u2019installation des membres des Comit\u00e9s d\u2019Hygi\u00e8ne et de S\u00e9curit\u00e9 au Travail (CHST) en partenariat avec la Coop\u00e9ration Allemande GIZ. Cela entre dans le cadre de la mise en \u0153uvre du Projet \u00ab\u00a0Ensemble vers la R\u00e9forme du Travail au S\u00e9n\u00e9gal\u00a0\u00bb qui vise \u00e0 accro\u00eetre la transparence, l\u2019uniformit\u00e9 et l\u2019efficacit\u00e9 de l\u2019application du droit par le biais du d\u00e9veloppement organisationnel.<\/strong><\/p>\n\n\n\n<p>Cette activit\u00e9 fait suite aux&nbsp;drames&nbsp;survenus derni\u00e8rement au niveau des h\u00f4pitaux de Lingu\u00e8re et de Tivaouane&nbsp;avec la mort de b\u00e9b\u00e9s.&nbsp;Des instructions fermes ont \u00e9t\u00e9&nbsp;donn\u00e9es par le Minist\u00e8re de la Sant\u00e9 et de l\u2019Action Sociale en collaboration avec le Minist\u00e8re du Travail, du Dialogue Social et des Relations avec les Institutions allant dans le sens de&nbsp;l\u2019installation des diff\u00e9rents&nbsp;comit\u00e9s d\u2019hygi\u00e8ne et de s\u00e9curit\u00e9 dans&nbsp;les&nbsp;\u00e9tablissements&nbsp;publiques et priv\u00e9s&nbsp;de sant\u00e9.&nbsp;D\u2019o\u00f9 cette session de formation initi\u00e9e par&nbsp;l\u2019Inspection&nbsp;R\u00e9gionale du Travail et de la&nbsp;S\u00e9curit\u00e9&nbsp;Sociale&nbsp;de Saint-Louis avec comme objectif le&nbsp;renforcement de capacit\u00e9s&nbsp;et&nbsp;l\u2019installation des membres de sept 7&nbsp;comit\u00e9s d\u2019hygi\u00e8ne et de s\u00e9curit\u00e9 au travail. L\u2019activit\u00e9 est financ\u00e9e par la Coop\u00e9ration Allemande GIZ dans le cadre de la mise en \u0153uvre du Projet \u00ab&nbsp;Ensemble vers la R\u00e9forme du Travail au S\u00e9n\u00e9gal&nbsp;\u00bb. Cette session de formation a permis aux diff\u00e9rents acteurs&nbsp;de passer en revue les conditions de travail des comit\u00e9s d\u2019hygi\u00e8ne et de s\u00e9curit\u00e9 dans les structures publiques et priv\u00e9es sanitaires de la&nbsp;r\u00e9gion Nord. &nbsp;Tout est parti des images insoutenables de fr\u00eales corps d\u2019enfants compl\u00e8tement calcin\u00e9s&nbsp;d\u00e9couverts&nbsp;dans des structures&nbsp;de sant\u00e9&nbsp;du pays&nbsp;et qui&nbsp;sont encore&nbsp;ancr\u00e9es dans&nbsp;les m\u00e9moires &nbsp;des populations&nbsp;s\u00e9n\u00e9galaises.&nbsp;En effet, ces sc\u00e8nes d\u2019horreur avaient &nbsp;pouss\u00e9 &nbsp;les autorit\u00e9s &nbsp;\u00e0 dire&nbsp;\u00ab&nbsp;Stop: Plus jamais &nbsp;\u00e7a dans nos h\u00f4pitaux.&nbsp;\u00bb De l\u2019avis de&nbsp;Cheikh Ameth Tidiane Mboup, contr\u00f4leur du travail&nbsp;en service \u00e0 l\u2019Inspection R\u00e9gionale du Travail et de la S\u00e9curit\u00e9 Sociale de Saint-Louis, cette&nbsp;session de formation&nbsp;est une instruction qui&nbsp;fait suite aux \u00e9v\u00e9nements malheureux qui se sont&nbsp;d\u00e9roul\u00e9s&nbsp;dans diff\u00e9rentes structures sanitaires du pays dont celles de Lingu\u00e8re et de Tivaouane. &nbsp;\u00ab&nbsp;Ces \u00e9v\u00e9nements ont vu la mort de&nbsp;nouveau-n\u00e9s&nbsp;dans des conditions tr\u00e8s atroces. Raison pour laquelle des directives fermes ont \u00e9t\u00e9 donn\u00e9es par les autorit\u00e9s pour l\u2019installation des comit\u00e9s d\u2019hygi\u00e8ne et de s\u00e9curit\u00e9 de fa\u00e7on officielle et concr\u00e8te dans les structures publiques et &nbsp;priv\u00e9es &nbsp;de sant\u00e9. &nbsp;Mais \u00e9galement &nbsp;il fallait renforcer les comp\u00e9tentes des membres pour qu\u2019ils puissent intervenir efficacement &nbsp;dans la pr\u00e9vention &nbsp;avec la gestion des risques professionnels et r\u00e9duire au maximum les dangers dans les structures sanitaires &nbsp;publiques et priv\u00e9es de la r\u00e9gion&nbsp;\u00bb, a&nbsp;fait savoir&nbsp;Cheikh Ameth Tidiane Mboup.&nbsp;Venu&nbsp;repr\u00e9senter&nbsp;le&nbsp;chef du&nbsp;service r\u00e9gional du Travail et de la&nbsp;S\u00e9curit\u00e9&nbsp;Sociale&nbsp;de Saint-Louis,&nbsp;M. Mboup a rappel\u00e9 que&nbsp;le diagnostic profond de l\u2019\u00e9tat des lieux des comit\u00e9s d\u2019hygi\u00e8ne et de&nbsp;s\u00e9curit\u00e9 dans l\u2019efficacit\u00e9 de leurs actions et &nbsp;les limites &nbsp;d\u00e9cel\u00e9es ont permis de planifier des actions \u00e0 mener ult\u00e9rieurement pour \u00eatre plus efficace.&nbsp;\u00ab&nbsp;Nous esp\u00e9rons que les \u00e9changes et les modules dispens\u00e9s&nbsp;seront mis en application sur le terrain &nbsp;pour amoindrir les risques professionnels dans les structures publiques et priv\u00e9es &nbsp;sanitaires et h\u00f4pitaux de la r\u00e9gion de Saint Louis&nbsp;\u00bb, a-t-il dit.&nbsp;Pour Guy&nbsp;Eymard&nbsp;Faye,&nbsp;chef du service&nbsp;des ressources humaines du Centre hospitalier r\u00e9gional&nbsp;de Saint Louis, &nbsp;pour la majeure partie des comit\u00e9s &nbsp;dans les structures sanitaires ne fonctionne&nbsp;pas dans des&nbsp;conditions optimales &nbsp;pour une meilleure am\u00e9lioration du travail des agents.&nbsp;\u00ab&nbsp;Mais&nbsp;pour y rem\u00e9dier, il faut lever certains obstacles dont le principal est la formation des membres&nbsp;\u00bb, a-t-il rappel\u00e9 tout en r\u00e9v\u00e9lant que la principale difficult\u00e9 \u00e0 laquelle les comit\u00e9s d\u2019hygi\u00e8ne et de s\u00e9curit\u00e9 sont confront\u00e9s, c\u2019est la formation de leurs membres&nbsp;parce qu\u2019au-del\u00e0, il y a d\u2019autres membres titulaires et suppl\u00e9ants coopt\u00e9s. Et ces derniers &nbsp;ont besoin de renforcement de capacit\u00e9 pour pouvoir bien mener&nbsp;\u00e0 bien&nbsp;leur mission.<\/p>\n\n\n\n<p>YVES TENDENG SUDQUOTIDIEN<\/p>\n","protected":false},"excerpt":{"rendered":"<p>Les responsables de l\u2019Inspection R\u00e9gionale du Travail et de la S\u00e9curit\u00e9 Sociale\u00a0(IRTSS) de Saint-Louis\u00a0ont proc\u00e9d\u00e9\u00a0hier,\u00a0mardi\u00a07 Mars,\u00a0\u00e0 l\u2019installation des membres des<\/p>\n","protected":false},"author":1,"featured_media":8247,"comment_status":"open","ping_status":"open","sticky":false,"template":"","format":"standard","meta":{"footnotes":""},"categories":[21],"tags":[],"class_list":["post-8246","post","type-post","status-publish","format-standard","has-post-thumbnail","hentry","category-societe"],"_links":{"self":[{"href":"https:\/\/dekkbi.com\/index.php?rest_route=\/wp\/v2\/posts\/8246","targetHints":{"allow":["GET"]}}],"collection":[{"href":"https:\/\/dekkbi.com\/index.php?rest_route=\/wp\/v2\/posts"}],"about":[{"href":"https:\/\/dekkbi.com\/index.php?rest_route=\/wp\/v2\/types\/post"}],"author":[{"embeddable":true,"href":"https:\/\/dekkbi.com\/index.php?rest_route=\/wp\/v2\/users\/1"}],"replies":[{"embeddable":true,"href":"https:\/\/dekkbi.com\/index.php?rest_route=%2Fwp%2Fv2%2Fcomments&post=8246"}],"version-history":[{"count":2,"href":"https:\/\/dekkbi.com\/index.php?rest_route=\/wp\/v2\/posts\/8246\/revisions"}],"predecessor-version":[{"id":8250,"href":"https:\/\/dekkbi.com\/index.php?rest_route=\/wp\/v2\/posts\/8246\/revisions\/8250"}],"wp:featuredmedia":[{"embeddable":true,"href":"https:\/\/dekkbi.com\/index.php?rest_route=\/wp\/v2\/media\/8247"}],"wp:attachment":[{"href":"https:\/\/dekkbi.com\/index.php?rest_route=%2Fwp%2Fv2%2Fmedia&parent=8246"}],"wp:term":[{"taxonomy":"category","embeddable":true,"href":"https:\/\/dekkbi.com\/index.php?rest_route=%2Fwp%2Fv2%2Fcategories&post=8246"},{"taxonomy":"post_tag","embeddable":true,"href":"https:\/\/dekkbi.com\/index.php?rest_route=%2Fwp%2Fv2%2Ftags&post=8246"}],"curies":[{"name":"wp","href":"https:\/\/api.w.org\/{rel}","templated":true}]}}