{"id":8234,"date":"2023-03-08T11:44:40","date_gmt":"2023-03-08T11:44:40","guid":{"rendered":"https:\/\/dekkbi.com\/?p=8234"},"modified":"2023-03-08T11:44:42","modified_gmt":"2023-03-08T11:44:42","slug":"antoine-diome-avertit-a-quelques-jours-du-proces-sonko-mame-mbaye-niang","status":"publish","type":"post","link":"https:\/\/dekkbi.com\/?p=8234","title":{"rendered":"Antoine Diome avertit, \u00e0 quelques jours du Proc\u00e8s Sonko Mame Mbaye Niang !"},"content":{"rendered":"\n<p>A quelques jours du proc\u00e8s devant opposer Mame Mbaye Niang \u00e0 Ousmane Sonko, le ministre de l\u2019Int\u00e9rieur, Antoine F\u00e9lix Diome s\u2019est exprim\u00e9 hier sur la question de la s\u00e9curit\u00e9 publique. Personne ne peut la saper, dit-il.<\/p>\n\n\n\n<p>\u00abSi quelqu&rsquo;un veut remettre en cause les acquis r\u00e9publicains du pays, il pourra le faire avec d&rsquo;autres mais le r\u00e9gime de Macky Sall ne se laissera pas faire \u00bb. Tels sont les propos tenus hier par le ministre de l\u2019Int\u00e9rieur. Antoine F\u00e9llx Abdoulaye Diome qui pr\u00e9sidait la r\u00e9union de pr\u00e9paration de la Ziarra annuelle de Tivaouane, d\u00e9clare que \u00abPersonne ne mettra le feu \u00e0 ce pays \u00bb.<br><br>D&rsquo;apr\u00e8s lui, c&rsquo;est mal conna\u00eetre l&rsquo;Etat que de penser que l&rsquo;administration a une coloration politique. \u00abOpposition comme pouvoir, l&rsquo;Etat prot\u00e8ge tous ses filles et fils. On ne souhaite de d\u00e9m\u00eal\u00e9s judiciaires \u00e0 personne mais si tel est le cas, l&rsquo;Etat prend toutes ses responsabilit\u00e9s sans distinction\u00bb, a-t-il d\u00e9clar\u00e9. Ses propos sont rapport\u00e9s par Lib\u00e9ration.<\/p>\n","protected":false},"excerpt":{"rendered":"<p>A quelques jours du proc\u00e8s devant opposer Mame Mbaye Niang \u00e0 Ousmane Sonko, le ministre de l\u2019Int\u00e9rieur, Antoine F\u00e9lix Diome<\/p>\n","protected":false},"author":1,"featured_media":3943,"comment_status":"open","ping_status":"open","sticky":false,"template":"","format":"standard","meta":{"footnotes":""},"categories":[26],"tags":[],"class_list":["post-8234","post","type-post","status-publish","format-standard","has-post-thumbnail","hentry","category-fait-divers"],"_links":{"self":[{"href":"https:\/\/dekkbi.com\/index.php?rest_route=\/wp\/v2\/posts\/8234","targetHints":{"allow":["GET"]}}],"collection":[{"href":"https:\/\/dekkbi.com\/index.php?rest_route=\/wp\/v2\/posts"}],"about":[{"href":"https:\/\/dekkbi.com\/index.php?rest_route=\/wp\/v2\/types\/post"}],"author":[{"embeddable":true,"href":"https:\/\/dekkbi.com\/index.php?rest_route=\/wp\/v2\/users\/1"}],"replies":[{"embeddable":true,"href":"https:\/\/dekkbi.com\/index.php?rest_route=%2Fwp%2Fv2%2Fcomments&post=8234"}],"version-history":[{"count":1,"href":"https:\/\/dekkbi.com\/index.php?rest_route=\/wp\/v2\/posts\/8234\/revisions"}],"predecessor-version":[{"id":8235,"href":"https:\/\/dekkbi.com\/index.php?rest_route=\/wp\/v2\/posts\/8234\/revisions\/8235"}],"wp:featuredmedia":[{"embeddable":true,"href":"https:\/\/dekkbi.com\/index.php?rest_route=\/wp\/v2\/media\/3943"}],"wp:attachment":[{"href":"https:\/\/dekkbi.com\/index.php?rest_route=%2Fwp%2Fv2%2Fmedia&parent=8234"}],"wp:term":[{"taxonomy":"category","embeddable":true,"href":"https:\/\/dekkbi.com\/index.php?rest_route=%2Fwp%2Fv2%2Fcategories&post=8234"},{"taxonomy":"post_tag","embeddable":true,"href":"https:\/\/dekkbi.com\/index.php?rest_route=%2Fwp%2Fv2%2Ftags&post=8234"}],"curies":[{"name":"wp","href":"https:\/\/api.w.org\/{rel}","templated":true}]}}