{"id":8197,"date":"2023-03-07T16:58:57","date_gmt":"2023-03-07T16:58:57","guid":{"rendered":"https:\/\/dekkbi.com\/?p=8197"},"modified":"2023-03-07T16:58:58","modified_gmt":"2023-03-07T16:58:58","slug":"8-mars-a-cuba-mobilisation-sur-les-reseaux-sociaux-faute-de-pouvoir-defiler","status":"publish","type":"post","link":"https:\/\/dekkbi.com\/?p=8197","title":{"rendered":"8 mars: \u00e0 Cuba, mobilisation sur les r\u00e9seaux sociaux, faute de pouvoir d\u00e9filer"},"content":{"rendered":"\n<p><a href=\"https:\/\/www.addthis.com\/bookmark.php?v=300\"><\/a><a href=\"https:\/\/www.addthis.com\/bookmark.php?v=300\"><\/a><a rel=\"noreferrer noopener\" href=\"https:\/\/www.addthis.com\/bookmark.php?v=300\" target=\"_blank\"><\/a><a rel=\"noreferrer noopener\" href=\"https:\/\/www.addthis.com\/bookmark.php?v=300\" target=\"_blank\"><\/a><\/p>\n\n\n\n<p>D\u00e9filer dans la rue pour d\u00e9fendre les droits des femmes le 8 mars, rien de plus normal dans de nombreux pays. A Cuba, faute de pouvoir manifester, les organisations f\u00e9ministes ind\u00e9pendantes se mobilisent sur les r\u00e9seaux sociaux.<\/p>\n\n\n\n<p>En janvier, trois militantes qui souhaitaient demander aux autorit\u00e9s l&rsquo;autorisation de d\u00e9filer pour la Journ\u00e9e internationale des femmes, ont \u00e9t\u00e9 arr\u00eat\u00e9es et interrog\u00e9es, a d\u00e9nonc\u00e9 sur Twitter le collectif Red Femenina (R\u00e9seau f\u00e9minin) de Cuba.<\/p>\n\n\n\n<p>Le droit de r\u00e9union et de manifestation est reconnu dans la nouvelle Constitution cubaine (2019), mais dans la pratique les manifestations qui ne sont pas organis\u00e9es par le gouvernement sont g\u00e9n\u00e9ralement interdites.<\/p>\n\n\n\n<p>Les c\u00e9l\u00e9brations du 8 mars sont encadr\u00e9es par la F\u00e9d\u00e9ration des femmes cubaines (FMC), li\u00e9e au gouvernement. Chaque ann\u00e9e, diverses activit\u00e9s sont men\u00e9es, notamment dans les entreprises et les \u00e9tablissements scolaires.<\/p>\n\n\n\n<p>Mais la jeune g\u00e9n\u00e9ration de f\u00e9ministes veut aller plus loin.<\/p>\n\n\n\n<p>D\u00e9filer pour d\u00e9fendre publiquement les droits des femmes \u00ab\u00a0c&rsquo;est l&rsquo;objectif dans le monde chaque 8 mars, sauf \u00e0 Cuba\u00a0\u00bb, d\u00e9plorait fin f\u00e9vrier Red Femenina. Le collectif a finalement appel\u00e9 les Cubaines \u00e0 \u00ab\u00a0se joindre\u00a0\u00bb \u00e0 \u00ab\u00a0une manifestation virtuelle\u00a0\u00bb.<\/p>\n\n\n\n<p>&#8211; \u00ab\u00a0Visible\u00a0\u00bb &#8211;<\/p>\n\n\n\n<p>Outre Red Femenina, d&rsquo;autres collectifs f\u00e9ministes cubains comme Yo si te creo (Moi je te crois, ndlr), qui est le nom donn\u00e9 dans le monde hispanique au mouvement #metoo, ou Alas Tensas, ont lanc\u00e9 en 2019 des observatoires de la violence de genre.<\/p>\n\n\n\n<p>Des initiatives qui ont co\u00efncid\u00e9 avec l&rsquo;arriv\u00e9e, \u00e0 partir de 2018, de l&rsquo;Internet mobile sur l&rsquo;\u00eele.<\/p>\n\n\n\n<p>Internet \u00ab\u00a0est notre seul espace de lutte. Nous ne pouvons pas avoir d&rsquo;espace physique car cela est tacitement interdit dans ce pays\u00a0\u00bb, souligne aupr\u00e8s de l&rsquo;AFP Kianay Anandra, 24 ans, journaliste et militante f\u00e9ministe.<\/p>\n\n\n\n<p>Les initiatrices de Yo si te creo ont indiqu\u00e9 \u00e0 l&rsquo;AFP par courrier \u00e9lectronique concentrer leurs efforts sur un appel en faveur d&rsquo;un \u00ab\u00a0Etat d&rsquo;urgence sur les violences de genre\u00a0\u00bb, apr\u00e8s avoir d\u00e9clin\u00e9 un entretien pr\u00e9sentiel face aux \u00ab\u00a0risques particuliers du contexte r\u00e9pressif cubain\u00a0\u00bb.<\/p>\n\n\n\n<p>Depuis d\u00e9but 2023, ces collectifs ont d\u00e9j\u00e0 recens\u00e9 16 f\u00e9minicides sur l&rsquo;\u00eele de 11,1 millions d&rsquo;habitants, contre une trentaine de cas annuels au cours des trois ann\u00e9es pr\u00e9c\u00e9dentes.<\/p>\n\n\n\n<p>Comme d&rsquo;autres mouvements f\u00e9ministes ailleurs dans le monde, ces militantes veulent \u00ab\u00a0rendre visible\u00a0\u00bb un ph\u00e9nom\u00e8ne longtemps pass\u00e9 sous silence, alors que les derni\u00e8res statistiques officielles sur la violence de genre remontent \u00e0 2016 et que le nouveau code p\u00e9nal (2022) n&rsquo;inclut pas la notion de \u00ab\u00a0f\u00e9minicide\u00a0\u00bb.<\/p>\n\n\n\n<p>&#8211; Machette &#8211;<\/p>\n\n\n\n<p>Mayl\u00e9n, Lisbet, Anilec, Misladis&#8230; les collectifs s&rsquo;attachent ainsi \u00e0 donner noms et visages aux victimes tu\u00e9es ou disparues.<\/p>\n\n\n\n<p>Dans leur d\u00e9compte figure Maydeleisis Rosales, disparue en 2021 \u00e0 l&rsquo;\u00e2ge de 16 ans \u00e0 La Havane. \u00ab\u00a0Je veux que ma fille apparaisse morte ou vive (&#8230;) que justice soit faite\u00a0\u00bb, dit \u00e0 l&rsquo;AFP sa m\u00e8re Isis Rodriguez, t\u00e9moignant de sa gratitude aux collectifs qui l&rsquo;accompagnent.<\/p>\n\n\n\n<p>Autre cas, celui de Leydi Bacallao, 17 ans, dont la mort en f\u00e9vrier \u00e0 coups de machette par un ex-compagnon de 49 ans dans un poste de police de l&rsquo;est du pays, a suscit\u00e9 l&rsquo;\u00e9moi dans la soci\u00e9t\u00e9 et sur les r\u00e9seaux sociaux.<\/p>\n\n\n\n<p>Jusqu&rsquo;\u00e0 pousser la FMC, en g\u00e9n\u00e9ral peu \u00e9loquente sur les f\u00e9minicides, \u00e0 r\u00e9agir : \u00ab\u00a0Il n&rsquo;y aura pas d&rsquo;impunit\u00e9\u00a0\u00bb, a tweet\u00e9 Teresa Bou\u00e9, sa secr\u00e9taire g\u00e9n\u00e9rale, appelant \u00e0 \u00ab\u00a0approfondir les actions\u00a0\u00bb pour \u00ab\u00a0\u00e9viter de tels faits\u00a0\u00bb.<\/p>\n\n\n\n<p>Pour Kianay Anandra, il est \u00ab\u00a0ind\u00e9niable\u00a0\u00bb que la R\u00e9volution de 1959 a ouvert \u00ab\u00a0une grande porte\u00a0\u00bb pour les droits des Cubaines.<\/p>\n\n\n\n<p>L&rsquo;\u00eele a \u00e9t\u00e9 le premier pays d&rsquo;Am\u00e9rique latine \u00e0 d\u00e9p\u00e9naliser l&rsquo;avortement d\u00e8s 1965. Les femmes participent de longue date \u00e0 la vie publique et le pays figure parmi ceux comptant le plus grand nombre de d\u00e9put\u00e9es (53,4%).<\/p>\n\n\n\n<p>Mais il faut que l&rsquo;Etat \u00ab\u00a0se r\u00e9nove\u00a0\u00bb dans son combat pour les femmes, estime la militante qui a critiqu\u00e9 sur internet le manque de pr\u00e9cision du \u00ab\u00a0Programme pour l&rsquo;avancement des femmes\u00a0\u00bb lanc\u00e9 par le gouvernement en 2021.<\/p>\n\n\n\n<p>Yanelys Nu\u00f1ez, 33 ans, membre de Alas Tensas exil\u00e9e \u00e0 Madrid, regrette par t\u00e9l\u00e9phone que \u00ab\u00a0quand tu emp\u00eaches le libre droit d&rsquo;association (&#8230;) tu ne permets pas des espaces d&rsquo;\u00e9mancipation\u00a0\u00bb.<\/p>\n\n\n\n<p>Sur son site internet Red Femenina a lanc\u00e9 une p\u00e9tition r\u00e9clamant \u00ab\u00a0une loi sur le genre\u00a0\u00bb, seul moyen, selon le collectif, d&rsquo;avoir des politiques publiques \u00ab\u00a0efficaces\u00a0\u00bb.<\/p>\n\n\n\n<p>Par Leticia PINEDA<\/p>\n\n\n\n<p><a href=\"https:\/\/information.tv5monde.com\/auteur\/afp\">A<\/a><\/p>\n","protected":false},"excerpt":{"rendered":"<p>D\u00e9filer dans la rue pour d\u00e9fendre les droits des femmes le 8 mars, rien de plus normal dans de nombreux<\/p>\n","protected":false},"author":1,"featured_media":8198,"comment_status":"open","ping_status":"open","sticky":false,"template":"","format":"standard","meta":{"footnotes":""},"categories":[46],"tags":[],"class_list":["post-8197","post","type-post","status-publish","format-standard","has-post-thumbnail","hentry","category-technology"],"_links":{"self":[{"href":"https:\/\/dekkbi.com\/index.php?rest_route=\/wp\/v2\/posts\/8197","targetHints":{"allow":["GET"]}}],"collection":[{"href":"https:\/\/dekkbi.com\/index.php?rest_route=\/wp\/v2\/posts"}],"about":[{"href":"https:\/\/dekkbi.com\/index.php?rest_route=\/wp\/v2\/types\/post"}],"author":[{"embeddable":true,"href":"https:\/\/dekkbi.com\/index.php?rest_route=\/wp\/v2\/users\/1"}],"replies":[{"embeddable":true,"href":"https:\/\/dekkbi.com\/index.php?rest_route=%2Fwp%2Fv2%2Fcomments&post=8197"}],"version-history":[{"count":1,"href":"https:\/\/dekkbi.com\/index.php?rest_route=\/wp\/v2\/posts\/8197\/revisions"}],"predecessor-version":[{"id":8199,"href":"https:\/\/dekkbi.com\/index.php?rest_route=\/wp\/v2\/posts\/8197\/revisions\/8199"}],"wp:featuredmedia":[{"embeddable":true,"href":"https:\/\/dekkbi.com\/index.php?rest_route=\/wp\/v2\/media\/8198"}],"wp:attachment":[{"href":"https:\/\/dekkbi.com\/index.php?rest_route=%2Fwp%2Fv2%2Fmedia&parent=8197"}],"wp:term":[{"taxonomy":"category","embeddable":true,"href":"https:\/\/dekkbi.com\/index.php?rest_route=%2Fwp%2Fv2%2Fcategories&post=8197"},{"taxonomy":"post_tag","embeddable":true,"href":"https:\/\/dekkbi.com\/index.php?rest_route=%2Fwp%2Fv2%2Ftags&post=8197"}],"curies":[{"name":"wp","href":"https:\/\/api.w.org\/{rel}","templated":true}]}}