{"id":8186,"date":"2023-03-07T16:41:20","date_gmt":"2023-03-07T16:41:20","guid":{"rendered":"https:\/\/dekkbi.com\/?p=8186"},"modified":"2023-03-07T16:41:21","modified_gmt":"2023-03-07T16:41:21","slug":"enseignement-le-sadef-en-greve-pour-48-heures","status":"publish","type":"post","link":"https:\/\/dekkbi.com\/?p=8186","title":{"rendered":"Enseignement : Le Sadef en gr\u00e8ve pour 48 heures"},"content":{"rendered":"\n<p>Le Syndicat autonome pour le d\u00e9veloppement de l\u2019\u00e9ducation et de la formation (Sadef) entame un nouveau\u00a0plan d\u2019action de gr\u00e8v<a href=\"https:\/\/lequotidien.sn\/enseignement-le-sadef-renoue-avec-la-greve\/\">e<\/a>. Les enseignants, en d\u00e9brayage depuis ce matin \u00e0 10 heures, annoncent une gr\u00e8ve totale de 48 heures. Le mot d\u2019ordre va d\u00e9buter ce 8 mars 2023 et va prendre fin le 9 mars 2023.<\/p>\n\n\n\n<p>Le syndicat exige la r\u00e9gularisation du statut des enseignants d\u00e9cisionnaires. Il r\u00e9clame de m\u00eame la publication des arr\u00eat\u00e9s d\u2019admission au Certificat d\u2019aptitude p\u00e9dagogique (Cap) pour les enseignants et les ma\u00eetres contractuels.<\/p>\n\n\n\n<p>Le rel\u00e8vement de l\u2019\u00e2ge de la retraite \u00e0 65 ans est aussi un \u00e9l\u00e9ment phare de la plateforme revendicative du Sadef.<\/p>\n\n\n\n<p><\/p>\n\n\n\n<p>LEQUOTIDIEN<\/p>\n","protected":false},"excerpt":{"rendered":"<p>Le Syndicat autonome pour le d\u00e9veloppement de l\u2019\u00e9ducation et de la formation (Sadef) entame un nouveau\u00a0plan d\u2019action de gr\u00e8ve. Les<\/p>\n","protected":false},"author":1,"featured_media":8187,"comment_status":"open","ping_status":"open","sticky":false,"template":"","format":"standard","meta":{"footnotes":""},"categories":[26],"tags":[],"class_list":["post-8186","post","type-post","status-publish","format-standard","has-post-thumbnail","hentry","category-fait-divers"],"_links":{"self":[{"href":"https:\/\/dekkbi.com\/index.php?rest_route=\/wp\/v2\/posts\/8186","targetHints":{"allow":["GET"]}}],"collection":[{"href":"https:\/\/dekkbi.com\/index.php?rest_route=\/wp\/v2\/posts"}],"about":[{"href":"https:\/\/dekkbi.com\/index.php?rest_route=\/wp\/v2\/types\/post"}],"author":[{"embeddable":true,"href":"https:\/\/dekkbi.com\/index.php?rest_route=\/wp\/v2\/users\/1"}],"replies":[{"embeddable":true,"href":"https:\/\/dekkbi.com\/index.php?rest_route=%2Fwp%2Fv2%2Fcomments&post=8186"}],"version-history":[{"count":1,"href":"https:\/\/dekkbi.com\/index.php?rest_route=\/wp\/v2\/posts\/8186\/revisions"}],"predecessor-version":[{"id":8188,"href":"https:\/\/dekkbi.com\/index.php?rest_route=\/wp\/v2\/posts\/8186\/revisions\/8188"}],"wp:featuredmedia":[{"embeddable":true,"href":"https:\/\/dekkbi.com\/index.php?rest_route=\/wp\/v2\/media\/8187"}],"wp:attachment":[{"href":"https:\/\/dekkbi.com\/index.php?rest_route=%2Fwp%2Fv2%2Fmedia&parent=8186"}],"wp:term":[{"taxonomy":"category","embeddable":true,"href":"https:\/\/dekkbi.com\/index.php?rest_route=%2Fwp%2Fv2%2Fcategories&post=8186"},{"taxonomy":"post_tag","embeddable":true,"href":"https:\/\/dekkbi.com\/index.php?rest_route=%2Fwp%2Fv2%2Ftags&post=8186"}],"curies":[{"name":"wp","href":"https:\/\/api.w.org\/{rel}","templated":true}]}}